{"id":307230,"date":"2025-08-09T11:45:18","date_gmt":"2025-08-09T11:45:18","guid":{"rendered":"https:\/\/www.europesays.com\/fr\/307230\/"},"modified":"2025-08-09T11:45:18","modified_gmt":"2025-08-09T11:45:18","slug":"lastroballe-prete-a-accueillir-un-tournoi-de-qualification-du-mondial-feminin","status":"publish","type":"post","link":"https:\/\/www.europesays.com\/fr\/307230\/","title":{"rendered":"l&rsquo;Astroballe pr\u00eate \u00e0 accueillir un tournoi de qualification du mondial f\u00e9minin ?"},"content":{"rendered":"<p>                            <img loading=\"lazy\" width=\"1015\" height=\"675\" class=\"attachment-article size-article wp-post-image lazyload\" alt=\"\" decoding=\"async\" src=\"https:\/\/www.europesays.com\/fr\/wp-content\/uploads\/2025\/08\/ASVELbasket.jpg\" data-eio-rwidth=\"1015\" data-eio-rheight=\"675\"\/><\/p>\n<p>(Photo by JEFF PACHOUD \/ AFP)<\/p>\n<p class=\"content\" style=\"font-size:1.2em;font-weight:700\">La F\u00e9d\u00e9ration fran\u00e7aise de basket-ball esp\u00e8re pouvoir accueillir, en mars 2026, un tournoi de qualification du mondial f\u00e9minin \u00e0 Villeurbanne .<\/p>\n<p>Verra-t-on prochainement quelques-unes des meilleures nations du monde sur le parquet de l&rsquo;Astroballe, \u00e0 Villeurbanne ? C&rsquo;est en tout cas le souhait de la F\u00e9d\u00e9ration fran\u00e7aise de basket-ball (FFBB), qui esp\u00e8re accueillir l&rsquo;un des quatre tournois de qualification \u00e0 la Coupe du monde f\u00e9minine dans la salle o\u00f9 \u00e9volue l&rsquo;Asvel. La candidature a \u00e9t\u00e9 d\u00e9pos\u00e9e aupr\u00e8s de l&rsquo;instance internationale, la FIBA, mardi 5 ao\u00fbt.<\/p>\n<p>Ce tournoi de qualification, qui concerne notamment l&rsquo;\u00e9quipe de France, se d\u00e9roulera du 11 au 17 mars 2026 et rev\u00eat un enjeu de taille : il est indispensable pour obtenir sa place au mondial en Allemagne du 4 au 13 septembre suivant.<\/p>\n<p><strong>Lire aussi :<\/strong> <a href=\"https:\/\/www.lyoncapitale.fr\/actualite\/villeurbanne-la-salle-de-basket-de-l-astroballe-bientot-transformee\" target=\"_blank\" rel=\"noreferrer noopener nofollow\">Villeurbanne : la salle de basket de l&rsquo;Astroballe bient\u00f4t transform\u00e9e ?<\/a><\/p>\n<p>\u00ab\u00a0Notre savoir-faire est reconnu en la mati\u00e8re\u00a0\u00bb<\/p>\n<p>\u00ab\u00a0Nous \u00e9changeons avec la FIBA depuis plusieurs mois afin d\u2019organiser \u00e0 nouveau des \u00e9v\u00e9nements internationaux majeurs en France. Notre savoir-faire est reconnu en la mati\u00e8re, tout comme notre capacit\u00e9 \u00e0 mobiliser le public et \u00e0 en faire des f\u00eates populaires\u00a0\u00bb, a indiqu\u00e9 Jean-Pierre Hunckler, pr\u00e9sident de la FFBB. <\/p>\n<p>La Coupe du monde 2026 \u00e0 Berlin opposera seize \u00e9quipes, dont cinq sont directement qualifi\u00e9es : le pays h\u00f4te, l\u2019Allemagne, ainsi que les vainqueurs des comp\u00e9titions continentales, \u00e0 savoir la Belgique, les \u00c9tats-Unis, l\u2019Australie, et le Nigeria. Onze places seront donc \u00e0 pourvoir en qualifications.<\/p>\n","protected":false},"excerpt":{"rendered":"(Photo by JEFF PACHOUD \/ AFP) La F\u00e9d\u00e9ration fran\u00e7aise de basket-ball esp\u00e8re pouvoir accueillir, en mars 2026, un&hellip;\n","protected":false},"author":2,"featured_media":307231,"comment_status":"","ping_status":"","sticky":false,"template":"","format":"standard","meta":{"footnotes":""},"categories":[1414],"tags":[1465,1464,1011,27,60],"class_list":{"0":"post-307230","1":"post","2":"type-post","3":"status-publish","4":"format-standard","5":"has-post-thumbnail","7":"category-basket","8":"tag-basket","9":"tag-basketball","10":"tag-fr","11":"tag-france","12":"tag-sports"},"share_on_mastodon":{"url":"https:\/\/pubeurope.com\/@fr\/114998642327965868","error":""},"_links":{"self":[{"href":"https:\/\/www.europesays.com\/fr\/wp-json\/wp\/v2\/posts\/307230","targetHints":{"allow":["GET"]}}],"collection":[{"href":"https:\/\/www.europesays.com\/fr\/wp-json\/wp\/v2\/posts"}],"about":[{"href":"https:\/\/www.europesays.com\/fr\/wp-json\/wp\/v2\/types\/post"}],"author":[{"embeddable":true,"href":"https:\/\/www.europesays.com\/fr\/wp-json\/wp\/v2\/users\/2"}],"replies":[{"embeddable":true,"href":"https:\/\/www.europesays.com\/fr\/wp-json\/wp\/v2\/comments?post=307230"}],"version-history":[{"count":0,"href":"https:\/\/www.europesays.com\/fr\/wp-json\/wp\/v2\/posts\/307230\/revisions"}],"wp:featuredmedia":[{"embeddable":true,"href":"https:\/\/www.europesays.com\/fr\/wp-json\/wp\/v2\/media\/307231"}],"wp:attachment":[{"href":"https:\/\/www.europesays.com\/fr\/wp-json\/wp\/v2\/media?parent=307230"}],"wp:term":[{"taxonomy":"category","embeddable":true,"href":"https:\/\/www.europesays.com\/fr\/wp-json\/wp\/v2\/categories?post=307230"},{"taxonomy":"post_tag","embeddable":true,"href":"https:\/\/www.europesays.com\/fr\/wp-json\/wp\/v2\/tags?post=307230"}],"curies":[{"name":"wp","href":"https:\/\/api.w.org\/{rel}","templated":true}]}}