{"id":307247,"date":"2025-08-09T11:54:10","date_gmt":"2025-08-09T11:54:10","guid":{"rendered":"https:\/\/www.europesays.com\/fr\/307247\/"},"modified":"2025-08-09T11:54:10","modified_gmt":"2025-08-09T11:54:10","slug":"la-pretendue-fille-cachee-de-freddie-mercury-sexprime-pour-la-premiere-fois","status":"publish","type":"post","link":"https:\/\/www.europesays.com\/fr\/307247\/","title":{"rendered":"la pr\u00e9tendue fille cach\u00e9e de Freddie Mercury s\u2019exprime pour la premi\u00e8re fois"},"content":{"rendered":"<p>Dans le livre Love, Freddie, qui devrait para\u00eetre en septembre prochain, la biographe Lesley-Ann Jones publie les confidences de la suppos\u00e9e fille cach\u00e9e du leader de Queen.<\/p>\n<p class=\"fig-paragraph\">Elle est anonyme et se fait appeler B., personne ne sait qui est sa m\u00e8re, mais le monde entier conna\u00eet celui qu\u2019elle consid\u00e8re comme son p\u00e8re. En septembre prochain, la biographe Lesley-Ann Jones devrait publier les confidences\u00a0<a href=\"http:\/\/madame.lefigaro.fr\/celebrites\/actu-people\/il-etait-et-restera-mon-pere-quarante-huit-ans-plus-tard-une-femme-assure-etre-la-fille-cachee-de-freddie-mercury-20250525\" data-fig-type=\"Article\" data-gtm-custom-categorie=\"navigation\" data-gtm-custom-action=\"crossclick\" data-gtm-custom-label=\"Contextuel\" data-gtm-event=\"customEventSPE\" data-fig-domain=\"MADAME\" rel=\"nofollow noopener\" target=\"_blank\">d\u2019une femme qui affirme \u00eatre la fille cach\u00e9e de Freddie Mercury.<\/a>\u00a0Alors qu\u2019il ne reste plus que quelques semaines avant que Love, Freddie, ne soit disponible en librairie, celle qui est connue sous le nom B. s\u2019est exprim\u00e9e sur le sujet. \u00abJe ne voulais pas partager mon p\u00e8re avec le monde entier\u00bb, a-t-elle d\u00e9clar\u00e9 selon le\u00a0<a href=\"https:\/\/www.dailymail.co.uk\/tvshowbiz\/article-14983499\/Freddie-Mercury-secret-daughter-speaks-time.html\" target=\"_blank\" rel=\"sponsored noopener nofollow\" data-gtm-custom-categorie=\"navigation\" data-gtm-custom-action=\"crossclick\" data-gtm-custom-label=\"Contextuel\" data-gtm-event=\"customEventSPE\">Daily Mail.\u00a0<\/a> \u00abApr\u00e8s sa mort, j\u2019ai d\u00fb apprendre \u00e0 vivre avec les attaques dont il faisait l\u2019objet, les fausses repr\u00e9sentations de lui et avec le sentiment que mon p\u00e8re appartenait d\u00e9sormais \u00e0 tout le monde.\u00bb<\/p>\n<p class=\"fig-paragraph\">Aujourd\u2019hui \u00e2g\u00e9e de 48 ans, B. avait 15 ans lorsque le leader de Queen est d\u00e9c\u00e9d\u00e9 en 1991. \u00abJ\u2019ai pleur\u00e9 et pleur\u00e9 mon p\u00e8re, tandis que les fans du monde entier pleuraient Freddie. Quand on a 15 ans, ce n\u2019est pas facile\u00bb, a-t-elle confi\u00e9. Depuis sa mort, elle a expliqu\u00e9 avoir fait face \u00e0 certaines difficult\u00e9s. \u00abPendant 30 ans, j\u2019ai d\u00fb construire ma vie et ma famille sans lui et accepter qu\u2019il ne soit pas l\u00e0 pour partager les moments de bonheur avec nous\u00bb, a-t-elle d\u00e9clar\u00e9, selon le m\u00e9dia britannique. \u00abPendant 30 ans, alors que le reste du monde r\u00e9interpr\u00e9tait la vie de Mercury, sa musique et tout ce qu\u2019il avait \u00e9t\u00e9, j\u2019avais besoin d\u2019avoir mon p\u00e8re juste pour moi et ma famille.\u00bb<\/p>\n<p class=\"fig-body-link&#10;    \">\n            \u00c0 lire aussi<br \/>\n        <a class=\"fig-body-link__link\" href=\"http:\/\/madame.lefigaro.fr\/celebrites\/actu-people\/jane-benzaquen-la-septuagenaire-qui-affirme-etre-la-fille-cachee-du-roi-hassan-ii-20230828\" data-fig-type=\"Article\" data-gtm-custom-categorie=\"navigation\" data-gtm-custom-action=\"crossclick\" data-gtm-custom-label=\"Contextuel\" data-gtm-event=\"customEventSPE\" data-fig-domain=\"MADAME\" rel=\"nofollow noopener\" target=\"_blank\">Jane Benzaquen, la septuag\u00e9naire qui affirme \u00eatre la fille cach\u00e9e du roi Hassan II<\/a>\n<\/p>\n<p>                                    <a class=\"fig-a11y-skip a11y-hidden\" href=\"#fig-a11y-skip-main-inarticle\"><br \/>\n        Passer la publicit\u00e9<br \/>\n    <\/a><\/p>\n<p>Une enfance loin des projecteurs<\/p>\n<p class=\"fig-paragraph\">Selon les r\u00e9v\u00e9lations du\u00a0<a href=\"https:\/\/www.dailymail.co.uk\/tvshowbiz\/article-14743609\/Freddie-Mercury-secret-daughter-fling-wife-friend-letters-father.html\" target=\"_blank\" rel=\"sponsored noopener nofollow\" data-gtm-custom-categorie=\"navigation\" data-gtm-custom-action=\"crossclick\" data-gtm-custom-label=\"Contextuel\" data-gtm-event=\"customEventSPE\">Daily Mail<\/a> \u00a0au sujet du contenu du livre de Lesley-Ann Jones, B. aurait grandi loin des projecteurs et aurait \u00e9t\u00e9 \u00e9lev\u00e9e par sa m\u00e8re, dont l\u2019identit\u00e9 n\u2019a pas \u00e9t\u00e9 r\u00e9v\u00e9l\u00e9e. Malgr\u00e9 la distance, elle aurait gard\u00e9 un lien \u00e9troit avec Freddie Mercury jusqu\u2019\u00e0 son d\u00e9c\u00e8s. \u00abNous avons eu une relation fusionnelle, tr\u00e8s aimante\u00bb, a-t-elle confi\u00e9.<\/p>\n<p class=\"fig-paragraph\">La famille du chanteur, les membres de Queen, tout comme\u00a0<a href=\"https:\/\/madame.lefigaro.fr\/celebrites\/bohemian-rhapsody-mary-austin-le-grand-amour-de-freddie-mercury-061118-151643\" data-fig-type=\"Article\" data-gtm-custom-categorie=\"navigation\" data-gtm-custom-action=\"crossclick\" data-gtm-custom-label=\"Contextuel\" data-gtm-event=\"customEventSPE\" data-fig-domain=\"MADAME\" rel=\"nofollow noopener\" target=\"_blank\">Mary Austin, ancienne compagne de l\u2019artiste<\/a>, faisaient partie du cercle restreint qui \u00e9tait au courant de l\u2019existence de cette enfant. C\u2019est d\u2019ailleurs elle qui aurait contact\u00e9 Lesley-Ann Jones en 2021 pour briser le silence. Au d\u00e9c\u00e8s de son p\u00e8re, B. aurait re\u00e7u de nombreux journaux intimes dans lesquels l\u2019interpr\u00e8te de Bohemian Rhapsody relatait sa vie personnelle. \u00abApr\u00e8s plus de trois d\u00e9cennies de mensonges, de rumeurs infond\u00e9es et de falsifications, il est temps de laisser Freddie s\u2019exprimer\u00bb, a-t-elle pr\u00e9cis\u00e9, en expliquant la raison pour laquelle elle a d\u00e9cid\u00e9 de partager les journaux intimes du chanteur. Si pour le moment aucune preuve scientifique n\u2019atteste que B. est bel et bien la fille de Freddie Mercury, les r\u00e9v\u00e9lations de cette biographie pourraient d\u00e9j\u00e0 r\u00e9pondre \u00e0 de nombreuses questions \u00e0 ce sujet.<\/p>\n","protected":false},"excerpt":{"rendered":"Dans le livre Love, Freddie, qui devrait para\u00eetre en septembre prochain, la biographe Lesley-Ann Jones publie les confidences&hellip;\n","protected":false},"author":2,"featured_media":307248,"comment_status":"","ping_status":"","sticky":false,"template":"","format":"standard","meta":{"footnotes":""},"categories":[1355],"tags":[58,2773,59,1011,27,1361,873],"class_list":{"0":"post-307247","1":"post","2":"type-post","3":"status-publish","4":"format-standard","5":"has-post-thumbnail","7":"category-musique","8":"tag-divertissement","9":"tag-enfants-de","10":"tag-entertainment","11":"tag-fr","12":"tag-france","13":"tag-music","14":"tag-musique"},"share_on_mastodon":{"url":"https:\/\/pubeurope.com\/@fr\/114998677622097286","error":""},"_links":{"self":[{"href":"https:\/\/www.europesays.com\/fr\/wp-json\/wp\/v2\/posts\/307247","targetHints":{"allow":["GET"]}}],"collection":[{"href":"https:\/\/www.europesays.com\/fr\/wp-json\/wp\/v2\/posts"}],"about":[{"href":"https:\/\/www.europesays.com\/fr\/wp-json\/wp\/v2\/types\/post"}],"author":[{"embeddable":true,"href":"https:\/\/www.europesays.com\/fr\/wp-json\/wp\/v2\/users\/2"}],"replies":[{"embeddable":true,"href":"https:\/\/www.europesays.com\/fr\/wp-json\/wp\/v2\/comments?post=307247"}],"version-history":[{"count":0,"href":"https:\/\/www.europesays.com\/fr\/wp-json\/wp\/v2\/posts\/307247\/revisions"}],"wp:featuredmedia":[{"embeddable":true,"href":"https:\/\/www.europesays.com\/fr\/wp-json\/wp\/v2\/media\/307248"}],"wp:attachment":[{"href":"https:\/\/www.europesays.com\/fr\/wp-json\/wp\/v2\/media?parent=307247"}],"wp:term":[{"taxonomy":"category","embeddable":true,"href":"https:\/\/www.europesays.com\/fr\/wp-json\/wp\/v2\/categories?post=307247"},{"taxonomy":"post_tag","embeddable":true,"href":"https:\/\/www.europesays.com\/fr\/wp-json\/wp\/v2\/tags?post=307247"}],"curies":[{"name":"wp","href":"https:\/\/api.w.org\/{rel}","templated":true}]}}