{"id":307257,"date":"2025-08-09T11:59:09","date_gmt":"2025-08-09T11:59:09","guid":{"rendered":"https:\/\/www.europesays.com\/fr\/307257\/"},"modified":"2025-08-09T11:59:09","modified_gmt":"2025-08-09T11:59:09","slug":"que-faire-de-votre-pc-windows-10-apres-la-fin-des-mises-a-jour","status":"publish","type":"post","link":"https:\/\/www.europesays.com\/fr\/307257\/","title":{"rendered":"Que faire de votre PC Windows\u00a010 apr\u00e8s la fin des mises \u00e0 jour\u2009?"},"content":{"rendered":"<p class=\"ed__a-p ed__bdy__l\">La fin de la prise en charge de Windows\u00a010 <a href=\"https:\/\/www.lesnumeriques.com\/informatique\/windows-10-fete-ses-10-ans-et-microsoft-s-apprete-a-le-debrancher-n240407.html\" title=\"Windows 10 f\u00eate ses 10 ans, mais il lui reste moins de 3 mois \u00e0 vivre\" rel=\"nofollow noopener\" target=\"_blank\">\u00e0 partir du 14\u00a0octobre prochain<\/a>provoque beaucoup de remous. Il est estim\u00e9 que 240\u00a0millions d&rsquo;ordinateurs en parfait \u00e9tat de fonctionnement vont \u00eatre rendus \u00ab\u2009obsol\u00e8te\u2009\u00bb par Microsoft, faute de solution de migration satisfaisante.<\/p>\n<p class=\"ed__a-p ed__bdy__l\">Des <a href=\"https:\/\/www.lesnumeriques.com\/appli-logiciel\/l-abandon-de-windows-10-pourrait-generer-37-millions-de-tonnes-d-equivalent-co2-n222551.html\" title=\"Abandon de Windows 10 : un impact \u00e9cologique colossal en vue\" rel=\"nofollow noopener\" target=\"_blank\">cons\u00e9quences environnementales<\/a> aux <a href=\"https:\/\/www.lesnumeriques.com\/ordinateur-portable\/l-arret-de-windows-10-un-scandale-aussi-bien-social-qu-ecologique-n237109.html\" title=\"L\u2019arr\u00eat de Windows\u00a010, un scandale aussi bien social qu\u2019\u00e9cologique\u00a0?\" rel=\"nofollow noopener\" target=\"_blank\">cons\u00e9quences sociales<\/a> d\u2019une telle d\u00e9cision, rien de tout cela n\u2019est simple. Mais \u00e0 une plus petite \u00e9chelle, qu\u2019est-il vraiment possible de faire avec une machine Windows\u00a010 qui n\u2019est pas \u00e9ligible \u00e0 Windows\u00a011\u2009? Voici quelques pistes si vous ne voulez pas vous d\u00e9barrasser de votre ordinateur qui fonctionne encore tr\u00e8s bien.<\/p>\n<p>            Publicit\u00e9, votre contenu continue ci-dessous<\/p>\n<p>        Publicit\u00e9<\/p>\n<p>1 \u2014 Continuez \u00e0 utiliser Windows\u00a010<\/p>\n<p class=\"ed__a-p ed__bdy__l\">La fin des mises \u00e0 jour de s\u00e9curit\u00e9 gratuite fournie par Microsoft ne veut pas dire que votre ordinateur va se mettre \u00e0 dysfonctionner du jour au lendemain. Cela signifie simplement qu\u2019il ne sera plus prot\u00e9g\u00e9 contre les \u00e9ventuelles menaces et autres virus qui tra\u00eenent sur le Net.<\/p>\n<p class=\"ed__a-p ed__bdy__l\">Continuer \u00e0 utiliser votre machine pr\u00e9sentera donc des risques. Il est important de le souligner. Des risques qui grandiront d\u2019ailleurs au fil du temps, puisque de plus en plus de failles dans le syst\u00e8me d\u2019exploitation seront invariablement d\u00e9couvertes. Cependant, si vous n\u2019avez pas d\u2019autre choix, vous pouvez parfaitement continuer \u00e0 utiliser Windows\u00a010 avec quelques ajustements.<\/p>\n<p>\n                                                                Article recommand\u00e9\u00a0:\u00a0\n    <\/p>\n<p class=\"ed__a-p ed__bdy__l\">Premi\u00e8rement, il faudra redoubler de m\u00e9fiance lors de votre navigation sur le net ou lorsque vous t\u00e9l\u00e9chargez des logiciels. Plus encore qu\u2019avant, votre ordinateur sera une cible facile. T\u00e9l\u00e9chargez uniquement vos fichiers depuis des plateformes de confiance, \u00e9quipez-vous d\u2019un antivirus, supprimez vos logiciels et extensions de navigateur inutilis\u00e9s pour r\u00e9duire les potentielles voies d\u2019infection de votre machine.<\/p>\n<p class=\"ed__a-p ed__bdy__l\">Mais surtout, et avant tout, utilisez de pr\u00e9f\u00e9rence des logiciels qui continueront, eux, \u00e0 \u00eatre mis \u00e0 jour pour Windows\u00a010. Firefox fournit par exemple toujours des mises \u00e0 jour pour Windows\u00a07, c\u2019est donc un pari plut\u00f4t s\u00fbr pour les prochaines ann\u00e9es (Chrome a arr\u00eat\u00e9 en 2023 et n\u2019a pas encore annonc\u00e9 de date couperet pour Windows\u00a010). Sans protection au niveau du syst\u00e8me d\u2019exploitation, garder vos logiciels \u00e0 jour est plus important que jamais.<\/p>\n<p>            Publicit\u00e9, votre contenu continue ci-dessous<\/p>\n<p>        Publicit\u00e9<\/p>\n<p>2 \u2014 Inscrive-vous \u00e0 la prise en charge \u00e9tendue<\/p>\n<p class=\"ed__a-p ed__bdy__l\">Techniquement, Microsoft ne va pas compl\u00e8tement cesser de d\u00e9ployer des mises \u00e0 jour de s\u00e9curit\u00e9 pour Windows\u00a010, mais l\u2019entreprise ne va plus le faire <strong>gratuitement<\/strong>&#8230; Enfin presque. Il est en effet possible de souscrire \u00e0 un an de mise \u00e0 jour suppl\u00e9mentaire sur Windows\u00a010 <a href=\"https:\/\/www.lesnumeriques.com\/appli-logiciel\/windows-10-voici-le-prix-qu-il-faudra-payer-en-2025-pour-utiliser-son-pc-en-toute-securite-n228297.html\" title=\"Windows 10 : voici le prix qu\u2019il faudra payer en 2025 pour utiliser son PC en toute s\u00e9curit\u00e9\" rel=\"nofollow noopener\" target=\"_blank\">pour environ 30\u00a0\u20ac<\/a>. Il suffit pour cela d\u2019adh\u00e9rer au programme de mise \u00e0 jour \u00e9tendue depuis les param\u00e8tres de mise \u00e0 jour de votre PC.<\/p>\n<p class=\"ed__a-p ed__bdy__l\">Fort heureusement, Microsoft a aussi tout r\u00e9cemment annonc\u00e9 des m\u00e9thodes gratuites pour b\u00e9n\u00e9ficier de cette ann\u00e9e suppl\u00e9mentaire de mise \u00e0 jour. Il suffit pour cela d\u2019\u00e9changer 1 000\u00a0points Microsoft ou de synchroniser les param\u00e8tres de votre PC sur le cloud. Si vous voulez en savoir plus sur le sujet, <a href=\"https:\/\/www.lesnumeriques.com\/ordinateur-portable\/comment-continuer-a-recevoir-des-mises-a-jour-windows-10-jusqu-en-octobre-2026-a240363.html\" title=\"Comment continuer \u00e0 recevoir des mises \u00e0 jour Windows\u00a010 jusqu\u2019en octobre 2026\u00a0?\" rel=\"nofollow noopener\" target=\"_blank\">n\u2019h\u00e9sitez pas \u00e0 consulter notre tutoriel d\u00e9taillant la marche \u00e0 suivre<\/a> pour profiter de cet avantage.<\/p>\n<p class=\"ed__a-p ed__bdy__l\"><img loading=\"lazy\" decoding=\"async\" src=\"data:image\/svg+xml,%3Csvg xmlns='http:\/\/www.w3.org\/2000\/svg'%3E%3C\/svg%3E\" draggable=\"false\" width=\"1280\" height=\"720\" class=\"ed__title-xxs\" alt=\"L'assistant d'installation des mises \u00e0 jour \u00e9tendues avec une fl\u00e8che rouge pointant sur le bouton \" suivant=\"\" aspect-ratio:1280=\"\"\/><\/p>\n<p>\u00a9 Corentin B\u00e9chade pour Les Num\u00e9riques<\/p>\n<\/p>\n<p class=\"ed__a-p ed__bdy__l\">Cette option ne vous fera gagner qu\u2019un an de suivi suppl\u00e9mentaire (\u00e0 moins que Microsoft ne change encore d\u2019avis), mais cela est largement pr\u00e9f\u00e9rable \u00e0 l\u2019utilisation d\u2019une machine logiciellement obsol\u00e8te.<\/p>\n<p>3 \u2014 Fa\u00eetes \u00e9voluer vos composants<\/p>\n<p class=\"ed__a-p ed__bdy__l\">Cette solution n\u2019est envisageable que pour une petite partie du parc install\u00e9 (les PC fixes majoritairement) et pour celles et ceux qui n\u2019ont pas peur de mettre les mains dans le cambouis.<\/p>\n<p class=\"ed__a-p ed__bdy__l\">Puisque Windows\u00a011 n\u2019est compatible qu\u2019avec une liste de processeurs pr\u00e9d\u00e9termin\u00e9s, vous pouvez changer celui pr\u00e9sent dans votre ordinateur <a href=\"https:\/\/learn.microsoft.com\/en-us\/windows-hardware\/design\/minimum\/supported\/windows-11-24h2-supported-intel-processors\" target=\"_blank\" rel=\"nofollow noopener\">pour un mod\u00e8le compatible<\/a>. Cela risque de couter cher et d\u2019\u00eatre techniquement complexe, mais cela peut \u00eatre une solution face au rachat complet d\u2019une nouvelle machine.<\/p>\n<p>            Publicit\u00e9, votre contenu continue ci-dessous<\/p>\n<p>        Publicit\u00e9<\/p>\n<p class=\"ed__a-p ed__bdy__l\">Si vous \u00eates bloqu\u00e9 par l\u2019absence d\u2019une puce TPM\u00a02.0 sur votre carte m\u00e8re, v\u00e9rifiez si un emplacement n\u2019est pas disponible pour y installer un module suppl\u00e9mentaire. <a href=\"https:\/\/www.gigabyte.com\/fr\/PC-Accessory\/GC-TPM20-SPI-V2\" target=\"_blank\" rel=\"nofollow noopener\">C\u2019est le cas de certaines cartes Gigabyte notamment<\/a>.<\/p>\n<p class=\"ed__a-p ed__bdy__l\">Attention, cela dit, changer son mat\u00e9riel peut \u00eatre couteux et Windows\u00a011 est plus gourmand en ressource que Windows\u00a010. Si vous optez pour une telle solution, renseignez-vous bien sur les mat\u00e9riels avant d\u2019acheter.<\/p>\n<p>4 \u2014 Installez un syst\u00e8me d\u2019exploitation alternatif<\/p>\n<p class=\"ed__a-p ed__bdy__l\">Cette solution requiert un peu d\u2019expertise, m\u00eame si l\u2019installation d\u2019un OS alternatif n\u2019est plus si technique que \u00e7a aujourd\u2019hui. Le syst\u00e8me le plus largement recommand\u00e9 est Linux avec ses centaines de distributions diff\u00e9rentes.<\/p>\n<p class=\"ed__a-p ed__bdy__l\">Pour une utilisation de base, <a href=\"https:\/\/www.lesnumeriques.com\/informatique\/fin-de-support-pour-windows-10-voici-les-meilleures-distributions-linux-a-installer-a236076.html\" title=\"Fin de support pour Windows 10 : voici les meilleures distributions Linux \u00e0 installer\" rel=\"nofollow noopener\" target=\"_blank\">un des OS les plus populaires ces derni\u00e8res ann\u00e9es se nomme Linux Mint<\/a>. Il embarque \u00e0 peu pr\u00e8s tous les pilotes et applications n\u00e9cessaires \u00e0 la bonne utilisation d\u2019un PC tout en \u00e9tant relativement intuitif pour celles et ceux qui migrent depuis Windows. L\u00e0 aussi, <a href=\"https:\/\/www.lesnumeriques.com\/ordinateur-portable\/redonner-vie-a-un-pc-avec-un-systeme-linux-leger-a161371.html\" title=\"Redonner vie \u00e0 un PC avec un syst\u00e8me Linux l\u00e9ger\" rel=\"nofollow noopener\" target=\"_blank\">nous disposons d\u2019un tutoriel capable de vous accompagner pas \u00e0 pas dans la d\u00e9marche<\/a>.<\/p>\n<p class=\"ed__a-p ed__bdy__l\"><img loading=\"lazy\" decoding=\"async\" src=\"data:image\/svg+xml,%3Csvg xmlns='http:\/\/www.w3.org\/2000\/svg'%3E%3C\/svg%3E\" draggable=\"false\" width=\"1920\" height=\"1200\" class=\"ed__title-xxs\" alt=\"Le bureau de Linux Mint avrc le menu \" d=\"\" ouvert=\"\" aspect-ratio:1920=\"\"\/><\/p>\n<p>L&rsquo;interface de Linux Mint<\/p>\n<p>\u00a9 Linux Mint Team<\/p>\n<\/p>\n<p class=\"ed__a-p ed__bdy__l\">Si vous \u00eates \u00e0 l\u2019aise avec l\u2019\u00e9cosyst\u00e8me Google et que la plupart des vos applications favorites sont d\u00e9j\u00e0 sur le cloud, <a href=\"https:\/\/www.lesnumeriques.com\/ordinateur-portable\/google-veut-donner-une-seconde-vie-a-vos-vieux-pc-avec-chromeos-flex-n187915.html\" title=\"Google veut donner une seconde vie \u00e0 vos vieux PC avec ChromeOS Flex\" rel=\"nofollow noopener\" target=\"_blank\">vous pouvez aussi essayer Chrome OS Flex<\/a>, Il faudra changer pas mal de vos habitudes et compter sur Google pour fournir des mises \u00e0 jour, mais c\u2019est une possibilit\u00e9.<\/p>\n<p class=\"ed__a-p ed__bdy__l\">Attention, avant toute manipulation d\u2019ampleur comme celle-l\u00e0, pensez bien \u00e0 sauvegarder toutes vos donn\u00e9es importantes. On est jamais \u00e0 l\u2019abri d\u2019une mauvaise manipulation.<\/p>\n<p>5 \u2014 Installez-y\u2026 Windows\u00a011<\/p>\n<p class=\"ed__a-p ed__bdy__l\">Si les m\u00e9thodes officielles d\u2019installation de Windows\u00a011 demandent bien des caract\u00e9ristiques techniques tr\u00e8s strictes, il est tout de m\u00eame possible d\u2019installer le nouveau syst\u00e8me d\u2019exploitation sur des machines normalement non compatibles.<\/p>\n<p class=\"ed__a-p ed__bdy__l\"><a href=\"https:\/\/www.lesnumeriques.com\/appli-logiciel\/rufus-permet-d-installer-windows-11-sur-tous-les-pc-et-sans-compte-microsoft-n186473.html\" title=\"Rufus permet d&#039;installer Windows\u00a011 sur tous les PC et sans compte Microsoft\" rel=\"nofollow noopener\" target=\"_blank\">Des logiciels comme Rufus<\/a> simplifient notamment la t\u00e2che et <a href=\"https:\/\/fr.ifixit.com\/Tutoriel\/Comment+installer+Windows+11+sur+un+appareil+non+pris+en+charge\/160527\" target=\"_blank\" rel=\"nofollow noopener\">iFixit dispose d\u2019un tutoriel complet<\/a> pour r\u00e9ussir sa migration.<\/p>\n<p>\n                                                                Article recommand\u00e9\u00a0:\u00a0\n    <\/p>\n<p class=\"ed__a-p ed__bdy__l\">Pour une bonne partie des utilisateurs et utilisatrices, c\u2019est une solution int\u00e9ressante, car elle permet de continuer \u00e0 utiliser Windows et de passer sur le circuit de mise \u00e0 jour de Windows\u00a011, pr\u00e9vu pour durer jusqu\u2019en 2030 et des brouettes.<\/p>\n<p class=\"ed__a-p ed__bdy__l\">Attention, cela dit. S\u2019il est possible de contourner les barri\u00e8res techniques de Microsoft, rien ne dit que l\u2019entreprise ne fera pas la chasse aux machines non compatibles \u00e0 un moment ou \u00e0 un autre. Le suivi logiciel sur le long terme n\u2019est donc pas assur\u00e9.<\/p>\n<p>            Publicit\u00e9, votre contenu continue ci-dessous<\/p>\n<p>        Publicit\u00e9<\/p>\n","protected":false},"excerpt":{"rendered":"La fin de la prise en charge de Windows\u00a010 \u00e0 partir du 14\u00a0octobre prochainprovoque beaucoup de remous. Il&hellip;\n","protected":false},"author":2,"featured_media":307258,"comment_status":"","ping_status":"","sticky":false,"template":"","format":"standard","meta":{"footnotes":""},"categories":[7],"tags":[1011,27,43,40,41,39,42,44],"class_list":{"0":"post-307257","1":"post","2":"type-post","3":"status-publish","4":"format-standard","5":"has-post-thumbnail","7":"category-sciences-et-technologies","8":"tag-fr","9":"tag-france","10":"tag-science","11":"tag-science-and-technology","12":"tag-sciences","13":"tag-sciences-et-technologies","14":"tag-technologies","15":"tag-technology"},"share_on_mastodon":{"url":"https:\/\/pubeurope.com\/@fr\/114998697323755748","error":""},"_links":{"self":[{"href":"https:\/\/www.europesays.com\/fr\/wp-json\/wp\/v2\/posts\/307257","targetHints":{"allow":["GET"]}}],"collection":[{"href":"https:\/\/www.europesays.com\/fr\/wp-json\/wp\/v2\/posts"}],"about":[{"href":"https:\/\/www.europesays.com\/fr\/wp-json\/wp\/v2\/types\/post"}],"author":[{"embeddable":true,"href":"https:\/\/www.europesays.com\/fr\/wp-json\/wp\/v2\/users\/2"}],"replies":[{"embeddable":true,"href":"https:\/\/www.europesays.com\/fr\/wp-json\/wp\/v2\/comments?post=307257"}],"version-history":[{"count":0,"href":"https:\/\/www.europesays.com\/fr\/wp-json\/wp\/v2\/posts\/307257\/revisions"}],"wp:featuredmedia":[{"embeddable":true,"href":"https:\/\/www.europesays.com\/fr\/wp-json\/wp\/v2\/media\/307258"}],"wp:attachment":[{"href":"https:\/\/www.europesays.com\/fr\/wp-json\/wp\/v2\/media?parent=307257"}],"wp:term":[{"taxonomy":"category","embeddable":true,"href":"https:\/\/www.europesays.com\/fr\/wp-json\/wp\/v2\/categories?post=307257"},{"taxonomy":"post_tag","embeddable":true,"href":"https:\/\/www.europesays.com\/fr\/wp-json\/wp\/v2\/tags?post=307257"}],"curies":[{"name":"wp","href":"https:\/\/api.w.org\/{rel}","templated":true}]}}