{"id":307279,"date":"2025-08-09T12:17:19","date_gmt":"2025-08-09T12:17:19","guid":{"rendered":"https:\/\/www.europesays.com\/fr\/307279\/"},"modified":"2025-08-09T12:17:19","modified_gmt":"2025-08-09T12:17:19","slug":"gf38-focus-sur-lestac-premier-adversaire-du-gf38","status":"publish","type":"post","link":"https:\/\/www.europesays.com\/fr\/307279\/","title":{"rendered":"GF38\u00a0: Focus sur l\u2019ESTAC, premier adversaire du GF38"},"content":{"rendered":"<p>Les hommes de Franck Rizzetto d\u00e9butent cette saison 2025-2026 par un d\u00e9placement dans l\u2019Aube ce samedi pour y affronter l\u2019ESTAC. L\u2019occasion de faire un \u00e9tat des lieux de la formation troyenne qui se veut ambitieuse malgr\u00e9 un mercato inachev\u00e9.<\/p>\n<p><strong>Les mouvements du mercato troyen<\/strong><\/p>\n<p>Si l\u2019ESTAC a connu un mercato agit\u00e9 dans le sens des d\u00e9parts avec des b\u00e9n\u00e9fices r\u00e9alis\u00e9s s\u2019\u00e9levant \u00e0 plus de 20 millions d\u2019euros, seulement quatre renforts ont rejoint le club aubois durant la p\u00e9riode estivale. Un mercato inachev\u00e9 sur lequel St\u00e9phane Dumont, l\u2019entraineur troyen, ne souhaite pas s\u2019apitoyer \u00e0 l\u2019aube de cette premi\u00e8re journ\u00e9e\u00a0: \u00ab\u00a0Le r\u00f4le de l\u2019entra\u00eeneur n\u2019est pas d\u2019\u00e9voquer ceux qui sont partis,\u00a0ni <a href=\"https:\/\/www.lest-eclair.fr\/id737308\/article\/2025-08-03\/ouzenadji-murcy-traore-diakite-les-jeunes-de-lestac-assurent-linterim\" target=\"_blank\" rel=\"noreferrer noopener nofollow\">ceux qui vont arriver<\/a>. C\u2019est d\u2019optimiser les forces en pr\u00e9sence pour tout faire pour battre Grenoble ; \u00e7a n\u2019emp\u00eache pas d\u2019avoir des discussions sur le pass\u00e9, sur les \u00e9volutions. Quasiment tous ceux qui seront pr\u00e9sents samedi le sont depuis le premier jour de reprise. Ils travaillent dur, il y a juste \u00e7a qui m\u2019int\u00e9resse. Et \u00e0 les voir travailler, je suis plut\u00f4t positif.\u00a0\u00bb<\/p>\n<tr>\n<td><strong>Les arriv\u00e9es<\/strong><\/td>\n<td><strong>Les d\u00e9parts<\/strong><\/td>\n<\/tr>\n<tr>\n<td>Lucas Maronnier (EA Guingamp)<\/td>\n<td>Cyriaque Iri\u00e9 (SC Fribourg)<\/td>\n<\/tr>\n<tr>\n<td>Hillel Konat\u00e9 (LB Ch\u00e2teauroux)<\/td>\n<td>Abdoulaye Ndiaye (Parma)<\/td>\n<\/tr>\n<tr>\n<td>Merwan Ifnaoui (Red Star)<\/td>\n<td>Abdoulaye Kant\u00e9 (Middlesbrough)<\/td>\n<\/tr>\n<tr>\n<td>Antoine Mille (Pau)<\/td>\n<td>Rafiki Sa\u00efd (Standard Li\u00e8ge)<\/td>\n<\/tr>\n<tr>\n<td>Junior Diaz (Stade Brestois \u2013 retour de pr\u00eat)<\/td>\n<td>Kyliane Dong (FC Augsburg)<\/td>\n<\/tr>\n<tr>\n<td>Jackson Porozo (Club Tijuana \u2013 retour de pr\u00eat)<\/td>\n<td>Medhi Tahrat (Kanchanaburi)<\/td>\n<\/tr>\n<tr>\n<td>Amar Fatah (Dundee United \u2013 retour de pr\u00eat)<\/td>\n<td>Junior Diaz (Stade Brestois \u2013 pr\u00eat)<\/td>\n<\/tr>\n<tr>\n<td>\u00a0<\/td>\n<td>Metinho (FC B\u00e2le)<\/td>\n<\/tr>\n<tr>\n<td>\u00a0<\/td>\n<td>Amar Fatah (Dundee United \u2013 pr\u00eat)<\/td>\n<\/tr>\n<tr>\n<td>\u00a0<\/td>\n<td>Renaud Ripart (sans club)<\/td>\n<\/tr>\n<tr>\n<td>\u00a0<\/td>\n<td>Pape Ibnou Ba (sans club)<\/td>\n<\/tr>\n<tr>\n<td>\u00a0<\/td>\n<td>Youssouf M\u2019Changama (sans club)<\/td>\n<\/tr>\n<tr>\n<td>\u00a0<\/td>\n<td>Nicolas de Pr\u00e9ville (sans club)<\/td>\n<\/tr>\n<tr>\n<td>\u00a0<\/td>\n<td>Corentin Michel (sans club)<\/td>\n<\/tr>\n<p><strong>La composition probable\u00a0:<\/strong><\/p>\n<p>Lema\u00eetre \u2013 Maronnier \u2013 Monfray (cap) \u2013 Gozzi \u2013 Boura \u2013 Philiponeau \u2013 Mo. Diop \u2013 Mille \u2013 Assoumou \u2013 M. El Idrissy \u2013 Detourbet<\/p>\n<p>A choisir parmi les rempla\u00e7ants suivants\u00a0:\u00a0H.Konat\u00e9 \u2013 Akpakoun \u2013 M. Hamdi \u2013 Ouzenadji \u2013 Adeline \u2013 Chavalerin \u2013 A. Diakit\u00e9 \u2013 Ib. Traor\u00e9 \u2013 Murcy<\/p>\n<p>Principaux absents\u00a0: S. Diawara (suspendu) \u2013 Ifnoui (bl\u00e9ss\u00e9) \u2013 T. Bald\u00e9, A. Cont\u00e9, Larouci (choix de l\u2019entra\u00eeneur)<\/p>\n<p><strong>Une pr\u00e9paration mitig\u00e9e<\/strong><\/p>\n<p>Avec deux victoires, deux d\u00e9faites et un nul, les Troyens ont altern\u00e9 entre le bon et le moins bon durant cette pr\u00e9paration estivale. Solide d\u00e9fensivement, l\u2019ESTAC n\u2019a encaiss\u00e9 que trois buts en cinq matchs mais a connu davantage de difficult\u00e9s devant les cages adverses si ce n\u2019est contre les Grenoblois (victoire 5-0). Une rencontre sur laquelle l\u2019entra\u00eeneur troyen, St\u00e9phane Dumont, est revenu en conf\u00e9rence de presse d\u2019avant match\u00a0: \u00ab\u00a0On les a jou\u00e9s, on sait qui ils sont, c\u2019est la m\u00eame chose pour eux, mais cette premi\u00e8re journ\u00e9e, c\u2019est un contexte totalement diff\u00e9rent.\u00a0<a href=\"https:\/\/www.lest-eclair.fr\/id733993\/article\/2025-07-19\/lestac-colle-un-5-0-grenoble-en-match-de-preparation-pour-conclure-en-beaute-son\" target=\"_blank\" rel=\"noreferrer noopener nofollow\">Ce 5-0, c\u2019\u00e9tait un match amical,<\/a>\u00a0sur un terrain de stage, sans public, avec des \u00e9quipes diff\u00e9rentes, un contexte diff\u00e9rent. Malgr\u00e9 tout, on a fait des choses coh\u00e9rentes ce jour-l\u00e0, on a fait preuve de spontan\u00e9it\u00e9, de rel\u00e2chement aux abords du but, ce sont des ingr\u00e9dients \u00e0 avoir samedi pour \u00eatre efficaces \u00bb.<\/p>\n<p>Les r\u00e9sultats de la pr\u00e9paration estivale de l\u2019ESTAC\u00a0:<\/p>\n<ul class=\"wp-block-list\">\n<li>ESTAC 2-1 Red Star<\/li>\n<li>ESTAC 0-1 Saint-Etienne<\/li>\n<li>ESTAC 5-0 GF38<\/li>\n<li>ESTAC 0-0 Dijon<\/li>\n<li>ESTAC 0-1 Metz<\/li>\n<\/ul>\n<p><strong>Des probl\u00e8mes offensifs de chaque c\u00f4t\u00e9<\/strong><\/p>\n<p>A l\u2019image de leurs homologues grenoblois, les attaquants troyens ont eu du mal \u00e0 conclure leurs actions durant cette pr\u00e9paration. Cela s\u2019explique notamment par les d\u00e9parts de diff\u00e9rents cadres sur le front de l\u2019attaque (De Pr\u00e9ville, Ripart, Ba, Iri\u00e9 et Sa\u00efd) sans r\u00e9els successeurs pour l\u2019instant. Le trio offensif troyen devrait donc \u00eatre compos\u00e9 de joueurs \u00e9voluant davantage avec la casquette de rempla\u00e7ant la saison derni\u00e8re\u00a0: Assoumou, El Idrissy et Detourbet. Des difficult\u00e9s offensives \u00e9voqu\u00e9es par St\u00e9phane Dumont en amont de la rencontre\u00a0: \u00ab\u00a0 Ils doivent \u00eatre plus justes, plus rel\u00e2ch\u00e9s, plus spontan\u00e9s dans les moments importants, mais je pense que l\u2019\u00e9quipe doit aider \u00e0 \u00e7a.<a href=\"https:\/\/www.lest-eclair.fr\/id738410\/article\/2025-08-08\/id738171\/article\/2025-08-07\/lapproche-de-la-reprise-du-championnat-de-ligue-2-toujours-rien-de-neuf-sur-le\" target=\"_blank\" rel=\"noreferrer noopener nofollow\">\u00a0Marquer des buts, \u00e7a appartient \u00e0 la ligne de devant, mais aussi \u00e0 tout le monde.\u00a0\u00bb<\/a><\/p>\n<p><strong>Le joueur \u00e0 suivre<\/strong><\/p>\n<p>Tr\u00e8s en vue durant l\u2019inter-saison, Jaures Assoumou (22 ans) est sans aucun doute le joueur \u00e0 suivre c\u00f4t\u00e9 troyen. Auteur d\u2019un tripl\u00e9 face au GF38 le 19 juillet dernier, le virevoltant ailier ivoirien avait pes\u00e9 sur la d\u00e9fense grenobloise. Il a d\u2019ailleurs port\u00e9 le secteur offensif aubois durant cette pr\u00e9paration en inscrivant quatre des sept buts de son \u00e9quipe. Une menace que les Is\u00e9rois devront surveiller de pr\u00e8s pour ne pas conna\u00eetre une soir\u00e9e aussi compliqu\u00e9e que celle v\u00e9cue au Chambon-sur-Lignon.<\/p>\n<p><strong>Un capitaine bien connu du public grenoblois<\/strong><\/p>\n<p>Les Grenoblois vont retrouver un visage familier ce samedi soir en la personne d\u2019Adrien Monfray. Arriv\u00e9 \u00e0 Grenoble en 2019, le d\u00e9fenseur central s\u2019est progressivement impos\u00e9 comme un cadre de la formation is\u00e9roise durant son passage dans les Alpes. Appr\u00e9ci\u00e9 du public pour sa combativit\u00e9 et son \u00e9tat d\u2019esprit irr\u00e9prochable, le franco-alg\u00e9rien de 34 ans a port\u00e9 la tunique grenobloise \u00e0 155 reprises en cinq saisons. Il retrouvera donc son ancien club avec le num\u00e9ro 6 sur le dos et le brassard de capitaine autour du bras.<\/p>\n<p><strong>La d\u00e9claration \u00e0 retenir<\/strong><\/p>\n<p>\u00ab\u00a0L\u2019effectif n\u2019est pas encore constitu\u00e9 de mani\u00e8re optimale pour la saison, donc c\u2019est compliqu\u00e9.\u00a0<a href=\"https:\/\/www.lest-eclair.fr\/id737996\/article\/2025-08-06\/encore-une-saison-plusieurs-inconnues-pour-lestac-en-ligue-2\" target=\"_blank\" rel=\"noreferrer noopener nofollow\">On est ambitieux, on a envie de faire mieux que les saisons pr\u00e9c\u00e9dentes<\/a>. J\u2019aspire \u00e0 entrer dans la premi\u00e8re moiti\u00e9 de championnat.\u00a0\u00bb (St\u00e9phane Dumont)<\/p>\n","protected":false},"excerpt":{"rendered":"Les hommes de Franck Rizzetto d\u00e9butent cette saison 2025-2026 par un d\u00e9placement dans l\u2019Aube ce samedi pour y&hellip;\n","protected":false},"author":2,"featured_media":232025,"comment_status":"","ping_status":"","sticky":false,"template":"","format":"standard","meta":{"footnotes":""},"categories":[9566],"tags":[1111,11,2430,1777,674,1011,27,2731,12,25],"class_list":{"0":"post-307279","1":"post","2":"type-post","3":"status-publish","4":"format-standard","5":"has-post-thumbnail","7":"category-grenoble","8":"tag-actu","9":"tag-actualites","10":"tag-auvergne-rhone-alpes","11":"tag-eu","12":"tag-europe","13":"tag-fr","14":"tag-france","15":"tag-grenoble","16":"tag-news","17":"tag-republique-francaise"},"share_on_mastodon":{"url":"https:\/\/pubeurope.com\/@fr\/114998768058113263","error":""},"_links":{"self":[{"href":"https:\/\/www.europesays.com\/fr\/wp-json\/wp\/v2\/posts\/307279","targetHints":{"allow":["GET"]}}],"collection":[{"href":"https:\/\/www.europesays.com\/fr\/wp-json\/wp\/v2\/posts"}],"about":[{"href":"https:\/\/www.europesays.com\/fr\/wp-json\/wp\/v2\/types\/post"}],"author":[{"embeddable":true,"href":"https:\/\/www.europesays.com\/fr\/wp-json\/wp\/v2\/users\/2"}],"replies":[{"embeddable":true,"href":"https:\/\/www.europesays.com\/fr\/wp-json\/wp\/v2\/comments?post=307279"}],"version-history":[{"count":0,"href":"https:\/\/www.europesays.com\/fr\/wp-json\/wp\/v2\/posts\/307279\/revisions"}],"wp:featuredmedia":[{"embeddable":true,"href":"https:\/\/www.europesays.com\/fr\/wp-json\/wp\/v2\/media\/232025"}],"wp:attachment":[{"href":"https:\/\/www.europesays.com\/fr\/wp-json\/wp\/v2\/media?parent=307279"}],"wp:term":[{"taxonomy":"category","embeddable":true,"href":"https:\/\/www.europesays.com\/fr\/wp-json\/wp\/v2\/categories?post=307279"},{"taxonomy":"post_tag","embeddable":true,"href":"https:\/\/www.europesays.com\/fr\/wp-json\/wp\/v2\/tags?post=307279"}],"curies":[{"name":"wp","href":"https:\/\/api.w.org\/{rel}","templated":true}]}}