{"id":307308,"date":"2025-08-09T12:35:14","date_gmt":"2025-08-09T12:35:14","guid":{"rendered":"https:\/\/www.europesays.com\/fr\/307308\/"},"modified":"2025-08-09T12:35:14","modified_gmt":"2025-08-09T12:35:14","slug":"un-concert-de-casseroles-pro-palestinien-a-lyon-ce-samedi","status":"publish","type":"post","link":"https:\/\/www.europesays.com\/fr\/307308\/","title":{"rendered":"Un concert de casseroles pro-palestinien \u00e0 Lyon ce samedi"},"content":{"rendered":"<p>                            <img loading=\"lazy\" width=\"1080\" height=\"675\" class=\"attachment-article size-article wp-post-image lazyload\" alt=\"\" decoding=\"async\" src=\"https:\/\/www.europesays.com\/fr\/wp-content\/uploads\/2025\/08\/IMG_4102-edited.jpg\" data-eio-rwidth=\"1080\" data-eio-rheight=\"675\"\/><\/p>\n<p>Des citoyens r\u00e9unis en soutien au peuple de Gaza.<\/p>\n<p class=\"content\" style=\"font-size:1.2em;font-weight:700\">Le Collectif 69 de soutien au peuple palestinien organise ce samedi \u00e0 Lyon un rassemblement place de la R\u00e9publique contre la famine \u00e0 Gaza. Les participants sont invit\u00e9s \u00e0 venir avec des casseroles pour \u201cbriser le silence du gouvernement\u201d.<\/p>\n<p>Un nouveau rassemblement pro-palestinien se tiendra ce samedi 9 ao\u00fbt \u00e0 15 h place de la R\u00e9publique, dans le 2e arrondissement de Lyon. \u00c0 l\u2019appel du Collectif 69 de soutien au peuple palestinien, les participants sont invit\u00e9s \u00e0 venir munis de casseroles pour un \u00ab\u00a0concert\u00a0\u00bb symbolique visant \u00e0 alerter sur la situation humanitaire \u00e0 Gaza.<\/p>\n<p>Dans un communiqu\u00e9, le collectif d\u00e9nonce \u00ab\u00a0la famine organis\u00e9e\u00a0\u00bb subie par les civils gazaouis et fustige l\u2019inaction du gouvernement fran\u00e7ais ainsi que des instances internationales. Il rappelle que, selon ses estimations, plus de 60 000 Palestiniens, en majorit\u00e9 des femmes et des enfants, ont \u00e9t\u00e9 tu\u00e9s depuis pr\u00e8s de deux ans par les bombardements isra\u00e9liens, et affirme que 180 personnes meurent d\u00e9sormais chaque jour de faim.<\/p>\n<p>Les organisateurs r\u00e9clament notamment l\u2019ouverture imm\u00e9diate des points de passage, un approvisionnement suffisant en lait infantile, un cessez-le-feu \u00ab\u00a0imm\u00e9diat et permanent\u00a0\u00bb et le retrait des troupes isra\u00e9liennes de Gaza. Ils demandent \u00e9galement \u00e0 la France de reconna\u00eetre \u00ab\u00a0sans condition\u00a0\u00bb l\u2019\u00c9tat de Palestine et de mettre fin \u00e0 l\u2019accord d\u2019association entre l\u2019Union europ\u00e9enne et Isra\u00ebl.<\/p>\n","protected":false},"excerpt":{"rendered":"Des citoyens r\u00e9unis en soutien au peuple de Gaza. Le Collectif 69 de soutien au peuple palestinien organise&hellip;\n","protected":false},"author":2,"featured_media":307309,"comment_status":"","ping_status":"","sticky":false,"template":"","format":"standard","meta":{"footnotes":""},"categories":[1889],"tags":[1111,11,2430,1777,674,1011,27,665,2428,2088,12,3518,25],"class_list":{"0":"post-307308","1":"post","2":"type-post","3":"status-publish","4":"format-standard","5":"has-post-thumbnail","7":"category-lyon","8":"tag-actu","9":"tag-actualites","10":"tag-auvergne-rhone-alpes","11":"tag-eu","12":"tag-europe","13":"tag-fr","14":"tag-france","15":"tag-gaza","16":"tag-lyon","17":"tag-manifestation","18":"tag-news","19":"tag-palestine","20":"tag-republique-francaise"},"share_on_mastodon":{"url":"https:\/\/pubeurope.com\/@fr\/114998838737410246","error":""},"_links":{"self":[{"href":"https:\/\/www.europesays.com\/fr\/wp-json\/wp\/v2\/posts\/307308","targetHints":{"allow":["GET"]}}],"collection":[{"href":"https:\/\/www.europesays.com\/fr\/wp-json\/wp\/v2\/posts"}],"about":[{"href":"https:\/\/www.europesays.com\/fr\/wp-json\/wp\/v2\/types\/post"}],"author":[{"embeddable":true,"href":"https:\/\/www.europesays.com\/fr\/wp-json\/wp\/v2\/users\/2"}],"replies":[{"embeddable":true,"href":"https:\/\/www.europesays.com\/fr\/wp-json\/wp\/v2\/comments?post=307308"}],"version-history":[{"count":0,"href":"https:\/\/www.europesays.com\/fr\/wp-json\/wp\/v2\/posts\/307308\/revisions"}],"wp:featuredmedia":[{"embeddable":true,"href":"https:\/\/www.europesays.com\/fr\/wp-json\/wp\/v2\/media\/307309"}],"wp:attachment":[{"href":"https:\/\/www.europesays.com\/fr\/wp-json\/wp\/v2\/media?parent=307308"}],"wp:term":[{"taxonomy":"category","embeddable":true,"href":"https:\/\/www.europesays.com\/fr\/wp-json\/wp\/v2\/categories?post=307308"},{"taxonomy":"post_tag","embeddable":true,"href":"https:\/\/www.europesays.com\/fr\/wp-json\/wp\/v2\/tags?post=307308"}],"curies":[{"name":"wp","href":"https:\/\/api.w.org\/{rel}","templated":true}]}}