{"id":307310,"date":"2025-08-09T12:38:11","date_gmt":"2025-08-09T12:38:11","guid":{"rendered":"https:\/\/www.europesays.com\/fr\/307310\/"},"modified":"2025-08-09T12:38:11","modified_gmt":"2025-08-09T12:38:11","slug":"tourisme-cest-de-la-promotion-masquee-comment-les-communes-vendent-de-plus-en-plus-leur-image-avec-des-produits-derives","status":"publish","type":"post","link":"https:\/\/www.europesays.com\/fr\/307310\/","title":{"rendered":"Tourisme. \u00ab\u00a0C&rsquo;est de la promotion masqu\u00e9e\u00a0\u00bb. Comment les communes vendent de plus en plus leur image avec des produits d\u00e9riv\u00e9s"},"content":{"rendered":"<p class=\"article__intro\">Impossible de passer \u00e0 c\u00f4t\u00e9 cet \u00e9t\u00e9 ! Dans toutes les villes du littoral breton, mais pas seulement, les produits marketing se multiplient : stylo de Cancale, gourde de Dinard, t-shirt de Saint-Malo, les boutiques comme les offices de tourisme proposent de plus en plus de produits d\u00e9riv\u00e9s \u00e0 l&rsquo;effigie de leurs communes. L&rsquo;int\u00e9r\u00eat est bien entendu \u00e9conomique mais pas uniquement.<\/p>\n<p>\n      L\u2019actu des r\u00e9gions\n    <\/p>\n<p>\n      Chaque jour, un tour d\u2019horizon des principales infos de toutes les r\u00e9gions.\n    <\/p>\n<p>    France T\u00e9l\u00e9visions utilise votre adresse e-mail afin de vous envoyer la newsletter \u00ab\u00a0L\u2019actu des r\u00e9gions\u00a0\u00bb. Vous pouvez vous d\u00e9sinscrire \u00e0 tout moment via le lien en bas de cette newsletter. <a target=\"_blank\" href=\"https:\/\/www.francetelevisions.fr\/groupe\/confidentialite\/politique-de-confidentialite\/politique-de-confidentialite-de-france-televisions-6503\" rel=\"nofollow noopener\">Notre politique de confidentialit\u00e9<\/a><\/p>\n<p>Le business du souvenir ne se limite plus \u00e0 la traditionnelle carte postale : peluches, gourdes, serviettes de bain, \u00e0 Dinard, pr\u00e8s de 8000 produits d\u00e9riv\u00e9s sont vendus chaque ann\u00e9e. Et parmi les best-sellers, le body pour b\u00e9b\u00e9 ou encore le t-shirt, avec le nom de la ville : \u00ab\u00a0C&rsquo;est du textile engag\u00e9, c&rsquo;est fabriqu\u00e9 \u00e0 Rennes. Le t-shirt co\u00fbte 27,90 euros\u00a0\u00bb argumente Marie Gu\u00e9rin, directrice de\u00a0 l&rsquo;office de tourisme Dinard C\u00f4te d&rsquo;\u00c9meraude.<\/p>\n<p><strong>\u00c0 lire aussi :<\/strong> <a href=\"https:\/\/france3-regions.franceinfo.fr\/bretagne\/ille-et-vilaine\/rennes\/la-visite-d-entreprise-aujourd-hui-c-est-un-bon-plan-economique-une-hausse-de-20-des-visiteurs-en-bretagne-3188325.html\" target=\"_blank\" rel=\"noopener nofollow\">\u00ab\u00a0La visite d&rsquo;entreprise aujourd&rsquo;hui, c&rsquo;est un bon plan \u00e9conomique\u00a0\u00bb, une hausse de 20% des visiteurs en Bretagne<\/a><\/p>\n<p>Ces produits d\u00e9riv\u00e9s ne repr\u00e9sentent que 10% des recettes de l&rsquo;office de tourisme, mais c&rsquo;est un outil efficace pour l&rsquo;image de la ville : \u00ab\u00a0C&rsquo;est de la promotion masqu\u00e9e, on ne va pas se le cacher. C&rsquo;est un bon moyen de communication et \u00e7a fonctionne plut\u00f4t tr\u00e8s bien\u00a0\u00bb, rapporte\u00a0la resonsable de l&rsquo;office de tourisme.<\/p>\n<p><a data-article-figure=\"\" href=\"https:\/\/france3-regions.franceinfo.fr\/image\/hlKhQjD9dCwT-KQ1OFoqxguz9-0\/1920x1080\/regions\/2025\/08\/08\/s35-les-produits-d-riv-s-des-communes-00-00-18-21-6895b5d1d00c7575777080.jpg\" data-pswp-width=\"1920\" data-pswp-height=\"1080\" target=\"_blank\" rel=\"nofollow noopener\"><\/p>\n<p>          <img width=\"600\" height=\"400\" class=\"article-image lazy\" data-src=\"https:\/\/www.europesays.com\/fr\/wp-content\/uploads\/2025\/08\/s35-les-produits-d-riv-s-des-communes-00-00-18-21-6895b5d1d00c7575777080.jpg\" alt=\"La vente de produits d\u00e9riv\u00e9s gagne du terrain dans les communes bretonnes. Parmi les best-sellers, le body pour b\u00e9b\u00e9, comme ici \u00e0 Dinard.\" fetchpriority=\"high\" as=\"image\"\/><\/p>\n<p>\n            La vente de produits d\u00e9riv\u00e9s gagne du terrain dans les communes bretonnes. Parmi les best-sellers, le body pour b\u00e9b\u00e9, comme ici \u00e0 Dinard.<br \/>\n                           \u2022<br \/>\n                                      \u00a9 France 3 Bretagne \/ I. Tayeb &#8211; O. Brice.\n                      <\/p>\n<p><\/a><\/p>\n<p>\u00c0 Rennes aussi, les produits misent sur une esth\u00e9tique soign\u00e9e, avec un slogan qui ne passe pas inaper\u00e7u sur un tote-bag par exemple : \u00ab\u00a0A Rennes, on est Breton\u00a0\u00bb. Ce qui pla\u00eet bien aux visiteurs : \u00ab\u00a0\u00c7a montre que les Bretons sont tr\u00e8s fiers de leur r\u00e9gion\u00a0\u00bb, s&rsquo;amuse une jeune femme.\u00a0<\/p>\n<p>Un peu plus loin, des objets qui font appel \u00e0 notre cr\u00e9ativit\u00e9, comme une carte g\u00e9ante de la Bretagne, \u00e0 colorier. \u00ab\u00a0\u00c7a permet de visualiser d&rsquo;un coup les diff\u00e9rents sites bretons et je trouve \u00e7a tr\u00e8s original\u00a0\u00bb, s&rsquo;enthousiasme une visiteuse.\u00a0<\/p>\n<p>Trouver des produits originaux, se d\u00e9marquer, c\u2019est tout l\u2019enjeu pour le responsable de l\u2019office de tourisme : \u00ab\u00a0on a entrepris des collaborations avec des designers, des cr\u00e9ateurs, pour revoir un peu l&rsquo;ensemble de ces gammes de produits et puis leur redonner une sorte de nouveau lustre, notamment dans les objets les plus traditionnels\u00a0\u00bb, explique\u00a0Philippe Florenty, responsable de l&rsquo;office de tourisme \u00ab\u00a0Destination Rennes\u00a0\u00bb.\u00a0<\/p>\n<p>Finis les objets un peu kitsch, les produits d\u00e9riv\u00e9s sont d\u00e9sormais les ambassadeurs d\u2019un territoire. On soigne donc le style pour rester tendance.<\/p>\n<p><strong>(avec In\u00e8s Tayeb)<\/strong><\/p>\n","protected":false},"excerpt":{"rendered":"Impossible de passer \u00e0 c\u00f4t\u00e9 cet \u00e9t\u00e9 ! Dans toutes les villes du littoral breton, mais pas seulement,&hellip;\n","protected":false},"author":2,"featured_media":307311,"comment_status":"","ping_status":"","sticky":false,"template":"","format":"standard","meta":{"footnotes":""},"categories":[1888],"tags":[1111,1928,11,1927,1777,674,1011,27,12,1926,626,1925,25],"class_list":{"0":"post-307310","1":"post","2":"type-post","3":"status-publish","4":"format-standard","5":"has-post-thumbnail","7":"category-paris","8":"tag-actu","9":"tag-actu-paris","10":"tag-actualites","11":"tag-actualites-paris","12":"tag-eu","13":"tag-europe","14":"tag-fr","15":"tag-france","16":"tag-news","17":"tag-news-paris","18":"tag-paris","19":"tag-paris-news","20":"tag-republique-francaise"},"share_on_mastodon":{"url":"https:\/\/pubeurope.com\/@fr\/114998850680081402","error":""},"_links":{"self":[{"href":"https:\/\/www.europesays.com\/fr\/wp-json\/wp\/v2\/posts\/307310","targetHints":{"allow":["GET"]}}],"collection":[{"href":"https:\/\/www.europesays.com\/fr\/wp-json\/wp\/v2\/posts"}],"about":[{"href":"https:\/\/www.europesays.com\/fr\/wp-json\/wp\/v2\/types\/post"}],"author":[{"embeddable":true,"href":"https:\/\/www.europesays.com\/fr\/wp-json\/wp\/v2\/users\/2"}],"replies":[{"embeddable":true,"href":"https:\/\/www.europesays.com\/fr\/wp-json\/wp\/v2\/comments?post=307310"}],"version-history":[{"count":0,"href":"https:\/\/www.europesays.com\/fr\/wp-json\/wp\/v2\/posts\/307310\/revisions"}],"wp:featuredmedia":[{"embeddable":true,"href":"https:\/\/www.europesays.com\/fr\/wp-json\/wp\/v2\/media\/307311"}],"wp:attachment":[{"href":"https:\/\/www.europesays.com\/fr\/wp-json\/wp\/v2\/media?parent=307310"}],"wp:term":[{"taxonomy":"category","embeddable":true,"href":"https:\/\/www.europesays.com\/fr\/wp-json\/wp\/v2\/categories?post=307310"},{"taxonomy":"post_tag","embeddable":true,"href":"https:\/\/www.europesays.com\/fr\/wp-json\/wp\/v2\/tags?post=307310"}],"curies":[{"name":"wp","href":"https:\/\/api.w.org\/{rel}","templated":true}]}}