{"id":307314,"date":"2025-08-09T12:40:10","date_gmt":"2025-08-09T12:40:10","guid":{"rendered":"https:\/\/www.europesays.com\/fr\/307314\/"},"modified":"2025-08-09T12:40:10","modified_gmt":"2025-08-09T12:40:10","slug":"francois-bayrou-declenche-la-menace-dune-greve-massive-dans-les-38-hopitaux-dile-de-france","status":"publish","type":"post","link":"https:\/\/www.europesays.com\/fr\/307314\/","title":{"rendered":"Fran\u00e7ois Bayrou d\u00e9clenche la menace d&rsquo;une gr\u00e8ve massive dans les 38 h\u00f4pitaux d&rsquo;\u00cele-de-France"},"content":{"rendered":"<p>            Par<br \/>\n        <strong><br \/>\n            <a href=\"https:\/\/actu.fr\/auteur\/redaction-paris\" title=\"Consulter tous les articles de R\u00e9daction Paris\" target=\"_blank\" rel=\"noopener\">R\u00e9daction Paris<\/a><br \/>\n        <\/strong><\/p>\n<p>        Publi\u00e9 le<\/p>\n<p>            9 ao\u00fbt 2025 \u00e0 10h02        <\/p>\n<p>Elle repr\u00e9sente 38 h\u00f4pitaux et 100\u2009000 professionnels d\u00e9vou\u00e9s \u00e0 huit millions de patients accueillis chaque ann\u00e9e. L\u2019<a href=\"https:\/\/actu.fr\/tag\/aphp\" target=\"_blank\" rel=\"noopener\">Assistance publique-H\u00f4pitaux de Paris<\/a> (AP-HP), le service public de sant\u00e9 d\u2019\u00cele-de-France, est sous la menace d\u2019une gr\u00e8ve massive. Vendredi 8\u00a0ao\u00fbt 2025, les syndicats CGT, FO, CFTC et Unsa, qui p\u00e8sent 61\u2009% aux derni\u00e8res \u00e9lections professionnelles, ont appel\u00e9 \u00e0 \u00ab\u2009des assembl\u00e9es g\u00e9n\u00e9rales\u2009\u00bb pour pr\u00e9parer une \u00ab\u2009gr\u00e8ve unie de tout l\u2019AP-HP\u2009\u00bb. Et tous les services, bureaux et ateliers sont invit\u00e9s \u00e0 y participer \u00e0 partir du 25\u00a0ao\u00fbt.<\/p>\n<p>\u00ab\u2009Une odieuse attaque contre les malades\u2009\u00bb<\/p>\n<p class=\" wall-content\">La cause de leur hypertension\u2009: le <a href=\"https:\/\/actu.fr\/economie\/direct-suppression-de-jours-feries-gel-des-retraites-suivez-les-annonces-de-francois-bayrou-sur-le-budget_62912955.html\" target=\"_blank\" rel=\"noopener\">plan d\u2019\u00e9conomies de pr\u00e8s de 44\u00a0milliards d\u2019euros<\/a> pr\u00e9sent\u00e9 mi-juillet par <a href=\"https:\/\/actu.fr\/tag\/francois-bayrou\" target=\"_blank\" rel=\"noopener\">Fran\u00e7ois Bayrou<\/a>, et que les syndicats per\u00e7oivent comme \u00ab\u2009une attaque frontale contre notre syst\u00e8me de sant\u00e9 et contre tous les travailleurs\u2009\u00bb. Parmi les mesures qui ne passent pas, l\u2019\u00ab\u2009augmentation de la franchise m\u00e9dicale\u2009\u00bb, c\u2019est-\u00e0-dire ce qui reste \u00e0 charge pour le patient.<\/p>\n<p class=\" wall-content\">Le Premier ministre a annonc\u00e9 le <a href=\"https:\/\/actu.fr\/societe\/le-gouvernement-veut-encore-doubler-les-franchises-medicales-voici-combien-ca-pourrait-vous-couter_63008355.html\" target=\"_blank\" rel=\"noopener\">doublement du plafond des franchises m\u00e9dicales<\/a>, qui passerait de 50 \u00e0 100\u00a0euros par an. La presse se fait aussi l\u2019\u00e9cho d\u2019un montant unitaire des franchises qui pourrait doubler, de un \u00e0 deux euros par bo\u00eete de m\u00e9dicaments, de deux \u00e0 quatre euros par consultation chez le g\u00e9n\u00e9raliste.<\/p>\n<p class=\" wall-content\">\u00c0 l\u2019\u00e9chelle nationale, la CGT a d\u00e9nonc\u00e9 une \u00ab\u2009nouvelle attaque contre le principe de solidarit\u00e9 qui fonde notre S\u00e9curit\u00e9 sociale depuis 1945\u2009\u00bb, apr\u00e8s l\u2019Unsa qui fustigeait la veille \u00ab\u2009une odieuse attaque contre les malades\u2009\u00bb.<\/p>\n<p class=\" wall-content\">Les quatre syndicats de l\u2019AP-HP disent aussi \u00ab\u2009non \u00e0 la suppression des deux jours f\u00e9ri\u00e9s\u2009\u00bb, piste avanc\u00e9e par le Premier ministre. S\u2019ajoutent \u00e0 ces griefs d\u2019autres revendications de branche. CGT, FO, CFTC, et Unsa constatent ainsi \u00ab\u2009une d\u00e9gradation sans pr\u00e9c\u00e9dent des conditions de travail\u2009\u00bb, comme \u00ab\u2009le non-respect des plannings impos\u00e9s dans les services\u2009\u00bb ou encore les \u00ab\u2009difficult\u00e9s croissantes \u00e0 faire reconna\u00eetre les accidents du travail\u2009\u00bb.<\/p>\n<p class=\" wall-content\">Le projet d\u2019\u00e9conomies de mi-juillet \u00ab\u2009vient aggraver cette casse\u2009\u00bb, ajoutent encore les syndicats, qui exigent un \u00ab\u2009retrait total du plan Bayrou-Macron\u2009\u00bb.<\/p>\n<p class=\" wall-content\">avec AFP<\/p>\n<p class=\" wall-content\">Suivez toute l\u2019actualit\u00e9 de vos villes et m\u00e9dias favoris en vous inscrivant \u00e0 <a href=\"https:\/\/moncompte.actu.fr\" title=\"D\u00e9couvez Mon Actu\" rel=\"nofollow noopener\" data-trk=\"{&quot;cta&quot;:{&quot;action&quot;:&quot;https:\\\/\\\/moncompte.actu.fr&quot;,&quot;category&quot;:&quot;mon compte&quot;,&quot;from&quot;:&quot;article footer&quot;,&quot;name&quot;:&quot;Mon actu&quot;,&quot;type&quot;:&quot;cta&quot;}}\" target=\"_blank\">Mon Actu<\/a>.<\/p>\n","protected":false},"excerpt":{"rendered":"Par R\u00e9daction Paris Publi\u00e9 le 9 ao\u00fbt 2025 \u00e0 10h02 Elle repr\u00e9sente 38 h\u00f4pitaux et 100\u2009000 professionnels d\u00e9vou\u00e9s&hellip;\n","protected":false},"author":2,"featured_media":307315,"comment_status":"","ping_status":"","sticky":false,"template":"","format":"standard","meta":{"footnotes":""},"categories":[1888],"tags":[11,15182,1777,674,1011,27,431,6151,12,626,25,104],"class_list":{"0":"post-307314","1":"post","2":"type-post","3":"status-publish","4":"format-standard","5":"has-post-thumbnail","7":"category-paris","8":"tag-actualites","9":"tag-aphp","10":"tag-eu","11":"tag-europe","12":"tag-fr","13":"tag-france","14":"tag-francois-bayrou","15":"tag-greve","16":"tag-news","17":"tag-paris","18":"tag-republique-francaise","19":"tag-societe"},"share_on_mastodon":{"url":"https:\/\/pubeurope.com\/@fr\/114998858509250047","error":""},"_links":{"self":[{"href":"https:\/\/www.europesays.com\/fr\/wp-json\/wp\/v2\/posts\/307314","targetHints":{"allow":["GET"]}}],"collection":[{"href":"https:\/\/www.europesays.com\/fr\/wp-json\/wp\/v2\/posts"}],"about":[{"href":"https:\/\/www.europesays.com\/fr\/wp-json\/wp\/v2\/types\/post"}],"author":[{"embeddable":true,"href":"https:\/\/www.europesays.com\/fr\/wp-json\/wp\/v2\/users\/2"}],"replies":[{"embeddable":true,"href":"https:\/\/www.europesays.com\/fr\/wp-json\/wp\/v2\/comments?post=307314"}],"version-history":[{"count":0,"href":"https:\/\/www.europesays.com\/fr\/wp-json\/wp\/v2\/posts\/307314\/revisions"}],"wp:featuredmedia":[{"embeddable":true,"href":"https:\/\/www.europesays.com\/fr\/wp-json\/wp\/v2\/media\/307315"}],"wp:attachment":[{"href":"https:\/\/www.europesays.com\/fr\/wp-json\/wp\/v2\/media?parent=307314"}],"wp:term":[{"taxonomy":"category","embeddable":true,"href":"https:\/\/www.europesays.com\/fr\/wp-json\/wp\/v2\/categories?post=307314"},{"taxonomy":"post_tag","embeddable":true,"href":"https:\/\/www.europesays.com\/fr\/wp-json\/wp\/v2\/tags?post=307314"}],"curies":[{"name":"wp","href":"https:\/\/api.w.org\/{rel}","templated":true}]}}