{"id":307318,"date":"2025-08-09T12:42:12","date_gmt":"2025-08-09T12:42:12","guid":{"rendered":"https:\/\/www.europesays.com\/fr\/307318\/"},"modified":"2025-08-09T12:42:12","modified_gmt":"2025-08-09T12:42:12","slug":"guerre-en-ukraine-12-metres-de-long-autonomie-illimitee-la-russie-relance-les-tests-de-ses-missiles-9m730-burevestnik-et-brandit-a-nouveau-la-menace-nucleaire","status":"publish","type":"post","link":"https:\/\/www.europesays.com\/fr\/307318\/","title":{"rendered":"Guerre en Ukraine\u00a0: 12 m\u00e8tres de long, autonomie illimit\u00e9e\u2026 La Russie relance les tests de ses missiles 9M730 Burevestnik et brandit \u00e0 nouveau la menace nucl\u00e9aire"},"content":{"rendered":"<p>\n                                                                Un missile \u00e0 la fois\u00a0\u00e0 propulsion et \u00e0 armement nucl\u00e9aires.\n                            <\/p>\n<p>\u00c7a se passe toujours comme \u00e7a avec <strong>Poutine<\/strong>. \u00c0 chaque fois que la Russie semble faire un pas en avant pour des <strong>n\u00e9gociations de paix<\/strong>, il appuie l\u00e0 o\u00f9 \u00e7a fait mal d\u2019un autre c\u00f4t\u00e9. En g\u00e9n\u00e9ral, ce sont des attaques renforc\u00e9es sur l\u2019<strong>Ukraine<\/strong>. Cette fois, il s\u2019agit de ressortir une arme particuli\u00e8rement redout\u00e9e des cartons.<\/p>\n<p>En effet, l\u2019information a mis tous les observateurs du conflit en \u00e9moi. Selon les sp\u00e9cialistes, les Russes se pr\u00e9parent \u00e0 effectuer des tests de leur <strong>missile\u00a09M730 Burevestnik<\/strong>. Un missile qui fait de nouveau craindre la menace d\u2019une escalada nucl\u00e9aire puisque le Burevestnik se veut\u00a0\u00e0 la fois \u00e0 propulsion et \u00e0 armement nucl\u00e9aires. Signe particulier\u00a0: sa port\u00e9e de vol est suppos\u00e9e \u00ab\u00a0illimit\u00e9e\u00a0\u00bb <a href=\"https:\/\/en.defence-ua.com\/news\/9m730_burevestnik_nuclear_cruise_missile_is_set_for_trials_in_russia_media-15414.html\" target=\"_self\" rel=\"nofollow noopener\">selon Defense Express<\/a>.<\/p>\n<p>12 m\u00e8tres<\/p>\n<p>Selon le compte X de The Informant, les tests pourraient \u00eatre r\u00e9alis\u00e9s sur le site d\u00e9di\u00e9\u00a0en Nouvelle-Zemble, l\u00e0 o\u00f9 les Russes ont l\u2019habitude de mener leurs tests de grande ampleur. Des tests qui devraient \u00eatre r\u00e9alis\u00e9s jusqu\u2019au 12\u00a0ao\u00fbt prochain.<\/p>\n<p>Peu d\u2019informations ont fuit\u00e9 autour de ce missile. Seules certitudes, il a aussi des d\u00e9fauts. Notamment sa taille imposante (12 m\u00e8tres) qui le rend visible et donc vuln\u00e9rable.<\/p>\n<p>En octobre\u00a02023, <a href=\"https:\/\/www.lindependant.fr\/2023\/10\/06\/guerre-en-ukraine-aucune-chance-de-survivre-vladimir-poutine-annonce-des-tests-reussis-pour-les-missiles-nucleaires-burevestnik-11500655.php\" target=\"_self\" rel=\"nofollow noopener\">Vladimir Poutine\u00a0avait d\u00e9j\u00e0\u00a0confirm\u00e9 <\/a>que Moscou avait test\u00e9 avec succ\u00e8s le Burevestnik. Sans pour autant donner de suite. En effet, aucune trace de cette arme ni de son utilisation n\u2019a\u00a0\u00e9t\u00e9 trouv\u00e9e en Ukraine.<\/p>\n","protected":false},"excerpt":{"rendered":"Un missile \u00e0 la fois\u00a0\u00e0 propulsion et \u00e0 armement nucl\u00e9aires. \u00c7a se passe toujours comme \u00e7a avec Poutine.&hellip;\n","protected":false},"author":2,"featured_media":307319,"comment_status":"","ping_status":"","sticky":false,"template":"","format":"standard","meta":{"footnotes":""},"categories":[1591],"tags":[11,1887,12,1885,1886,132],"class_list":{"0":"post-307318","1":"post","2":"type-post","3":"status-publish","4":"format-standard","5":"has-post-thumbnail","7":"category-russie","8":"tag-actualites","9":"tag-federation-de-russie","10":"tag-news","11":"tag-russia","12":"tag-russian-federation","13":"tag-russie"},"share_on_mastodon":{"url":"https:\/\/pubeurope.com\/@fr\/114998866312434524","error":""},"_links":{"self":[{"href":"https:\/\/www.europesays.com\/fr\/wp-json\/wp\/v2\/posts\/307318","targetHints":{"allow":["GET"]}}],"collection":[{"href":"https:\/\/www.europesays.com\/fr\/wp-json\/wp\/v2\/posts"}],"about":[{"href":"https:\/\/www.europesays.com\/fr\/wp-json\/wp\/v2\/types\/post"}],"author":[{"embeddable":true,"href":"https:\/\/www.europesays.com\/fr\/wp-json\/wp\/v2\/users\/2"}],"replies":[{"embeddable":true,"href":"https:\/\/www.europesays.com\/fr\/wp-json\/wp\/v2\/comments?post=307318"}],"version-history":[{"count":0,"href":"https:\/\/www.europesays.com\/fr\/wp-json\/wp\/v2\/posts\/307318\/revisions"}],"wp:featuredmedia":[{"embeddable":true,"href":"https:\/\/www.europesays.com\/fr\/wp-json\/wp\/v2\/media\/307319"}],"wp:attachment":[{"href":"https:\/\/www.europesays.com\/fr\/wp-json\/wp\/v2\/media?parent=307318"}],"wp:term":[{"taxonomy":"category","embeddable":true,"href":"https:\/\/www.europesays.com\/fr\/wp-json\/wp\/v2\/categories?post=307318"},{"taxonomy":"post_tag","embeddable":true,"href":"https:\/\/www.europesays.com\/fr\/wp-json\/wp\/v2\/tags?post=307318"}],"curies":[{"name":"wp","href":"https:\/\/api.w.org\/{rel}","templated":true}]}}