{"id":307340,"date":"2025-08-09T12:54:16","date_gmt":"2025-08-09T12:54:16","guid":{"rendered":"https:\/\/www.europesays.com\/fr\/307340\/"},"modified":"2025-08-09T12:54:16","modified_gmt":"2025-08-09T12:54:16","slug":"top-14-sans-dumora-et-barlot-le-co-tourne-une-large-page-le-xv-type-probable-de-castres","status":"publish","type":"post","link":"https:\/\/www.europesays.com\/fr\/307340\/","title":{"rendered":"TOP 14. Sans Dumora et Barlot, le CO tourne une large page : le XV type (probable) de Castres"},"content":{"rendered":"<p>On ne connait que trop bien le <a href=\"https:\/\/www.lerugbynistere.fr\/clubs\/castres-olympique-co.php\" ui-sref=\"app.team({teamId: 33})\" alt=\"Castres\" data-route=\"app.team\" data-param=\"teamId\" data-id=\"33\" rel=\"nofollow noopener\" target=\"_blank\">Castres<\/a> Olympique pour \u00eatre surpris. Comme \u00e0 son habitude, <strong>le CO n&rsquo;a pas fait dans l&rsquo;extravagance pour cette nouvelle saison<\/strong>, s&rsquo;appuyant toujours sur le m\u00eame groupe solide et quelques recrues pas tr\u00e8s connues.\u00a0Sous les ordres de Xavier Sadourny, le CO n&rsquo;est pas attendu cette saison et pourrait, comme souvent, \u00eatre la surprise. <strong>Voici \u00e0 quoi pourrait ressembler le XV type probable de Castres en 2025-2026.<\/strong><\/p>\n<p><strong><a class=\"inserer_lien_article\" href=\"https:\/\/www.lerugbynistere.fr\/news\/top-14-2-m-et-120-kg-un-club-a-essaye-de-chiper-ce-titan-au-stade-toulousain-0808251209.php\" data-id=\"45776\" data-route=\"app.article\" data-param=\"articleId\" ui-sref=\"app.article({articleId: 45776})\" alt=\"Top 14. 2 m et 120 kg, un club a essay\u00e9 de chiper ce titan au Stade Toulousain\" title=\"Top 14. 2 m et 120 kg, un club a essay\u00e9 de chiper ce titan au Stade Toulousain\" rel=\"nofollow noopener\" target=\"_blank\"><img decoding=\"async\" src=\"https:\/\/www.europesays.com\/fr\/wp-content\/uploads\/2025\/08\/1754699232_258_verge-08-08-25-8685.jpg\" alt=\"Top 14. 2 m et 120 kg, un club a essay\u00e9 de chiper ce titan au Stade Toulousain\"\/>Top 14. 2 m et 120 kg, un club a essay\u00e9 de chiper ce titan au Stade Toulousain<\/a><\/strong><\/p>\n<p>Des recrues loin d&rsquo;\u00eatre tape-\u00e0-l&rsquo;\u0153il\u00a0sur le papier<\/p>\n<p>Au niveau des changements, <strong>le CO perd tout de m\u00eame un de ses leaders de combats, <a href=\"https:\/\/www.lerugbynistere.fr\/fiches-joueurs\/gaetan-bariot.php\" ui-sref=\"app.player({playerId: 6296})\" alt=\"Ga\u00ebtan Barlot\" data-route=\"app.player\" data-param=\"playerId\" data-id=\"6296\" rel=\"nofollow noopener\" target=\"_blank\">Ga\u00ebtan Barlot<\/a><\/strong>. Le talonneur a rejoint l&rsquo;UBB \u00e0 l&rsquo;intersaison. D\u00e9sormais, Castres va devoir faire sans, alors qu&rsquo;il \u00e9tait le titulaire du poste. Parmi les autres pertes, il y a bien s\u00fbr le tragique d\u00e9c\u00e8s de <a href=\"https:\/\/www.lerugbynistere.fr\/fiches-joueurs\/josaia-raisuqe.php\" ui-sref=\"app.player({playerId: 2473})\" alt=\"Josaia Raisuqe\" data-route=\"app.player\" data-param=\"playerId\" data-id=\"2473\" rel=\"nofollow noopener\" target=\"_blank\">Josaia Raisuqe<\/a> au cours de la saison, qu&rsquo;il va falloir combler num\u00e9riquement. <strong><a href=\"https:\/\/www.lerugbynistere.fr\/fiches-joueurs\/antoine-zeghdar.php\" ui-sref=\"app.player({playerId: 7861})\" alt=\"Antoine Zeghdar\" data-route=\"app.player\" data-param=\"playerId\" data-id=\"7861\" rel=\"nofollow noopener\" target=\"_blank\">Antoine Zeghdar<\/a> rejoint <a href=\"https:\/\/www.lerugbynistere.fr\/equipes-nationales\/xv-de-france.php\" ui-sref=\"app.team({teamId: 65})\" alt=\"France\" data-route=\"app.team\" data-param=\"teamId\" data-id=\"65\" rel=\"nofollow noopener\" target=\"_blank\">France<\/a> 7 tandis que <a href=\"https:\/\/www.lerugbynistere.fr\/fiches-joueurs\/julien-dumora.php\" ui-sref=\"app.player({playerId: 2672})\" alt=\"Julien Dumora\" data-route=\"app.player\" data-param=\"playerId\" data-id=\"2672\" rel=\"nofollow noopener\" target=\"_blank\">Julien Dumora<\/a> a pris sa retraite et fait maintenant partie du staff<\/strong>. Voici les d\u00e9parts \u00e0 Castres :<\/p>\n<p><a class=\"inserer_lien_article\" href=\"https:\/\/www.lerugbynistere.fr\/news\/coupe-du-monde-se-frotter-a-ce-qui-se-fait-de-mieux-france-angleterre-un-vrai-test-sous-fond-de-rivalite-0808251052.php\" data-id=\"45774\" data-route=\"app.article\" data-param=\"articleId\" ui-sref=\"app.article({articleId: 45774})\" alt=\"COUPE DU MONDE. &#039;&#039;Se frotter \u00e0 ce qui se fait de mieux&#039;&#039; : France - Angleterre, un vrai test sous fond de rivalit\u00e9\" title=\"COUPE DU MONDE. &#039;&#039;Se frotter \u00e0 ce qui se fait de mieux&#039;&#039; : France - Angleterre, un vrai test sous fond de rivalit\u00e9\" rel=\"nofollow noopener\" target=\"_blank\"><img decoding=\"async\" src=\"https:\/\/www.europesays.com\/fr\/wp-content\/uploads\/2025\/08\/france-angleterre-6-nations-2025-08-08-25-1360.jpg\" alt=\"COUPE DU MONDE. ''Se frotter \u00e0 ce qui se fait de mieux'' : France - Angleterre, un vrai test sous fond de rivalit\u00e9\"\/>COUPE DU MONDE. \u00a0\u00bbSe frotter \u00e0 ce qui se fait de mieux\u00a0\u00bb : France &#8211; Angleterre, un vrai test sous fond de rivalit\u00e9<\/a><\/p>\n<p>C\u00f4t\u00e9 arriv\u00e9e, c&rsquo;est autre chose. Pour les suiveurs du Top 14, il ne s&rsquo;agit que de noms inconnus. <strong>Parmi eux, 3 joueurs de <a href=\"https:\/\/www.lerugbynistere.fr\/championnats\/pro-d2\" ui-sref=\"app.competition({competitionId: 2})\" alt=\"Pro D2\" data-route=\"app.competition\" data-param=\"competitionId\" data-id=\"2\" rel=\"nofollow noopener\" target=\"_blank\">Pro D2<\/a> et un ailier venant des Fidjian Drua<\/strong> dans le <a href=\"https:\/\/www.lerugbynistere.fr\/championnats\/super-rugby\" ui-sref=\"app.competition({competitionId: 8})\" alt=\"Super Rugby\" data-route=\"app.competition\" data-param=\"competitionId\" data-id=\"8\" rel=\"nofollow noopener\" target=\"_blank\">Super Rugby<\/a>. <strong>Tous \u00e2g\u00e9s de 25 ans ou moins<\/strong>. Et comme d&rsquo;habitude, le CO peut nous offrir de belles surprises. L&rsquo;ailier <a href=\"https:\/\/www.lerugbynistere.fr\/fiches-joueurs\/adam-vargas.php\" ui-sref=\"app.player({playerId: 12817})\" alt=\"Adam Vargas\" data-route=\"app.player\" data-param=\"playerId\" data-id=\"12817\" rel=\"nofollow noopener\" target=\"_blank\">Adam Vargas<\/a> rejoint le Tarn. Le serial marqueur de Valence-Romans pourrait bien conna\u00eetre une trajectoire \u00e0 la Ambadiang.\u00a0Voici les arriv\u00e9es \u00e0 Castres :<\/p>\n<ul>&#13;<\/p>\n<li>Teddy Durand (talonneur)<\/li>\n<p>&#13;<\/p>\n<li>Veresa Tuqovu Ramototabua (3e ligne)<\/li>\n<p>&#13;<\/p>\n<li><a href=\"https:\/\/www.lerugbynistere.fr\/fiches-joueurs\/vuate-karawalevu.php\" ui-sref=\"app.player({playerId: 15141})\" alt=\"Vuate Karawalevu\" data-route=\"app.player\" data-param=\"playerId\" data-id=\"15141\" rel=\"nofollow noopener\" target=\"_blank\">Vuate Karawalevu<\/a> (centre, ailier, arri\u00e8re)<\/li>\n<p>&#13;<\/p>\n<li>Adam Vargas (ailier)<\/li>\n<p>&#13;\n<\/ul>\n<p>Un pack\u00a0entre exp\u00e9rience et jeunesse<\/p>\n<p>Comme souvent, Castres mise sur des joueurs confirm\u00e9s devant. Le CO poss\u00e8de tout de m\u00eame de nombreux \u00e9l\u00e9ments vieillisants, auxquels sont associ\u00e9s de jeunes prometteurs ou des joueurs confirm\u00e9s. Car, par exemple, <strong>Collier (36 ans) devrait \u00eatre titulaire \u00e0 droite de la m\u00eal\u00e9e, suppl\u00e9\u00e9 par Chilachava (33 ans)<\/strong>.\u00a0\u00c0 gauche, <a href=\"https:\/\/www.lerugbynistere.fr\/fiches-joueurs\/quentin-walker.php\" ui-sref=\"app.player({playerId: 6057})\" alt=\"Quentin Walcker\" data-route=\"app.player\" data-param=\"playerId\" data-id=\"6057\" rel=\"nofollow noopener\" target=\"_blank\">Quentin Walcker<\/a> tient la corde, avec Tichit dans la rotation.\u00a0<\/p>\n<p>Au talon, <strong>Castres peut voir venir l&rsquo;avenir avec Zarantonello (24 ans) et Durand (25 ans) notamment<\/strong>. Pareil en deuxi\u00e8me ligne avec Vanverberghe (24 ans), l&rsquo;avenir du poste, m\u00eame si le retour de blessure de Staniforth apportera de la concurrence. En 4, <a href=\"https:\/\/www.lerugbynistere.fr\/fiches-joueurs\/guillaume-ducat.php\" ui-sref=\"app.player({playerId: 4605})\" alt=\"Guillaume Ducat\" data-route=\"app.player\" data-param=\"playerId\" data-id=\"4605\" rel=\"nofollow noopener\" target=\"_blank\">Guillaume Ducat<\/a> devrait \u00eatre titulaire. Jedrasiak et Maravat seront importants dans la rotation, <strong>tout comme la pieuvre <a href=\"https:\/\/www.lerugbynistere.fr\/fiches-joueurs\/leone-nakarawa.php\" ui-sref=\"app.player({playerId: 2554})\" alt=\"Leone Nakarawa\" data-route=\"app.player\" data-param=\"playerId\" data-id=\"2554\" rel=\"nofollow noopener\" target=\"_blank\">Leone Nakarawa<\/a>, toujours l\u00e0 \u00e0 36 ans<\/strong>.<\/p>\n<p>La troisi\u00e8me ligne semble, quant \u00e0 elle, bien install\u00e9e et ind\u00e9boulonnable. <strong><a href=\"https:\/\/www.lerugbynistere.fr\/fiches-joueurs\/abraham-papalii.php\" ui-sref=\"app.player({playerId: 11773})\" alt=\"Abraham Papali&#039;i\" data-route=\"app.player\" data-param=\"playerId\" data-id=\"11773\" rel=\"nofollow noopener\" target=\"_blank\">Abraham Papali&rsquo;i<\/a> install\u00e9 en 8, entour\u00e9 par Delaporte et le capitaine Babillot sur les ailes<\/strong>. Meka, la recrue Ramototabua, Ardron, Tukino et Cope assureront la rotation.<\/p>\n<p><a class=\"inserer_lien_article\" href=\"https:\/\/www.lerugbynistere.fr\/news\/xv-de-france-malgre-une-reeducation-musclee-dupont-renonce-t-il-aux-springboks-en-novembre-0808251540.php\" data-id=\"45778\" data-route=\"app.article\" data-param=\"articleId\" ui-sref=\"app.article({articleId: 45778})\" alt=\"XV DE FRANCE. Malgr\u00e9 une r\u00e9\u00e9ducation muscl\u00e9e, Dupont renonce-t-il aux Springboks en novembre ?\" title=\"XV DE FRANCE. Malgr\u00e9 une r\u00e9\u00e9ducation muscl\u00e9e, Dupont renonce-t-il aux Springboks en novembre ?\" rel=\"nofollow noopener\" target=\"_blank\"><img decoding=\"async\" src=\"https:\/\/www.europesays.com\/fr\/wp-content\/uploads\/2025\/08\/antoine-dupont-et-lafrique-du-sud-08-08-25-3307.jpg\" alt=\"XV DE FRANCE. Malgr\u00e9 une r\u00e9\u00e9ducation muscl\u00e9e, Dupont renonce-t-il aux Springboks en novembre ?\"\/>XV DE FRANCE. Malgr\u00e9 une r\u00e9\u00e9ducation muscl\u00e9e, Dupont renonce-t-il aux Springboks en novembre ?<\/a><\/p>\n<p>Sans Dumora, Chabouni promis au poste d&rsquo;arri\u00e8re<\/p>\n<p>Peu de surprise aussi bien \u00e0 la charni\u00e8re qu&rsquo;au centre. <strong>Arata &#8211; Le Brun pour mener le jeu castrais, m\u00eame si le retour de blessure de Popelin pourrait rebattre les cartes<\/strong>. Goodhue &#8211; Botitu au centre, avec Cocagi et S\u00e9guret dans la rotation.<\/p>\n<p>Sur les ailes, la guerre devrait faire rage, m\u00eame si <a href=\"https:\/\/www.lerugbynistere.fr\/fiches-joueurs\/remy-baget.php\" ui-sref=\"app.player({playerId: 6146})\" alt=\"R\u00e9my Baget\" data-route=\"app.player\" data-param=\"playerId\" data-id=\"6146\" rel=\"nofollow noopener\" target=\"_blank\">R\u00e9my Baget<\/a> et <a href=\"https:\/\/www.lerugbynistere.fr\/fiches-joueurs\/christian-ambadiang.php\" ui-sref=\"app.player({playerId: 12153})\" alt=\"Christian Ambadiang\" data-route=\"app.player\" data-param=\"playerId\" data-id=\"12153\" rel=\"nofollow noopener\" target=\"_blank\">Christian Ambadiang<\/a> partent avec une longueur d&rsquo;avance. Hulleu et les recrues Vargas et Karawalevu n&rsquo;ont pas dit leur dernier mot. Et sans Julien Dumora, <strong><a href=\"https:\/\/www.lerugbynistere.fr\/fiches-joueurs\/theo-chabouni.php\" ui-sref=\"app.player({playerId: 15443})\" alt=\"Th\u00e9o Chabouni\" data-route=\"app.player\" data-param=\"playerId\" data-id=\"15443\" rel=\"nofollow noopener\" target=\"_blank\">Th\u00e9o Chabouni<\/a>, r\u00e9v\u00e9lation de la saison derni\u00e8re dans le Tarn, semble promis au poste<\/strong>, suppl\u00e9\u00e9 par l&rsquo;exp\u00e9riment\u00e9 <a href=\"https:\/\/www.lerugbynistere.fr\/fiches-joueurs\/geoffrey-palis.php\" ui-sref=\"app.player({playerId: 2691})\" alt=\"Geoffrey Palis\" data-route=\"app.player\" data-param=\"playerId\" data-id=\"2691\" rel=\"nofollow noopener\" target=\"_blank\">Geoffrey Palis<\/a>.<\/p>\n<p><a class=\"inserer_lien_article\" href=\"https:\/\/www.lerugbynistere.fr\/videos\/video-plus-de-victoires-avec-les-lions-quen-club-et-quen-equipe-nationale-van-der-flier-degaine-une-punchline-memorable-0808251254.php\" data-id=\"45777\" data-route=\"app.article\" data-param=\"articleId\" ui-sref=\"app.article({articleId: 45777})\" alt=\"VID\u00c9O. &#039;&#039;Plus de victoires avec les Lions qu&#039;en club et qu&#039;en \u00e9quipe nationale&#039;&#039; : Van der Flier d\u00e9gaine une punchline m\u00e9morable\" title=\"VID\u00c9O. &#039;&#039;Plus de victoires avec les Lions qu&#039;en club et qu&#039;en \u00e9quipe nationale&#039;&#039; : Van der Flier d\u00e9gaine une punchline m\u00e9morable\" rel=\"nofollow noopener\" target=\"_blank\"><img decoding=\"async\" src=\"https:\/\/www.europesays.com\/fr\/wp-content\/uploads\/2025\/08\/1754744056_432_josh-van-der-flier-dans-le-car-avec-les-lions-08-08-25-5293.jpg\" alt=\"VID\u00c9O. ''Plus de victoires avec les Lions qu'en club et qu'en \u00e9quipe nationale'' : Van der Flier d\u00e9gaine une punchline m\u00e9morable\"\/>VID\u00c9O. \u00a0\u00bbPlus de victoires avec les Lions qu&rsquo;en club et qu&rsquo;en \u00e9quipe nationale\u00a0\u00bb : Van der Flier d\u00e9gaine une punchline m\u00e9morable<\/a><\/p>\n<p>XV type probable Castres 2025-2026<\/p>\n<p>1<\/p>\n<p>Walcker<\/p>\n<p>2<\/p>\n<p>Zarantonello<\/p>\n<p>3<\/p>\n<p>Collier<\/p>\n<p>6<\/p>\n<p>Babillot<\/p>\n<p>8<\/p>\n<p>Papali&rsquo;i<\/p>\n<p>7<\/p>\n<p>Delaporte<\/p>\n<p>11<\/p>\n<p>Baget<\/p>\n<p>12<\/p>\n<p>Goodhue<\/p>\n<p>13<\/p>\n<p>Botitu<\/p>\n<p>14<\/p>\n<p>Ambadiang<\/p>\n","protected":false},"excerpt":{"rendered":"On ne connait que trop bien le Castres Olympique pour \u00eatre surpris. Comme \u00e0 son habitude, le CO&hellip;\n","protected":false},"author":2,"featured_media":307341,"comment_status":"","ping_status":"","sticky":false,"template":"","format":"standard","meta":{"footnotes":""},"categories":[1416],"tags":[1011,27,479,1468,60],"class_list":{"0":"post-307340","1":"post","2":"type-post","3":"status-publish","4":"format-standard","5":"has-post-thumbnail","7":"category-rugby","8":"tag-fr","9":"tag-france","10":"tag-rugby","11":"tag-rugby-football","12":"tag-sports"},"share_on_mastodon":{"url":"https:\/\/pubeurope.com\/@fr\/114998913565495042","error":""},"_links":{"self":[{"href":"https:\/\/www.europesays.com\/fr\/wp-json\/wp\/v2\/posts\/307340","targetHints":{"allow":["GET"]}}],"collection":[{"href":"https:\/\/www.europesays.com\/fr\/wp-json\/wp\/v2\/posts"}],"about":[{"href":"https:\/\/www.europesays.com\/fr\/wp-json\/wp\/v2\/types\/post"}],"author":[{"embeddable":true,"href":"https:\/\/www.europesays.com\/fr\/wp-json\/wp\/v2\/users\/2"}],"replies":[{"embeddable":true,"href":"https:\/\/www.europesays.com\/fr\/wp-json\/wp\/v2\/comments?post=307340"}],"version-history":[{"count":0,"href":"https:\/\/www.europesays.com\/fr\/wp-json\/wp\/v2\/posts\/307340\/revisions"}],"wp:featuredmedia":[{"embeddable":true,"href":"https:\/\/www.europesays.com\/fr\/wp-json\/wp\/v2\/media\/307341"}],"wp:attachment":[{"href":"https:\/\/www.europesays.com\/fr\/wp-json\/wp\/v2\/media?parent=307340"}],"wp:term":[{"taxonomy":"category","embeddable":true,"href":"https:\/\/www.europesays.com\/fr\/wp-json\/wp\/v2\/categories?post=307340"},{"taxonomy":"post_tag","embeddable":true,"href":"https:\/\/www.europesays.com\/fr\/wp-json\/wp\/v2\/tags?post=307340"}],"curies":[{"name":"wp","href":"https:\/\/api.w.org\/{rel}","templated":true}]}}