{"id":307373,"date":"2025-08-09T13:12:16","date_gmt":"2025-08-09T13:12:16","guid":{"rendered":"https:\/\/www.europesays.com\/fr\/307373\/"},"modified":"2025-08-09T13:12:16","modified_gmt":"2025-08-09T13:12:16","slug":"trump-assure-avoir-definitivement-reconcilie-lazerbaidjan-et-larmenie-09-08-2025-a-1323","status":"publish","type":"post","link":"https:\/\/www.europesays.com\/fr\/307373\/","title":{"rendered":"Trump assure avoir \u00ab\u00a0d\u00e9finitivement\u00a0\u00bb r\u00e9concili\u00e9 l&rsquo;Azerba\u00efdjan et l&rsquo;Arm\u00e9nie &#8211; 09\/08\/2025 \u00e0 13:23"},"content":{"rendered":"<p>        <img fetchpriority=\"high\" decoding=\"async\" src=\"https:\/\/www.europesays.com\/fr\/wp-content\/uploads\/2025\/08\/839c52ba00387cb06a3f44485a5b77e0-760x513.jpg\" alt=\"Le pr\u00e9sident azerba\u00efdjanais Ilham Aliev (\u00e0 gauche) et le Premier ministre arm\u00e9nien Nikol Pachinian (\u00e0 droite) se serrent la main en pr\u00e9sence du pr\u00e9sident am\u00e9ricain Donald Trump, le 8 ao\u00fbt 2025 \u00e0 la Maison Blanche ( AFP \/ ANDREW CABALLERO-REYNOLDS )\" loading=\"eager\" width=\"760\" height=\"513\" style=\"max-width: 100%!important; height: auto;\"\/><\/p>\n<p class=\"c-image-news__legend\">Le pr\u00e9sident azerba\u00efdjanais Ilham Aliev (\u00e0 gauche) et le Premier ministre arm\u00e9nien Nikol Pachinian (\u00e0 droite) se serrent la main en pr\u00e9sence du pr\u00e9sident am\u00e9ricain Donald Trump, le 8 ao\u00fbt 2025 \u00e0 la Maison Blanche ( AFP \/ ANDREW CABALLERO-REYNOLDS )<\/p>\n<p>\n L&rsquo;Arm\u00e9nie et l&rsquo;Azerba\u00efdjan se sont engag\u00e9s vendredi \u00e0 Washington \u00e0 \u00ab\u00a0cesser d\u00e9finitivement\u00a0\u00bb, selon Donald Trump, le conflit territorial qui les oppose depuis des d\u00e9cennies.\n<\/p>\n<p>\n A ses c\u00f4t\u00e9s \u00e0 la Maison Blanche, le pr\u00e9sident azerba\u00efdjanais Ilham Aliev et le Premier ministre arm\u00e9nien Nikol Pachinian ont estim\u00e9 que la m\u00e9diation du pr\u00e9sident am\u00e9ricain, tr\u00e8s sensible aux honneurs et distinctions, devait lui valoir le prix Nobel de la paix.\n<\/p>\n<p>\n Les deux anciennes r\u00e9publiques sovi\u00e9tiques \u00ab\u00a0s&rsquo;engagent \u00e0 cesser d\u00e9finitivement tout conflit, \u00e0 ouvrir les relations commerciales et diplomatiques et \u00e0 respecter la souverainet\u00e9 et l&rsquo;int\u00e9gralit\u00e9 territoriale\u00a0\u00bb de chacune, a assur\u00e9 le pr\u00e9sident am\u00e9ricain.\n<\/p>\n<p>\n La nature contraignante ou non de cet engagement n&rsquo;est toutefois pas claire.\n<\/p>\n<p>\n \u00ab\u00a0Vous allez avoir une tr\u00e8s bonne relation\u00a0\u00bb, a-t-il lanc\u00e9 \u00e0 ses deux invit\u00e9s, ajoutant: \u00ab\u00a0Si ce n&rsquo;est pas le cas, appelez-moi et j&rsquo;arrangerai \u00e7a\u00a0\u00bb.\n<\/p>\n<p>\n \u00ab\u00a0Nous nous r\u00e9jouissons des progr\u00e8s r\u00e9alis\u00e9s en vue de l&rsquo;\u00e9tablissement d&rsquo;une paix durable entre l&rsquo;Azerba\u00efdjan et l&rsquo;Arm\u00e9nie\u00a0\u00bb, a salu\u00e9 le minist\u00e8re turc des Affaires \u00e9trang\u00e8res dans un communiqu\u00e9, r\u00e9agissant aux annonces de Washington.\n<\/p>\n<p>\n Son homologue iranien s&rsquo;est f\u00e9licit\u00e9 du texte tout en exprimant \u00ab\u00a0sa pr\u00e9occupation quant aux cons\u00e9quences n\u00e9gatives de toute intervention \u00e9trang\u00e8re, sous quelque forme que ce soit\u00a0\u00bb.\n<\/p>\n<p> &#8211; Nobel de la paix &#8211;<\/p>\n<p>\n La France, o\u00f9 vivent des centaines de milliers de personnes d&rsquo;origine arm\u00e9nienne, a pour sa part \u00e9voqu\u00e9 une \u00ab\u00a0avanc\u00e9e d\u00e9terminante\u00a0\u00bb, n\u00e9goci\u00e9e \u00ab\u00a0en vue de la normalisation des relations\u00a0\u00bb entre Erevan et Bakou.\n<\/p>\n<p>\n Londres a salu\u00e9 des \u00ab\u00a0mesures audacieuses\u00a0\u00bb pour la paix apr\u00e8s l&rsquo;accord et le \u00ab\u00a0r\u00f4le essentiel\u00a0\u00bb de Donald Trump et Berlin un trait\u00e9 \u00ab\u00a0porteur d&rsquo;espoir\u00a0\u00bb.\n<\/p>\n<p>\n La pr\u00e9sidente de la Commission europ\u00e9enne Ursula von der Leyen et le pr\u00e9sident du Conseil europ\u00e9en Antonio Costa ont \u00e9voqu\u00e9 dans un texte commun \u00ab\u00a0une avanc\u00e9e majeure&#8230; ouvrant la voie \u00e0 une paix durable et viable pour les deux pays et pour toute la r\u00e9gion\u00a0\u00bb.\n<\/p>\n<p>\n \u00ab\u00a0C&rsquo;est un pas en avant significatif\u00a0\u00bb, a estim\u00e9 Allison Hart, porte-parole de l&rsquo;Otan.\n<\/p>\n<p>\n Parlant de jour \u00ab\u00a0historique\u00a0\u00bb, Ilham Aliev a propos\u00e9 d&rsquo;envoyer, avec Nikol Pachinian, une lettre pour soutenir la candidature de M. Trump au prix Nobel de la paix.\n<\/p>\n<p>\n \u00ab\u00a0Qui, si ce n&rsquo;est le pr\u00e9sident Trump, (le) m\u00e9rite?\u00a0\u00bb, a demand\u00e9 l&rsquo;homme fort de Bakou.\n<\/p>\n<p>\n Il a remerci\u00e9 Donald Trump pour sa d\u00e9cision, \u00e9galement annonc\u00e9e vendredi, de lever les restrictions pesant depuis plusieurs ann\u00e9es sur la coop\u00e9ration militaire de son pays avec les Etats-Unis.\n<\/p>\n<p>\n Le dirigeant arm\u00e9nien a lui aussi exprim\u00e9 son soutien \u00e0 un prix Nobel de la paix pour Donald Trump: \u00ab\u00a0Nous allons d\u00e9fendre\u00a0\u00bb cette candidature.\n<\/p>\n<p>\n Les candidatures pour le prix Nobel de la paix 2025 sont closes depuis le 31 janvier et ne sont pas rendues publiques.\n<\/p>\n<p> &#8211; \u00ab\u00a0Fort et intelligent\u00a0\u00bb &#8211;<\/p>\n<p>\n Isra\u00ebl, le Pakistan et le Cambodge ont annonc\u00e9 r\u00e9cemment qu&rsquo;ils nommaient Donald Trump, lequel estime m\u00e9riter amplement cette distinction pour divers efforts de m\u00e9diation.\n<\/p>\n<p>\n MM. Aliev et Pachinian se sont serr\u00e9 la main sous l&rsquo;oeil de Donald Trump, et ont ensuite sign\u00e9 tout comme lui une \u00ab\u00a0d\u00e9claration commune\u00a0\u00bb.\n<\/p>\n<p>\n \u00ab\u00a0Nous \u00e9tablissons aujourd&rsquo;hui la paix dans le Caucase\u00a0\u00bb, a comment\u00e9 le pr\u00e9sident azerba\u00efdjanais.\n<\/p>\n<p>\n \u00ab\u00a0Aujourd&rsquo;hui, nous pouvons dire que la paix a \u00e9t\u00e9 obtenue\u00a0\u00bb, a d\u00e9clar\u00e9  le Premier ministre arm\u00e9nien lors d&rsquo;une conf\u00e9rence de presse.\n<\/p>\n<p>        <img decoding=\"async\" src=\"https:\/\/www.europesays.com\/fr\/wp-content\/uploads\/2025\/08\/03df9350875e28a3f8871bb55dd55e05-760x507.jpg\" alt=\"Le pr\u00e9sident am\u00e9ricain Donald Trump re\u00e7oit le Premier ministre arm\u00e9nien Nikol Pashinyan \u00e0 la Maison Blanche le 8 ao\u00fbt 2025 ( AFP \/ ANDREW CABALLERO-REYNOLDS )\" loading=\"eager\" width=\"760\" height=\"507\" style=\"max-width: 100%!important; height: auto;\"\/><\/p>\n<p class=\"c-image-news__legend\">Le pr\u00e9sident am\u00e9ricain Donald Trump re\u00e7oit le Premier ministre arm\u00e9nien Nikol Pashinyan \u00e0 la Maison Blanche le 8 ao\u00fbt 2025 ( AFP \/ ANDREW CABALLERO-REYNOLDS )<\/p>\n<p>\n L&rsquo;accord conclu vendredi pr\u00e9voit la cr\u00e9ation d&rsquo;une zone de transit passant par l&rsquo;Arm\u00e9nie et reliant l&rsquo;Azerba\u00efdjan \u00e0 son enclave du Nakhitchevan plus \u00e0 l&rsquo;ouest.\n<\/p>\n<p>\n Cette zone de transit, qui r\u00e9pond \u00e0 une revendication de longue date de Bakou, sera nomm\u00e9e \u00ab\u00a0Voie Trump pour la paix et la prosp\u00e9rit\u00e9 internationale\u00a0\u00bb (TRIPP, son acronyme en anglais).\n<\/p>\n<p>\n Les Etats-Unis y disposeront de droits de d\u00e9veloppement, ce qui leur permet d&rsquo;avancer leurs pions dans une r\u00e9gion tr\u00e8s strat\u00e9gique et riche en hydrocarbures.\n<\/p>\n<p>\n Un haut responsable am\u00e9ricain a assur\u00e9 que l&rsquo;Arm\u00e9nie ne sortait pas perdante des tractations, car elle gagnait un \u00e9troit partenariat avec les Etats-Unis.\n<\/p>\n<p> &#8211; Karabakh &#8211;<\/p>\n<p>\n Le pr\u00e9sident am\u00e9ricain, dont la fascination pour les r\u00e9gimes autoritaires est connue, a demand\u00e9 \u00e0 Ilham Aliev depuis combien de temps il \u00e9tait au pouvoir.\n<\/p>\n<p>\n \u00ab\u00a022 ans\u00a0\u00bb, a r\u00e9pondu le pr\u00e9sident azerba\u00efdjanais.\n<\/p>\n<p>\n \u00ab\u00a0Cela veut dire qu&rsquo;il est fort et intelligent\u00a0\u00bb, a comment\u00e9 Donald Trump.\n<\/p>\n<p>\n M. Aliev a \u00e9t\u00e9 \u00e9lu en f\u00e9vrier 2024 pour un cinqui\u00e8me mandat, avec 90% des suffrages, et apr\u00e8s un scrutin sans v\u00e9ritable opposition selon les observateurs internationaux.\n<\/p>\n<p>\n La question toujours tr\u00e8s sensible du Karabakh n&rsquo;a gu\u00e8re \u00e9t\u00e9 \u00e9voqu\u00e9e vendredi \u00e0 la Maison Blanche.\n<\/p>\n<p>\n Cette r\u00e9gion contest\u00e9e est reconnue internationalement comme faisant partie de l&rsquo;Azerba\u00efdjan mais a \u00e9t\u00e9 contr\u00f4l\u00e9e pendant trois d\u00e9cennies par des s\u00e9paratistes arm\u00e9niens.\n<\/p>\n<p>        <img decoding=\"async\" src=\"https:\/\/www.europesays.com\/fr\/wp-content\/uploads\/2025\/08\/40ccec9d908bd18969eefe5108664350-760x461.jpg\" alt=\"Des r\u00e9fugi\u00e9s arm\u00e9niens fuient le Karabakh face \u00e0 l'offensive de l'arm\u00e9e azerba\u00efdjanaise, le 28 septembre 2023 ( AFP \/ Siranush Sargsyan )\" loading=\"eager\" width=\"760\" height=\"461\" style=\"max-width: 100%!important; height: auto;\"\/><\/p>\n<p class=\"c-image-news__legend\">Des r\u00e9fugi\u00e9s arm\u00e9niens fuient le Karabakh face \u00e0 l&rsquo;offensive de l&rsquo;arm\u00e9e azerba\u00efdjanaise, le 28 septembre 2023 ( AFP \/ Siranush Sargsyan )<\/p>\n<p>\n Bakou a repris partiellement l&rsquo;enclave lors d&rsquo;une nouvelle guerre \u00e0 l&rsquo;automne 2020, puis enti\u00e8rement lors d&rsquo;une offensive \u00e9clair en septembre 2023.\n<\/p>\n<p>\n Bakou et Erevan s&rsquo;\u00e9taient mis d&rsquo;accord en mars sur le texte d&rsquo;un trait\u00e9 de paix. Mais l&rsquo;Azerba\u00efdjan, victorieux, exige que l&rsquo;Arm\u00e9nie modifie sa Constitution pour renoncer officiellement \u00e0 toute revendication territoriale sur le Karabakh.\n<\/p>\n<p>\n Nikol Pachinian s&rsquo;est d\u00e9clar\u00e9 pr\u00eat \u00e0 s&rsquo;y conformer, annon\u00e7ant son intention d&rsquo;organiser un r\u00e9f\u00e9rendum constitutionnel en 2027. Mais le traumatisme de la perte du Karabakh, appel\u00e9 Artsakh en arm\u00e9nien, continue de diviser son pays.<\/p>\n","protected":false},"excerpt":{"rendered":"Le pr\u00e9sident azerba\u00efdjanais Ilham Aliev (\u00e0 gauche) et le Premier ministre arm\u00e9nien Nikol Pachinian (\u00e0 droite) se serrent&hellip;\n","protected":false},"author":2,"featured_media":307374,"comment_status":"","ping_status":"","sticky":false,"template":"","format":"standard","meta":{"footnotes":""},"categories":[5],"tags":[400,11,398,408,405,1011,27,403,14,402,399,404,12,401,406,407,28],"class_list":{"0":"post-307373","1":"post","2":"type-post","3":"status-publish","4":"format-standard","5":"has-post-thumbnail","7":"category-international","8":"tag-action-cac-40","9":"tag-actualites","10":"tag-bourse-de-paris","11":"tag-boursorama","12":"tag-cotations","13":"tag-fr","14":"tag-france","15":"tag-indices-devises","16":"tag-international","17":"tag-investir","18":"tag-investissement","19":"tag-marche-boursier","20":"tag-news","21":"tag-sicav","22":"tag-trackers","23":"tag-warrants","24":"tag-world"},"share_on_mastodon":{"url":"https:\/\/pubeurope.com\/@fr\/114998984427904314","error":""},"_links":{"self":[{"href":"https:\/\/www.europesays.com\/fr\/wp-json\/wp\/v2\/posts\/307373","targetHints":{"allow":["GET"]}}],"collection":[{"href":"https:\/\/www.europesays.com\/fr\/wp-json\/wp\/v2\/posts"}],"about":[{"href":"https:\/\/www.europesays.com\/fr\/wp-json\/wp\/v2\/types\/post"}],"author":[{"embeddable":true,"href":"https:\/\/www.europesays.com\/fr\/wp-json\/wp\/v2\/users\/2"}],"replies":[{"embeddable":true,"href":"https:\/\/www.europesays.com\/fr\/wp-json\/wp\/v2\/comments?post=307373"}],"version-history":[{"count":0,"href":"https:\/\/www.europesays.com\/fr\/wp-json\/wp\/v2\/posts\/307373\/revisions"}],"wp:featuredmedia":[{"embeddable":true,"href":"https:\/\/www.europesays.com\/fr\/wp-json\/wp\/v2\/media\/307374"}],"wp:attachment":[{"href":"https:\/\/www.europesays.com\/fr\/wp-json\/wp\/v2\/media?parent=307373"}],"wp:term":[{"taxonomy":"category","embeddable":true,"href":"https:\/\/www.europesays.com\/fr\/wp-json\/wp\/v2\/categories?post=307373"},{"taxonomy":"post_tag","embeddable":true,"href":"https:\/\/www.europesays.com\/fr\/wp-json\/wp\/v2\/tags?post=307373"}],"curies":[{"name":"wp","href":"https:\/\/api.w.org\/{rel}","templated":true}]}}