{"id":307378,"date":"2025-08-09T13:16:24","date_gmt":"2025-08-09T13:16:24","guid":{"rendered":"https:\/\/www.europesays.com\/fr\/307378\/"},"modified":"2025-08-09T13:16:24","modified_gmt":"2025-08-09T13:16:24","slug":"pronostic-stade-lavallois-saint-etienne-ligue-2","status":"publish","type":"post","link":"https:\/\/www.europesays.com\/fr\/307378\/","title":{"rendered":"Pronostic Stade Lavallois Saint \u00c9tienne &#8211; Ligue 2"},"content":{"rendered":"<p class=\"text-xs leading-5 text-gray-400 mb-2\">\n                        Publi\u00e9 le 09\/08\/2025 04:49<br \/>\n                        \u00a0par<br \/>\n                                                            <a href=\"https:\/\/www.sportytrader.com\/auteur\/steeven-occhipinti-1\/\" target=\"_blank\" rel=\"noopener\">Steeven Occhipinti<\/a><\/p>\n<p>                                                                                                            dans<br \/>\n                                <a data-trans=\"tips.published.competition %competition%\" href=\"https:\/\/www.sportytrader.com\/pronostics\/football\/france\/ligue-2-124\/\" target=\"_blank\" rel=\"noopener\"><br \/>\n                                    Pronostic Ligue 2<br \/>\n                                <\/a><\/p>\n<p style=\"text-align: justify;\">L&rsquo;un des gros rendez-vous de cette 1re journ\u00e9e de la Ligue 2 oppose le Stade Lavallois \u00e0 l&rsquo;AS Saint-\u00c9tienne, ce samedi \u00e0 20h00 au Stade Francis-Le Basser. Lors du dernier exercice, les locaux ont longtemps lutt\u00e9 pour un ticket pour les barrages de mont\u00e9e. Finalement, ils ont d\u00fb se contenter de la 7e place du classement. L&rsquo;\u00e9curie lavalloise tentera de faire mieux dans les mois \u00e0 venir pour r\u00eaver du top 5. L&rsquo;\u00e9quipe entra\u00een\u00e9e par Olivier Frapolli a fait le plein de confiance\u00a0durant l&rsquo;\u00e9t\u00e9. En 5 rencontres de pr\u00e9paration, elle n&rsquo;a perdu qu&rsquo;une seule fois et a surtout connu pr\u00e8s de 3 succ\u00e8s.<\/p>\n<p style=\"text-align: justify;\">C&rsquo;est toutefois un tr\u00e8s gros morceau qui se pr\u00e9sente sur sa pelouse pour son entr\u00e9e en lice dans ce nouvel exercice. De son c\u00f4t\u00e9, l&rsquo;AS Saint-\u00c9tienne \u00e9voluait encore en Ligue 1 lors de la derni\u00e8re saison et a finalement \u00e9t\u00e9 r\u00e9trograd\u00e9e en terminant \u00e0 la 17e position. Les Verts se sont cependant montr\u00e9s tr\u00e8s actifs durant le mercato estival et confirment leur ambition de remonter tr\u00e8s vite dans l&rsquo;\u00e9lite du football tricolore. M\u00eame s&rsquo;ils ont perdu lors de leurs 3 derni\u00e8res rencontres amicales, les hommes d&rsquo;Eirik Horneland auront l&rsquo;intention de faire forte impression pour leurs d\u00e9buts dans cette \u00e9dition de la Ligue 2.<\/p>\n","protected":false},"excerpt":{"rendered":"Publi\u00e9 le 09\/08\/2025 04:49 \u00a0par Steeven Occhipinti dans Pronostic Ligue 2 L&rsquo;un des gros rendez-vous de cette 1re&hellip;\n","protected":false},"author":2,"featured_media":307379,"comment_status":"","ping_status":"","sticky":false,"template":"","format":"standard","meta":{"footnotes":""},"categories":[9653],"tags":[1111,11,2430,1777,674,1011,27,446,12,1817,1821,25,4001,40802],"class_list":{"0":"post-307378","1":"post","2":"type-post","3":"status-publish","4":"format-standard","5":"has-post-thumbnail","7":"category-saint-etienne","8":"tag-actu","9":"tag-actualites","10":"tag-auvergne-rhone-alpes","11":"tag-eu","12":"tag-europe","13":"tag-fr","14":"tag-france","15":"tag-ligue-2","16":"tag-news","17":"tag-pronostic","18":"tag-pronostics","19":"tag-republique-francaise","20":"tag-saint-etienne","21":"tag-stade-lavallois"},"share_on_mastodon":{"url":"https:\/\/pubeurope.com\/@fr\/114998999938878233","error":""},"_links":{"self":[{"href":"https:\/\/www.europesays.com\/fr\/wp-json\/wp\/v2\/posts\/307378","targetHints":{"allow":["GET"]}}],"collection":[{"href":"https:\/\/www.europesays.com\/fr\/wp-json\/wp\/v2\/posts"}],"about":[{"href":"https:\/\/www.europesays.com\/fr\/wp-json\/wp\/v2\/types\/post"}],"author":[{"embeddable":true,"href":"https:\/\/www.europesays.com\/fr\/wp-json\/wp\/v2\/users\/2"}],"replies":[{"embeddable":true,"href":"https:\/\/www.europesays.com\/fr\/wp-json\/wp\/v2\/comments?post=307378"}],"version-history":[{"count":0,"href":"https:\/\/www.europesays.com\/fr\/wp-json\/wp\/v2\/posts\/307378\/revisions"}],"wp:featuredmedia":[{"embeddable":true,"href":"https:\/\/www.europesays.com\/fr\/wp-json\/wp\/v2\/media\/307379"}],"wp:attachment":[{"href":"https:\/\/www.europesays.com\/fr\/wp-json\/wp\/v2\/media?parent=307378"}],"wp:term":[{"taxonomy":"category","embeddable":true,"href":"https:\/\/www.europesays.com\/fr\/wp-json\/wp\/v2\/categories?post=307378"},{"taxonomy":"post_tag","embeddable":true,"href":"https:\/\/www.europesays.com\/fr\/wp-json\/wp\/v2\/tags?post=307378"}],"curies":[{"name":"wp","href":"https:\/\/api.w.org\/{rel}","templated":true}]}}