{"id":307388,"date":"2025-08-09T13:29:15","date_gmt":"2025-08-09T13:29:15","guid":{"rendered":"https:\/\/www.europesays.com\/fr\/307388\/"},"modified":"2025-08-09T13:29:15","modified_gmt":"2025-08-09T13:29:15","slug":"un-grave-accident-sur-la48-lautoroute-coupee-entre-saint-egreve-et-le-peage-de-voreppe","status":"publish","type":"post","link":"https:\/\/www.europesays.com\/fr\/307388\/","title":{"rendered":"Un grave accident sur l&rsquo;A48, l&rsquo;autoroute coup\u00e9e entre Saint-\u00c9gr\u00e8ve et le p\u00e9age de Voreppe"},"content":{"rendered":"<p>Un grave accident de la circulation impliquant une moto, sur l&rsquo;A48 ce samedi \u00e0 la mi-journ\u00e9e au niveau de Fontanil-Cornillon cr\u00e9e d&rsquo;importants bouchons sur l&rsquo;autoroute. L&rsquo;autoroute est coup\u00e9e dans le sens Grenoble-Lyon entre Saint-\u00c9gr\u00e8ve et le p\u00e9age de Voreppe.<\/p>\n<p>Un motard a \u00e9t\u00e9 gri\u00e8vement bless\u00e9 ce samedi 9 ao\u00fbt \u00e0 la mi-journ\u00e9e, apr\u00e8s un grave accident de la circulation sur l&rsquo;A48 au niveau de Fontanil-Cornillon (Is\u00e8re). Vraisemblablement seul en cause selon les pompiers de l&rsquo;Is\u00e8re, le pilote a \u00e9t\u00e9 \u00e9ject\u00e9 de son engin suite \u00e0 son accident (dont on ignore encore les circonstances) avant de faire une chute de trois m\u00e8tres dans un foss\u00e9. Gri\u00e8vement bless\u00e9, les pompiers ainsi qu&rsquo;un h\u00e9licopt\u00e8re de la s\u00e9curit\u00e9 civile et une \u00e9quipe du SMUR ont \u00e9t\u00e9 d\u00e9p\u00each\u00e9s sur place pour le prendre en charge.<\/p>\n<p>L&rsquo;A48 coup\u00e9e dans le sens Grenoble-Lyon<\/p>\n<p>Pour pouvoir porter secours au bless\u00e9, l&rsquo;h\u00e9licopt\u00e8re de la s\u00e9curit\u00e9 civile a d\u00fb se poser sur l&rsquo;autoroute, avec pour cons\u00e9quence, une coupure de la route pour les voitures, cr\u00e9ant ainsi de nombreux bouchons. Impossible de circuler sur l&rsquo;A48 entre Saint-\u00c9gr\u00e8ve et le p\u00e9age de Voreppe dans le sens Grenoble-Lyon, pr\u00e9cisent les secours, qui \u00e9taient encore sur place \u00e0 14 heures et qui ont pr\u00e9vu d&rsquo;h\u00e9liporter le bless\u00e9 au CHU de Grenoble en urgence absolue.<\/p>\n","protected":false},"excerpt":{"rendered":"Un grave accident de la circulation impliquant une moto, sur l&rsquo;A48 ce samedi \u00e0 la mi-journ\u00e9e au niveau&hellip;\n","protected":false},"author":2,"featured_media":307389,"comment_status":"","ping_status":"","sticky":false,"template":"","format":"standard","meta":{"footnotes":""},"categories":[9566],"tags":[1111,11,2430,1777,674,1011,27,2731,12,25],"class_list":{"0":"post-307388","1":"post","2":"type-post","3":"status-publish","4":"format-standard","5":"has-post-thumbnail","7":"category-grenoble","8":"tag-actu","9":"tag-actualites","10":"tag-auvergne-rhone-alpes","11":"tag-eu","12":"tag-europe","13":"tag-fr","14":"tag-france","15":"tag-grenoble","16":"tag-news","17":"tag-republique-francaise"},"share_on_mastodon":{"url":"https:\/\/pubeurope.com\/@fr\/114999051141178109","error":""},"_links":{"self":[{"href":"https:\/\/www.europesays.com\/fr\/wp-json\/wp\/v2\/posts\/307388","targetHints":{"allow":["GET"]}}],"collection":[{"href":"https:\/\/www.europesays.com\/fr\/wp-json\/wp\/v2\/posts"}],"about":[{"href":"https:\/\/www.europesays.com\/fr\/wp-json\/wp\/v2\/types\/post"}],"author":[{"embeddable":true,"href":"https:\/\/www.europesays.com\/fr\/wp-json\/wp\/v2\/users\/2"}],"replies":[{"embeddable":true,"href":"https:\/\/www.europesays.com\/fr\/wp-json\/wp\/v2\/comments?post=307388"}],"version-history":[{"count":0,"href":"https:\/\/www.europesays.com\/fr\/wp-json\/wp\/v2\/posts\/307388\/revisions"}],"wp:featuredmedia":[{"embeddable":true,"href":"https:\/\/www.europesays.com\/fr\/wp-json\/wp\/v2\/media\/307389"}],"wp:attachment":[{"href":"https:\/\/www.europesays.com\/fr\/wp-json\/wp\/v2\/media?parent=307388"}],"wp:term":[{"taxonomy":"category","embeddable":true,"href":"https:\/\/www.europesays.com\/fr\/wp-json\/wp\/v2\/categories?post=307388"},{"taxonomy":"post_tag","embeddable":true,"href":"https:\/\/www.europesays.com\/fr\/wp-json\/wp\/v2\/tags?post=307388"}],"curies":[{"name":"wp","href":"https:\/\/api.w.org\/{rel}","templated":true}]}}