{"id":307390,"date":"2025-08-09T13:30:17","date_gmt":"2025-08-09T13:30:17","guid":{"rendered":"https:\/\/www.europesays.com\/fr\/307390\/"},"modified":"2025-08-09T13:30:17","modified_gmt":"2025-08-09T13:30:17","slug":"un-pic-de-chaleur-attendu-en-bretagne-voici-les-villes-ou-il-fera-le-plus-chaud","status":"publish","type":"post","link":"https:\/\/www.europesays.com\/fr\/307390\/","title":{"rendered":"un pic de chaleur attendu en Bretagne, voici les villes o\u00f9 il fera le plus chaud"},"content":{"rendered":"<p>            Par<br \/>\n        <strong><br \/>\n            <a href=\"https:\/\/actu.fr\/auteur\/lou-batteux\" title=\"Consulter tous les articles de Lou Batteux\" rel=\"nofollow noopener\" target=\"_blank\">Lou Batteux<\/a><br \/>\n        <\/strong><\/p>\n<p>        Publi\u00e9 le<\/p>\n<p>            9 ao\u00fbt 2025 \u00e0 7h32        <\/p>\n<p>Si <a href=\"https:\/\/actu.fr\/bretagne\/rennes_35238\/meteo-en-bretagne-une-nouvelle-sequence-estivale-arrive-les-temperatures-vont-augmenter_62987169.html\" rel=\"nofollow noopener\" target=\"_blank\">le beau temps est revenu en Bretagne depuis le d\u00e9but de la semaine<\/a>, les temp\u00e9ratures n\u2019ont pas fini de monter. Lundi prochain, un pic de chaleur va toucher <strong>l\u2019ensemble de la r\u00e9gion<\/strong>, et surtout l\u2019Ille-et-Vilaine.<\/p>\n<p class=\" wall-content\">Les temp\u00e9ratures devraient grimper d\u00e8s ce <strong>dimanche 10 ao\u00fbt<\/strong>. \u00c0 <strong>l\u2019est et au sud de l\u2019Ille-et-Vilaine<\/strong> notamment, elles atteindront <strong>30\u00b0C, <\/strong>rel\u00e8ve J\u00e9r\u00f4me Dr\u00e9ano, m\u00e9t\u00e9orologue \u00e0 <a href=\"https:\/\/meteofrance.com\/previsions-meteo-france\/bretagne\/5\" rel=\"nofollow noopener\" target=\"_blank\">M\u00e9t\u00e9o Bretagne<\/a>.<\/p>\n<p>Jusqu\u2019\u00e0 38\u00b0C au sud de l\u2019Ille-et-Vilaine<\/p>\n<p class=\" wall-content\">Lundi 11 ao\u00fbt, la chaleur s\u2019imposera en Bretagne. Les d\u00e9partements les plus impact\u00e9s seront <strong>l\u2019Ille-et-Vilaine et le Morbihan<\/strong>, avec des temp\u00e9ratures \u00ab\u00a0d\u00e9passant tr\u00e8s largement les <strong>30\u00b0C\u00a0\u00bb<\/strong>. J\u00e9r\u00f4me Dr\u00e9ano note \u00e9galement<strong> un r\u00e9chauffement en Loire-Atlantique.\u00a0<\/strong><\/p>\n<p class=\" wall-content\">Au sud de l\u2019Ille-et-Vilaine, les temp\u00e9ratures monteront <strong>jusqu\u2019\u00e0 38\u00b0C<\/strong>. Les villes les plus chaudes seront :\u00a0<\/p>\n<ul class=\" wall-content\">\n<li>Bain-de-Bretagne ;<\/li>\n<li>La Guerche-de-Bretagne ;<\/li>\n<li>Redon ;<\/li>\n<li>Vitr\u00e9.<\/li>\n<\/ul>\n<p class=\" wall-content\">\n<p class=\" wall-content\"><strong>La Manche<\/strong> et plus g\u00e9n\u00e9ralement l\u2019ensemble du littoral nord, quant \u00e0 lui, sera \u00e0 l\u2019abri de ces fortes chaleurs. J\u00e9r\u00f4me Dr\u00e9ano indique des pr\u00e9visions entre <strong>22\u00b0C et 25\u00b0C<\/strong>.<\/p>\n<p class=\" wall-content\">En fin de journ\u00e9e, des <strong>nuages orageux<\/strong> et peut-\u00eatre m\u00eame du <strong>tonnerre<\/strong> pourraient se manifester.<\/p>\n<p>Un ph\u00e9nom\u00e8ne de chaleur de courte dur\u00e9e ?<\/p>\n<p class=\" wall-content\">Apr\u00e8s ce pic de chaleur journalier, la m\u00e9t\u00e9o est un peu plus <strong>incertaine<\/strong> pour J\u00e9r\u00f4me Dr\u00e9ano. Une <strong>bascule des vents<\/strong> se produira vers l\u2019ouest de la Bretagne, mais l\u2019Ille-et-Vilaine devrait conserver un climat chaud.<\/p>\n<p class=\" wall-content\">Sur la <strong>fa\u00e7ade atlantique<\/strong>, les temp\u00e9ratures baisseront largement <strong>en dessous des 30\u00b0C<\/strong>. Elles se maintiendront entre <strong>20\u00b0C et 25\u00b0C<\/strong>.<\/p>\n<p class=\" wall-content\">Suivez toute l\u2019actualit\u00e9 de vos villes et m\u00e9dias favoris en vous inscrivant \u00e0 <a href=\"https:\/\/moncompte.actu.fr\" title=\"D\u00e9couvez Mon Actu\" rel=\"nofollow noopener\" data-trk=\"{&quot;cta&quot;:{&quot;action&quot;:&quot;https:\\\/\\\/moncompte.actu.fr&quot;,&quot;category&quot;:&quot;mon compte&quot;,&quot;from&quot;:&quot;article footer&quot;,&quot;name&quot;:&quot;Mon actu&quot;,&quot;type&quot;:&quot;cta&quot;}}\" target=\"_blank\">Mon Actu<\/a>.<\/p>\n","protected":false},"excerpt":{"rendered":"Par Lou Batteux Publi\u00e9 le 9 ao\u00fbt 2025 \u00e0 7h32 Si le beau temps est revenu en Bretagne&hellip;\n","protected":false},"author":2,"featured_media":307391,"comment_status":"","ping_status":"","sticky":false,"template":"","format":"standard","meta":{"footnotes":""},"categories":[2821],"tags":[1111,11,829,1777,674,1011,27,2487,2357,12,4594,584,25,15637],"class_list":{"0":"post-307390","1":"post","2":"type-post","3":"status-publish","4":"format-standard","5":"has-post-thumbnail","7":"category-rennes","8":"tag-actu","9":"tag-actualites","10":"tag-bretagne","11":"tag-eu","12":"tag-europe","13":"tag-fr","14":"tag-france","15":"tag-meteo","16":"tag-meteo-france","17":"tag-news","18":"tag-orages","19":"tag-rennes","20":"tag-republique-francaise","21":"tag-vague-de-chaleur"},"share_on_mastodon":{"url":"https:\/\/pubeurope.com\/@fr\/114999055172589862","error":""},"_links":{"self":[{"href":"https:\/\/www.europesays.com\/fr\/wp-json\/wp\/v2\/posts\/307390","targetHints":{"allow":["GET"]}}],"collection":[{"href":"https:\/\/www.europesays.com\/fr\/wp-json\/wp\/v2\/posts"}],"about":[{"href":"https:\/\/www.europesays.com\/fr\/wp-json\/wp\/v2\/types\/post"}],"author":[{"embeddable":true,"href":"https:\/\/www.europesays.com\/fr\/wp-json\/wp\/v2\/users\/2"}],"replies":[{"embeddable":true,"href":"https:\/\/www.europesays.com\/fr\/wp-json\/wp\/v2\/comments?post=307390"}],"version-history":[{"count":0,"href":"https:\/\/www.europesays.com\/fr\/wp-json\/wp\/v2\/posts\/307390\/revisions"}],"wp:featuredmedia":[{"embeddable":true,"href":"https:\/\/www.europesays.com\/fr\/wp-json\/wp\/v2\/media\/307391"}],"wp:attachment":[{"href":"https:\/\/www.europesays.com\/fr\/wp-json\/wp\/v2\/media?parent=307390"}],"wp:term":[{"taxonomy":"category","embeddable":true,"href":"https:\/\/www.europesays.com\/fr\/wp-json\/wp\/v2\/categories?post=307390"},{"taxonomy":"post_tag","embeddable":true,"href":"https:\/\/www.europesays.com\/fr\/wp-json\/wp\/v2\/tags?post=307390"}],"curies":[{"name":"wp","href":"https:\/\/api.w.org\/{rel}","templated":true}]}}