{"id":307399,"date":"2025-08-09T13:36:45","date_gmt":"2025-08-09T13:36:45","guid":{"rendered":"https:\/\/www.europesays.com\/fr\/307399\/"},"modified":"2025-08-09T13:36:45","modified_gmt":"2025-08-09T13:36:45","slug":"renault-condamne-lamiante-a-provoque-le-cancer-de-son-mecano-2","status":"publish","type":"post","link":"https:\/\/www.europesays.com\/fr\/307399\/","title":{"rendered":"Renault condamn\u00e9, l\u2019amiante a provoqu\u00e9 le cancer de son m\u00e9cano"},"content":{"rendered":"<p>Il est sournois. Reste tapi durant de longues ann\u00e9es avant de vous \u00e9clater m\u00e9chamment \u00e0 la figure. L\u2019amiante a ressurgi sous la forme d\u2019un cancer bronchique chez cet homme, alors qu\u2019il \u00e9tait en retraite depuis neuf ans. Son travail chez Renault l\u2019a empoisonn\u00e9 \u00e0 petit feu.<\/p>\n<p>Aujourd\u2019hui tr\u00e8s affaibli, il n\u2019a pas remport\u00e9 de victoire contre la maladie, mais a gagn\u00e9 une bataille contre son ancien employeur, \u00e0 Saint-Herblain. Il y a quelques jours, le p\u00f4le social du tribunal de Nantes a jug\u00e9 que le garage Renault qui l\u2019avait employ\u00e9 durant trente ans, avait commis une faute inexcusable pour ne pas avoir mis en \u0153uvre des mesures de protection contre la poussi\u00e8re d\u2019amiante.<\/p>\n<p>Garnitures de frein<\/p>\n<p>D\u00e8s 1970, cet homme a boss\u00e9 comme m\u00e9canicien. Il s\u2019occupait de l\u2019entretien et la r\u00e9paration des poids lourds. <strong>\u00ab\u00a0L\u2019amiante \u00e9tait tr\u00e8s pr\u00e9sent dans les syst\u00e8mes de freinage. Quand on retirait les garnitures et qu\u2019on utilisait en plus la technique du soufflage, \u00e7a d\u00e9gageait une importante quantit\u00e9 de poussi\u00e8res d\u2019amiante\u00a0\u00bb,<\/strong> rapporte l\u2019avocat parisien Romain Finot, qui plaide de nombreuses affaires d\u2019amiante.<strong>\u00a0<\/strong>\u00c0 l\u2019automne 2012, le m\u00e9canicien prend sa retraite. En 2021, le couperet tombe. On lui diagnostique un ad\u00e9nocarcinome bronchique, une forme du cancer du poumon.<\/p>\n<p>La CPAM reconna\u00eet le caract\u00e8re professionnel de la maladie et fixe \u00e0 80\u00a0% son taux d\u2019invalidit\u00e9. L\u2019ancien professionnel a ainsi pu percevoir une rente annuelle de la CPAM d\u2019un peu de plus de 14\u00a0000\u00a0\u20ac. Vu l\u2019ampleur des pr\u00e9judices, les souffrances morales, physiques li\u00e9es aussi aux diff\u00e9rents traitements m\u00e9dicaux, le Fonds d\u2019indemnisation des victimes de l\u2019amiante, Fiva, a estim\u00e9 et vers\u00e9 pr\u00e8s de 97\u00a0000\u00a0\u20ac d\u2019indemnit\u00e9s.<\/p>\n<p>Risques connus<\/p>\n<p>Mais l\u2019employeur dans tout \u00e7a\u00a0? C\u2019est sa responsabilit\u00e9 que l\u2019ancien m\u00e9canicien ainsi que la Fiva sont all\u00e9s chercher aupr\u00e8s du tribunal judiciaire de Nantes. Pour les juges, aucun doute, la faute inexcusable de Renault est \u00e9tablie. Les pr\u00e9conisations du port du masque, l\u2019interdiction du soufflage n\u2019ont pas \u00e9t\u00e9 mises en place. <strong>\u00ab\u00a0L\u2019employeur ne peut s\u00e9rieusement soutenir, au regard de sa taille et de son importance \u00e9conomique, qu\u2019il ignorait les risques li\u00e9s \u00e0 l\u2019utilisation de l\u2019amiante.\u00a0\u00bb <\/strong>La cr\u00e9ation d\u2019un tableau avec les maladies professionnelles li\u00e9es \u00e0 ce mat\u00e9riau date de 1945.<\/p>\n<p>En reconnaissant la faute inexcusable de Renault, l\u2019ex salari\u00e9 verra sa rente augmenter de 10\u00a0% et la Fiva devrait demander le remboursement des indemnit\u00e9s vers\u00e9es.<\/p>\n<p>\u00a0<\/p>\n","protected":false},"excerpt":{"rendered":"Il est sournois. Reste tapi durant de longues ann\u00e9es avant de vous \u00e9clater m\u00e9chamment \u00e0 la figure. L\u2019amiante&hellip;\n","protected":false},"author":2,"featured_media":305016,"comment_status":"","ping_status":"","sticky":false,"template":"","format":"standard","meta":{"footnotes":""},"categories":[2818],"tags":[1111,11,21731,101,8652,1777,674,1011,27,29593,766,12,2636,7481,10651,25],"class_list":{"0":"post-307399","1":"post","2":"type-post","3":"status-publish","4":"format-standard","5":"has-post-thumbnail","7":"category-nantes","8":"tag-actu","9":"tag-actualites","10":"tag-amiante","11":"tag-cancer","12":"tag-condamne","13":"tag-eu","14":"tag-europe","15":"tag-fr","16":"tag-france","17":"tag-mecano","18":"tag-nantes","19":"tag-news","20":"tag-pays-de-la-loire","21":"tag-provoque","22":"tag-renault","23":"tag-republique-francaise"},"share_on_mastodon":{"url":"https:\/\/pubeurope.com\/@fr\/114999078725027747","error":""},"_links":{"self":[{"href":"https:\/\/www.europesays.com\/fr\/wp-json\/wp\/v2\/posts\/307399","targetHints":{"allow":["GET"]}}],"collection":[{"href":"https:\/\/www.europesays.com\/fr\/wp-json\/wp\/v2\/posts"}],"about":[{"href":"https:\/\/www.europesays.com\/fr\/wp-json\/wp\/v2\/types\/post"}],"author":[{"embeddable":true,"href":"https:\/\/www.europesays.com\/fr\/wp-json\/wp\/v2\/users\/2"}],"replies":[{"embeddable":true,"href":"https:\/\/www.europesays.com\/fr\/wp-json\/wp\/v2\/comments?post=307399"}],"version-history":[{"count":0,"href":"https:\/\/www.europesays.com\/fr\/wp-json\/wp\/v2\/posts\/307399\/revisions"}],"wp:featuredmedia":[{"embeddable":true,"href":"https:\/\/www.europesays.com\/fr\/wp-json\/wp\/v2\/media\/305016"}],"wp:attachment":[{"href":"https:\/\/www.europesays.com\/fr\/wp-json\/wp\/v2\/media?parent=307399"}],"wp:term":[{"taxonomy":"category","embeddable":true,"href":"https:\/\/www.europesays.com\/fr\/wp-json\/wp\/v2\/categories?post=307399"},{"taxonomy":"post_tag","embeddable":true,"href":"https:\/\/www.europesays.com\/fr\/wp-json\/wp\/v2\/tags?post=307399"}],"curies":[{"name":"wp","href":"https:\/\/api.w.org\/{rel}","templated":true}]}}