{"id":307416,"date":"2025-08-09T13:46:09","date_gmt":"2025-08-09T13:46:09","guid":{"rendered":"https:\/\/www.europesays.com\/fr\/307416\/"},"modified":"2025-08-09T13:46:09","modified_gmt":"2025-08-09T13:46:09","slug":"18-mois-de-prison-pour-lagresseur-de-trois-pompiers","status":"publish","type":"post","link":"https:\/\/www.europesays.com\/fr\/307416\/","title":{"rendered":"18 mois de prison pour l\u2019agresseur de trois pompiers"},"content":{"rendered":"<p>                            <img loading=\"lazy\" width=\"886\" height=\"553\" class=\"attachment-article size-article wp-post-image lazyload\" alt=\"pompiers camion faits-divers\" decoding=\"async\" src=\"https:\/\/www.europesays.com\/fr\/wp-content\/uploads\/2025\/08\/Camion-Pompier-@WilliamPham-e1678374148609.jpg\" data-eio-rwidth=\"886\" data-eio-rheight=\"553\"\/><\/p>\n<p>Photo d\u2019illustration. @WilliamPham<\/p>\n<p class=\"content\" style=\"font-size:1.2em;font-weight:700\">Un homme de 25 ans ayant agress\u00e9 trois pompiers et deux femmes \u00e0 Lyon en juin dernier a \u00e9t\u00e9 condamn\u00e9 \u00e0 18 mois de prison, dont un an ferme.<\/p>\n<p>Le tribunal correctionnel de Lyon a rendu, ce vendredi 8 ao\u00fbt 2025, son jugement dans l\u2019affaire de l\u2019agression de trois sapeurs-pompiers survenue le 11 juin dernier dans la mont\u00e9e de Choulans (5e arrondissement). L\u2019homme de 25 ans, <a href=\"https:\/\/www.lyoncapitale.fr\/actualite\/internationalement-connu-un-homme-juge-a-lyon-pour-avoir-agresse-un-pompier\" target=\"_blank\" rel=\"noreferrer noopener nofollow\">d\u00e9j\u00e0 condamn\u00e9 \u00e0 l\u2019\u00e9tranger pour violences envers les forces de l\u2019ordre<\/a>, a \u00e9cop\u00e9 de 18 mois de prison, dont 6 mois avec sursis. Les 12 mois ferme seront purg\u00e9s imm\u00e9diatement, l\u2019int\u00e9ress\u00e9 \u00e9tant maintenu en d\u00e9tention.<\/p>\n<p>Lors de cette intervention, les pompiers \u00e9taient venus porter secours \u00e0 l\u2019accus\u00e9, qui s\u2019\u00e9tait jet\u00e9 sous un bus apr\u00e8s avoir agress\u00e9 deux jeunes femmes au hasard. Sous l\u2019effet de l\u2019alcool et de stup\u00e9fiants, il avait frapp\u00e9 l\u2019un des soldats du feu au visage et tent\u00e9 de s\u2019en prendre \u00e0 deux autres.<\/p>\n<p>Une peine assortie de soins obligatoires et d\u2019indemnisations<\/p>\n<p>Le tribunal a \u00e9galement assorti la peine d\u2019obligations : suivre des soins, travailler et indemniser les victimes. Les montants fix\u00e9s sont de 600 \u20ac pour le pompier directement agress\u00e9, 300 \u20ac pour chacun des deux autres, et 500 \u20ac au SDMIS au titre des frais de proc\u00e9dure. \u00ab\u00a0Les sapeurs-pompiers ont fait leur travail, la police a fait son travail et la justice a fait son travail\u00a0\u00bb, a comment\u00e9 le syndicat Sud SDMIS.<\/p>\n","protected":false},"excerpt":{"rendered":"Photo d\u2019illustration. @WilliamPham Un homme de 25 ans ayant agress\u00e9 trois pompiers et deux femmes \u00e0 Lyon en&hellip;\n","protected":false},"author":2,"featured_media":307417,"comment_status":"","ping_status":"","sticky":false,"template":"","format":"standard","meta":{"footnotes":""},"categories":[1889],"tags":[1111,11,2430,1777,674,118,1011,27,2428,12,1311,25],"class_list":{"0":"post-307416","1":"post","2":"type-post","3":"status-publish","4":"format-standard","5":"has-post-thumbnail","7":"category-lyon","8":"tag-actu","9":"tag-actualites","10":"tag-auvergne-rhone-alpes","11":"tag-eu","12":"tag-europe","13":"tag-faits-divers","14":"tag-fr","15":"tag-france","16":"tag-lyon","17":"tag-news","18":"tag-pompiers","19":"tag-republique-francaise"},"share_on_mastodon":{"url":"https:\/\/pubeurope.com\/@fr\/114999118237449983","error":""},"_links":{"self":[{"href":"https:\/\/www.europesays.com\/fr\/wp-json\/wp\/v2\/posts\/307416","targetHints":{"allow":["GET"]}}],"collection":[{"href":"https:\/\/www.europesays.com\/fr\/wp-json\/wp\/v2\/posts"}],"about":[{"href":"https:\/\/www.europesays.com\/fr\/wp-json\/wp\/v2\/types\/post"}],"author":[{"embeddable":true,"href":"https:\/\/www.europesays.com\/fr\/wp-json\/wp\/v2\/users\/2"}],"replies":[{"embeddable":true,"href":"https:\/\/www.europesays.com\/fr\/wp-json\/wp\/v2\/comments?post=307416"}],"version-history":[{"count":0,"href":"https:\/\/www.europesays.com\/fr\/wp-json\/wp\/v2\/posts\/307416\/revisions"}],"wp:featuredmedia":[{"embeddable":true,"href":"https:\/\/www.europesays.com\/fr\/wp-json\/wp\/v2\/media\/307417"}],"wp:attachment":[{"href":"https:\/\/www.europesays.com\/fr\/wp-json\/wp\/v2\/media?parent=307416"}],"wp:term":[{"taxonomy":"category","embeddable":true,"href":"https:\/\/www.europesays.com\/fr\/wp-json\/wp\/v2\/categories?post=307416"},{"taxonomy":"post_tag","embeddable":true,"href":"https:\/\/www.europesays.com\/fr\/wp-json\/wp\/v2\/tags?post=307416"}],"curies":[{"name":"wp","href":"https:\/\/api.w.org\/{rel}","templated":true}]}}