{"id":307422,"date":"2025-08-09T13:50:11","date_gmt":"2025-08-09T13:50:11","guid":{"rendered":"https:\/\/www.europesays.com\/fr\/307422\/"},"modified":"2025-08-09T13:50:11","modified_gmt":"2025-08-09T13:50:11","slug":"le-gouvernement-entend-realiser-a-minima-4-milliards-deconomies-par-an-sur-lassurance-chomage-a-partir-de-2030","status":"publish","type":"post","link":"https:\/\/www.europesays.com\/fr\/307422\/","title":{"rendered":"Le gouvernement entend r\u00e9aliser \u00ab\u00a0a minima 4 milliards d&rsquo;\u00e9conomies par an\u00a0\u00bb sur l&rsquo;assurance-ch\u00f4mage \u00e0 partir de 2030"},"content":{"rendered":"<p class=\"c-chapo \">\n  L&rsquo;AFP a eu acc\u00e8s \u00e0 la \u00ab\u00a0lettre de cadrage\u00a0\u00bb que Fran\u00e7ois Bayrou a adress\u00e9e aux partenaires sociaux. Ils ont jusqu&rsquo;au 15 novembre pour discuter avec le patronat.\n<\/p>\n<p>            lire plus tard<\/p>\n<p id=\"dialog__title\" class=\"dialog__title\">Pour sauvegarder cet article, connectez-vous ou cr\u00e9ez un compte franceinfo<\/p>\n<p class=\"dialog__description\">Sans paiement. Sans abonnement.<\/p>\n<p>        Fermer la fen\u00eatre d\u2019activation des notifications France Info<\/p>\n<p>            cr\u00e9er votre compte<\/p>\n<p>            se connecter<\/p>\n<p>        Fermer la fen\u00eatre de pr\u00e9sentation<\/p>\n<p>    <img loading=\"lazy\" decoding=\"async\" class=\"signature__image lazyload\" width=\"100\" height=\"100\" data- alt=\"\" src=\"https:\/\/www.europesays.com\/fr\/wp-content\/uploads\/2025\/05\/64a68815cd1a7_placeholder-36b69ec8.png\"\/><\/p>\n<p>    Publi\u00e9 le 09\/08\/2025 15:16<\/p>\n<p>      Mis \u00e0 jour le 09\/08\/2025 15:46<\/p>\n<p>        Temps de lecture : 2min<\/p>\n<p>    <img decoding=\"async\"  alt=\"Le Premier ministre Fran\u00e7ois Bayrou, le 30 juillet 2025, sur le perron de l'Elys\u00e9e. (THOMAS SAMSON \/ AFP)\" width=\"432\" height=\"243\" src=\"https:\/\/www.europesays.com\/fr\/wp-content\/uploads\/2025\/08\/000-68ax9cm-6897462910774345906115.jpg\" fetchpriority=\"high\"\/><\/p>\n<p>      Le Premier ministre Fran\u00e7ois Bayrou, le 30 juillet 2025, sur le perron de l&rsquo;Elys\u00e9e. (THOMAS SAMSON \/ AFP)<\/p>\n<p>Dans son plan <a href=\"https:\/\/www.franceinfo.fr\/economie\/budget\/annee-blanche-suppression-de-jours-feries-les-principales-mesures-voulues-par-francois-bayrou-pour-economiser-44-milliards-d-euros-dans-le-budget-2026_7378684.html\" rel=\"nofollow noopener\" target=\"_blank\">pour redresser les finances publiques<\/a> pr\u00e9sent\u00e9 mi-juillet, Fran\u00e7ois Bayrou avait annonc\u00e9 l&rsquo;ouverture d&rsquo;un \u00ab\u00a0nouveau chantier\u00a0\u00bb sur l&rsquo;assurance-ch\u00f4mage. Un mois plus tard, le voil\u00e0 qui avance. Le gouvernement a, en effet, adress\u00e9 vendredi aux partenaires sociaux sa \u00ab\u00a0lettre de cadrage\u00a0\u00bb, ont appris <a href=\"https:\/\/www.lesechos.fr\/economie-france\/social\/exclusif-assurance-chomage-le-gouvernement-veut-a-minima-4-milliards-deconomie-par-an-2180808\" target=\"_blank\" rel=\"noopener nofollow\">Les Echos<\/a> et l&rsquo;AFP samedi 9\u00a0ao\u00fbt.\u00a0\u00a0<\/p>\n<p>Selon le document consult\u00e9 par l&rsquo;AFP, cette feuille de route fixant le cadre de la n\u00e9gociation d&rsquo;une nouvelle r\u00e9forme a l&rsquo;objectif d&rsquo;atteindre \u00ab\u00a02\u00a0\u00e0 2,5\u00a0milliards d&rsquo;euros\u00a0\u00bb d&rsquo;\u00e9conomies par an en moyenne de 2026\u00a0\u00e0 2029.<\/p>\n<p>Cette \u00ab\u00a0lettre de cadrage\u00a0\u00bb du gouvernement donne aux partenaires sociaux jusqu&rsquo;au 15\u00a0novembre pour s&rsquo;accorder sur un moyen de faire ces \u00e9conomies sur le r\u00e9gime d&rsquo;assurance-ch\u00f4mage. Elle pr\u00e9cise aussi que l&rsquo;objectif est de \u00ab\u00a0monter en charge\u00a0\u00bb pour atteindre \u00ab\u00a0a minima 4\u00a0milliards d&rsquo;euros d&rsquo;\u00e9conomies en r\u00e9gime de croisi\u00e8re \u00e0 partir de 2030\u00a0\u00bb.<\/p>\n<p>Afin de \u00ab\u00a0favoriser le retour rapide \u00e0 l&#8217;emploi\u00a0\u00bb, le document ajoute qu&rsquo;il faudra \u00ab\u00a0modifier la dur\u00e9e minimale d&#8217;emploi et la p\u00e9riode de r\u00e9f\u00e9rence n\u00e9cessaire \u00e0 l&rsquo;ouverture d&rsquo;un droit au ch\u00f4mage qui d\u00e9termine la dur\u00e9e maximale d&rsquo;indemnisation\u00a0\u00bb. \u00ab\u00a0La situation financi\u00e8re du r\u00e9gime de l&rsquo;assurance ch\u00f4mage et la n\u00e9cessit\u00e9 de travailler plus nombreux rendent n\u00e9cessaire une \u00e9volution des r\u00e8gles de l&rsquo;assurance ch\u00f4mage\u00a0\u00bb, insiste le Premier ministre, Fran\u00e7ois Bayrou.<\/p>\n<p><a href=\"https:\/\/www.franceinfo.fr\/replay-radio\/le-decryptage-eco\/un-carnage-totalement-fou-la-suite-de-la-reforme-de-l-assurance-chomage-loin-d-etre-gagnee_7355739.html\" rel=\"nofollow noopener\" target=\"_blank\">Lors d&rsquo;une pr\u00e9c\u00e9dente r\u00e9union<\/a>, lundi 21\u00a0juillet, la secr\u00e9taire g\u00e9n\u00e9rale de la CFDT avait donn\u00e9 le ton, en \u00e9voquant \u00ab\u00a0un carnage total\u00a0\u00bb \u00e0 venir \u00ab\u00a0pour les demandeurs d&#8217;emploi\u00a0\u00bb. Marylise L\u00e9on d\u00e9non\u00e7ait alors \u00ab\u00a0un volume d&rsquo;\u00e9conomies qui n&rsquo;a jamais \u00e9t\u00e9 fait\u00a0\u00bb. Cette nouvelle r\u00e9forme intervient alors que les partenaires sociaux ont conclu un accord en novembre 2024, avec de nouvelles r\u00e8gles pour quatre\u00a0ans, entr\u00e9es en vigueur pour la plupart au 1er\u00a0avril de cette ann\u00e9e.<\/p>\n<p class=\"related-tags__title\" role=\"heading\" aria-level=\"2\">les mots-cl\u00e9s associ\u00e9s \u00e0 cet article\n    <\/p>\n","protected":false},"excerpt":{"rendered":"L&rsquo;AFP a eu acc\u00e8s \u00e0 la \u00ab\u00a0lettre de cadrage\u00a0\u00bb que Fran\u00e7ois Bayrou a adress\u00e9e aux partenaires sociaux. Ils&hellip;\n","protected":false},"author":2,"featured_media":307423,"comment_status":"","ping_status":"","sticky":false,"template":"","format":"standard","meta":{"footnotes":""},"categories":[1888],"tags":[1111,1928,11,1927,1777,674,1011,27,12,1926,626,1925,25],"class_list":{"0":"post-307422","1":"post","2":"type-post","3":"status-publish","4":"format-standard","5":"has-post-thumbnail","7":"category-paris","8":"tag-actu","9":"tag-actu-paris","10":"tag-actualites","11":"tag-actualites-paris","12":"tag-eu","13":"tag-europe","14":"tag-fr","15":"tag-france","16":"tag-news","17":"tag-news-paris","18":"tag-paris","19":"tag-paris-news","20":"tag-republique-francaise"},"share_on_mastodon":{"url":"https:\/\/pubeurope.com\/@fr\/114999133708336411","error":""},"_links":{"self":[{"href":"https:\/\/www.europesays.com\/fr\/wp-json\/wp\/v2\/posts\/307422","targetHints":{"allow":["GET"]}}],"collection":[{"href":"https:\/\/www.europesays.com\/fr\/wp-json\/wp\/v2\/posts"}],"about":[{"href":"https:\/\/www.europesays.com\/fr\/wp-json\/wp\/v2\/types\/post"}],"author":[{"embeddable":true,"href":"https:\/\/www.europesays.com\/fr\/wp-json\/wp\/v2\/users\/2"}],"replies":[{"embeddable":true,"href":"https:\/\/www.europesays.com\/fr\/wp-json\/wp\/v2\/comments?post=307422"}],"version-history":[{"count":0,"href":"https:\/\/www.europesays.com\/fr\/wp-json\/wp\/v2\/posts\/307422\/revisions"}],"wp:featuredmedia":[{"embeddable":true,"href":"https:\/\/www.europesays.com\/fr\/wp-json\/wp\/v2\/media\/307423"}],"wp:attachment":[{"href":"https:\/\/www.europesays.com\/fr\/wp-json\/wp\/v2\/media?parent=307422"}],"wp:term":[{"taxonomy":"category","embeddable":true,"href":"https:\/\/www.europesays.com\/fr\/wp-json\/wp\/v2\/categories?post=307422"},{"taxonomy":"post_tag","embeddable":true,"href":"https:\/\/www.europesays.com\/fr\/wp-json\/wp\/v2\/tags?post=307422"}],"curies":[{"name":"wp","href":"https:\/\/api.w.org\/{rel}","templated":true}]}}