{"id":307429,"date":"2025-08-09T13:54:09","date_gmt":"2025-08-09T13:54:09","guid":{"rendered":"https:\/\/www.europesays.com\/fr\/307429\/"},"modified":"2025-08-09T13:54:09","modified_gmt":"2025-08-09T13:54:09","slug":"une-ong-denonce-une-plateforme-russe-dadoption-denfants-ukrainiens-voles","status":"publish","type":"post","link":"https:\/\/www.europesays.com\/fr\/307429\/","title":{"rendered":"une ONG d\u00e9nonce une plateforme russe d&rsquo;adoption d&rsquo;enfants ukrainiens vol\u00e9s"},"content":{"rendered":"<p>Pr\u00e8s de 300 enfants ukrainiens vol\u00e9s seraient pr\u00e9sents sur ce site. Ils seraient class\u00e9s par \u00e2ge, couleur des yeux ou encore en fonction de leur comportement.<\/p>\n<p>L&rsquo;ONG <a href=\"https:\/\/www.bfmtv.com\/international\/j-ai-subi-une-violence-psychique-enleve-par-l-armee-russe-le-maire-de-melitopol-temoigne_AV-202203310408.html\" title=\"&quot;J&#039;ai subi une violence psychique&quot;: enlev\u00e9 par l&#039;arm\u00e9e russe, le maire de Melitopol t\u00e9moigne\" class=\"internal_link\" rel=\"nofollow noopener\" target=\"_blank\">Save Ukraine<\/a> a d\u00e9nonc\u00e9, sur X, la pr\u00e9sence d&rsquo;un \u00ab\u00a0catalogue en ligne\u00a0\u00bb dans lequel seraient pr\u00e9sents pr\u00e8s de 300 enfants vol\u00e9s en Ukraine et destin\u00e9s \u00e0 l&rsquo;adoption par des <a href=\"https:\/\/www.bfmtv.com\/international\/europe\/ukraine-accusations-credibles-d-enfants-transferes-de-force-en-russie_AD-202209070720.html\" title=\"Ukraine: &quot;accusations cr\u00e9dibles&quot; d&#039;enfants transf\u00e9r\u00e9s de force en Russie\" class=\"internal_link\" rel=\"nofollow noopener\" target=\"_blank\">familles russes<\/a>. Il aurait \u00e9t\u00e9 cr\u00e9\u00e9 par les autorit\u00e9s d&rsquo;occupation install\u00e9es dans la r\u00e9gion ukrainienne de Louhansk par la Russie.<\/p>\n<p>\u00ab\u00a0L&rsquo;administration d&rsquo;occupation russe a lanc\u00e9 un catalogue effrayant d&rsquo;orphelins ukrainiens, affich\u00e9 ouvertement sur le web. Ces enfants sont pr\u00e9sent\u00e9s comme des produits dans une boutique en ligne, tri\u00e9s par \u00e2ge, sexe, couleur des yeux et des cheveux, \u00e9tat de sant\u00e9 et m\u00eame traits de personnalit\u00e9\u00a0\u00bb, \u00e9crit Mykola Kuleba, le fondateur de l&rsquo;association, engag\u00e9e dans le rapatriement des enfants vol\u00e9s depuis 2014 en Ukraine.<\/p>\n<p>\u00ab\u00a0Un trafic num\u00e9rique d&rsquo;enfants\u00a0\u00bb<\/p>\n<p>Ces donn\u00e9es sont affich\u00e9es sur \u00ab\u00a0le site web officiel du soi-disant &lsquo;minist\u00e8re&rsquo; de l&rsquo;administration d&rsquo;occupation de <a href=\"https:\/\/www.bfmtv.com\/international\/ils-detruisent-tout-le-gouverneur-ukrainien-de-louhansk-raconte-l-offensive-russe-dans-le-donbass_AV-202204190131.html\" title=\"&quot;Ils d\u00e9truisent tout&quot;: le gouverneur ukrainien de Louhansk raconte l&#039;offensive russe dans le Donbass\" class=\"internal_link\" rel=\"nofollow noopener\" target=\"_blank\">Louhansk<\/a>&lsquo;\u00a0\u00bb, pr\u00e9cise-t-il en ajoutant \u00ab\u00a0qu&rsquo;il ne s&rsquo;agit pas d&rsquo;adoption ou de soins\u00a0\u00bb, mais \u00ab\u00a0d&rsquo;un trafic num\u00e9rique d&rsquo;enfants, d\u00e9guis\u00e9 en bureaucratie\u00a0\u00bb. Si des captures d&rsquo;\u00e9cran sont ajout\u00e9es \u00e0 la publication du fondateur de l&rsquo;association, BFMTV.com n&rsquo;a pas pu consulter le site.<\/p>\n<p>D&rsquo;apr\u00e8s l&rsquo;association, les enfants pr\u00e9sents sur le catalogue ont soit perdu leurs parents, soit \u00e9t\u00e9 <a href=\"https:\/\/www.bfmtv.com\/international\/europe\/ukraine\/ukraine-volodymyr-zelensky-veut-l-aide-de-xi-jinping-dans-le-dossier-des-enfants-ukrainiens-deportes_AD-202304280770.html\" title=\"Ukraine: Volodymyr Zelensky veut l&#039;aide de Xi Jinping dans le dossier des enfants ukrainiens &quot;d\u00e9port\u00e9s&quot;\" class=\"internal_link\" rel=\"nofollow noopener\" target=\"_blank\">emmen\u00e9s de force<\/a> et \u00ab\u00a0r\u00e9enregistr\u00e9s avec de nouveaux documents\u00a0\u00bb.<\/p>\n<p>Nos confr\u00e8res du Figaro indiquent avoir eu acc\u00e8s \u00e0 une boucle Telegram se disant \u00eatre celle du minist\u00e8re de l\u2019\u00c9ducation et des Sciences de la R\u00e9publique populaire de Louhansk. L&rsquo;administration confirmerait la cr\u00e9ation de cette \u00ab\u00a0base de donn\u00e9es r\u00e9gionale des enfants ayant besoin d&rsquo;une famille\u00a0\u00bb. Elle pr\u00e9ciserait d&rsquo;ailleurs: \u00ab\u00a0Nous esp\u00e9rons que vous trouverez votre enfant ici et lui offrirez un avenir radieux.\u00a0\u00bb<\/p>\n<p>Pr\u00e8s de 20.000 enfants vol\u00e9s identifi\u00e9s<\/p>\n<p>La question des enfants vol\u00e9s en Ukraine est au coeur du conflit, et ce depuis 2014. Plusieurs m\u00e9dias ont document\u00e9 ces enl\u00e8vements, \u00e0 l&rsquo;instar de BFMTV dans le documentaire Ligne Rouge <a href=\"https:\/\/www.rmcbfmplay.com\/info-programme\/rmc-decouverte\/russie-les-enfants-voles-dukraine?contentId=Product::NEUF_RMCDEC_RMC00222023&amp;universe=PROVIDER\" target=\"_blank\" class=\"external_link\" rel=\"nofollow noopener\">Russie: les enfants vol\u00e9s d&rsquo;Ukraine<\/a>, en mars 2023.<\/p>\n<p>L&rsquo;Ukraine a identifi\u00e9 pr\u00e8s de <a href=\"https:\/\/www.bfmtv.com\/international\/europe\/ukraine\/elle-n-est-jamais-revenue-des-parents-ukrainiens-deplorent-le-vol-de-leurs-enfants-par-les-russes_AN-202302060735.html\" title=\"&quot;Elle n&#039;est jamais revenue&quot;: des parents ukrainiens d\u00e9plorent le vol de leurs enfants par les Russes\" class=\"internal_link\" rel=\"nofollow noopener\" target=\"_blank\">20.000 enfants vol\u00e9s et transf\u00e9r\u00e9s<\/a> de force en Russie ou dans les territoires ukrainiens occup\u00e9s par la Russie, rapporte the Kyiv Independent. Pour autant, selon les autorit\u00e9s, le nombre r\u00e9el d&rsquo;enfants vol\u00e9s pourrait \u00eatre 10 fois sup\u00e9rieurs.<\/p>\n<p>D&rsquo;apr\u00e8s la conseill\u00e8re pr\u00e9sidentielle ukrainienne en charge des droits des enfants, ils pourraient \u00eatre entre 200.000 et 300.000.<\/p>\n","protected":false},"excerpt":{"rendered":"Pr\u00e8s de 300 enfants ukrainiens vol\u00e9s seraient pr\u00e9sents sur ce site. Ils seraient class\u00e9s par \u00e2ge, couleur des&hellip;\n","protected":false},"author":2,"featured_media":307430,"comment_status":"","ping_status":"","sticky":false,"template":"","format":"standard","meta":{"footnotes":""},"categories":[1591],"tags":[11,1887,12,1885,1886,132],"class_list":{"0":"post-307429","1":"post","2":"type-post","3":"status-publish","4":"format-standard","5":"has-post-thumbnail","7":"category-russie","8":"tag-actualites","9":"tag-federation-de-russie","10":"tag-news","11":"tag-russia","12":"tag-russian-federation","13":"tag-russie"},"share_on_mastodon":{"url":"https:\/\/pubeurope.com\/@fr\/114999149499475530","error":""},"_links":{"self":[{"href":"https:\/\/www.europesays.com\/fr\/wp-json\/wp\/v2\/posts\/307429","targetHints":{"allow":["GET"]}}],"collection":[{"href":"https:\/\/www.europesays.com\/fr\/wp-json\/wp\/v2\/posts"}],"about":[{"href":"https:\/\/www.europesays.com\/fr\/wp-json\/wp\/v2\/types\/post"}],"author":[{"embeddable":true,"href":"https:\/\/www.europesays.com\/fr\/wp-json\/wp\/v2\/users\/2"}],"replies":[{"embeddable":true,"href":"https:\/\/www.europesays.com\/fr\/wp-json\/wp\/v2\/comments?post=307429"}],"version-history":[{"count":0,"href":"https:\/\/www.europesays.com\/fr\/wp-json\/wp\/v2\/posts\/307429\/revisions"}],"wp:featuredmedia":[{"embeddable":true,"href":"https:\/\/www.europesays.com\/fr\/wp-json\/wp\/v2\/media\/307430"}],"wp:attachment":[{"href":"https:\/\/www.europesays.com\/fr\/wp-json\/wp\/v2\/media?parent=307429"}],"wp:term":[{"taxonomy":"category","embeddable":true,"href":"https:\/\/www.europesays.com\/fr\/wp-json\/wp\/v2\/categories?post=307429"},{"taxonomy":"post_tag","embeddable":true,"href":"https:\/\/www.europesays.com\/fr\/wp-json\/wp\/v2\/tags?post=307429"}],"curies":[{"name":"wp","href":"https:\/\/api.w.org\/{rel}","templated":true}]}}