{"id":307431,"date":"2025-08-09T13:55:23","date_gmt":"2025-08-09T13:55:23","guid":{"rendered":"https:\/\/www.europesays.com\/fr\/307431\/"},"modified":"2025-08-09T13:55:23","modified_gmt":"2025-08-09T13:55:23","slug":"zelensky-annonce-avoir-evoque-avec-macron-la-situation-diplomatique-autour-de-lukraine","status":"publish","type":"post","link":"https:\/\/www.europesays.com\/fr\/307431\/","title":{"rendered":"Zelensky annonce avoir \u00e9voqu\u00e9 avec Macron la \u00ab\u00a0situation diplomatique\u00a0\u00bb autour de l\u2019Ukraine"},"content":{"rendered":"<p>Le pr\u00e9sident ukrainien <a href=\"https:\/\/www.laprovence.com\/article\/france-monde\/58029303654939\/zelensky-affiche-sa-fermete-apres-lannonce-du-sommet-trump-poutine\" target=\"_blank\" rel=\"noopener\">Volodymyr Zelensky<\/a> a annonc\u00e9 samedi avoir \u00e9voqu\u00e9 au t\u00e9l\u00e9phone avec son homologue fran\u00e7ais Emmanuel Macron la \u00ab\u00a0<strong>situation diplomatique<\/strong>\u00a0\u00bb autour de l\u2019Ukraine, avant le sommet entre Vladimir Poutine et Donald Trump pr\u00e9vu vendredi 15 ao\u00fbt.\u00a0<\/p>\n<p>\u00ab\u00a0Nous avons \u00e9chang\u00e9 nos points de vue sur la situation diplomatique\u00a0\u00bb, a indiqu\u00e9 Zelensky sur Telegram, selon lequel il \u00ab\u00a0<strong>est vraiment important que les Russes ne parviennent pas \u00e0 tromper qui que ce soit une nouvelle fois\u00a0\u00bb.<\/strong><\/p>\n<p>R\u00e9union \u00e0 Londres<\/p>\n<p>Dans le m\u00eame temps, les services du Premier ministre Keir Starmer ont annonc\u00e9 que le ministre des Affaires \u00e9trang\u00e8res britannique David Lammy et le vice-pr\u00e9sident am\u00e9ricain <a href=\"https:\/\/www.laprovence.com\/article\/politique\/1149865476791614\/trump-suggere-que-son-vice-president-jd-vance-pourrait-etre-son-successeur-pour-2028\" target=\"_blank\" rel=\"noopener\">JD Vance<\/a> vont accueillir \u00e0 Londres samedi une r\u00e9union des conseillers \u00e0 la s\u00e9curit\u00e9 nationale europ\u00e9ens et am\u00e9ricains.<\/p>\n<p>Cette r\u00e9union sera \u00ab\u00a0<strong>une occasion cruciale pour discuter des progr\u00e8s \u00e0 accomplir pour parvenir \u00e0 une paix juste et durable<\/strong>\u00a0\u00bb en Ukraine, ont-ils ajout\u00e9. Le Premier ministre britannique s\u2019\u00e9tait auparavant entretenu au t\u00e9l\u00e9phone avec le pr\u00e9sident ukrainien Volodymyr Zelensky.<\/p>\n<p>Rencontre Trump-Poutine<\/p>\n<p>\u00ab\u00a0Les deux dirigeants ont salu\u00e9 la volont\u00e9 du pr\u00e9sident Trump de mettre fin \u00e0 cette guerre barbare et sont convenus que nous devons maintenir la pression sur Poutine pour qu\u2019il mette fin \u00e0 sa guerre ill\u00e9gale\u00a0\u00bb, ajoute le communiqu\u00e9. Il pr\u00e9cise que le dirigeant travailliste a \u00ab\u00a0<strong>r\u00e9it\u00e9r\u00e9 son soutien ind\u00e9fectible \u00e0 l\u2019Ukraine et \u00e0 son peuple<\/strong>\u00ab\u00a0.<\/p>\n<p>Cette r\u00e9union intervient apr\u00e8s <a href=\"https:\/\/www.laprovence.com\/article\/france-monde\/3513276663986814\/guerre-en-ukraine-la-rencontre-entre-trump-et-poutine-aura-lieu-le-15-aout-en-alaska\" target=\"_blank\" rel=\"noopener\">l\u2019annonce d\u2019un sommet<\/a> entre le pr\u00e9sident am\u00e9ricain Donald Trump et le pr\u00e9sident russe Vladimir Poutine, le 15\u00a0ao\u00fbt en Alaska.\u00a0La rencontre se fera sans Volodymyr Zelensky, qui ne cesse pourtant d\u2019exiger d\u2019avoir voix au chapitre.<\/p>\n","protected":false},"excerpt":{"rendered":"Le pr\u00e9sident ukrainien Volodymyr Zelensky a annonc\u00e9 samedi avoir \u00e9voqu\u00e9 au t\u00e9l\u00e9phone avec son homologue fran\u00e7ais Emmanuel Macron&hellip;\n","protected":false},"author":2,"featured_media":307432,"comment_status":"","ping_status":"","sticky":false,"template":"","format":"standard","meta":{"footnotes":""},"categories":[1590],"tags":[17,11,2562,3396,6661,1777,674,3394,329,11514,12,1447,220,6746],"class_list":{"0":"post-307431","1":"post","2":"type-post","3":"status-publish","4":"format-standard","5":"has-post-thumbnail","7":"category-ukraine","8":"tag-17","9":"tag-actualites","10":"tag-annonce","11":"tag-avec","12":"tag-avoir","13":"tag-eu","14":"tag-europe","15":"tag-evoque","16":"tag-france-monde","17":"tag-macron","18":"tag-news","19":"tag-situation","20":"tag-ukraine","21":"tag-zelensky"},"share_on_mastodon":{"url":"https:\/\/pubeurope.com\/@fr\/114999153535476752","error":""},"_links":{"self":[{"href":"https:\/\/www.europesays.com\/fr\/wp-json\/wp\/v2\/posts\/307431","targetHints":{"allow":["GET"]}}],"collection":[{"href":"https:\/\/www.europesays.com\/fr\/wp-json\/wp\/v2\/posts"}],"about":[{"href":"https:\/\/www.europesays.com\/fr\/wp-json\/wp\/v2\/types\/post"}],"author":[{"embeddable":true,"href":"https:\/\/www.europesays.com\/fr\/wp-json\/wp\/v2\/users\/2"}],"replies":[{"embeddable":true,"href":"https:\/\/www.europesays.com\/fr\/wp-json\/wp\/v2\/comments?post=307431"}],"version-history":[{"count":0,"href":"https:\/\/www.europesays.com\/fr\/wp-json\/wp\/v2\/posts\/307431\/revisions"}],"wp:featuredmedia":[{"embeddable":true,"href":"https:\/\/www.europesays.com\/fr\/wp-json\/wp\/v2\/media\/307432"}],"wp:attachment":[{"href":"https:\/\/www.europesays.com\/fr\/wp-json\/wp\/v2\/media?parent=307431"}],"wp:term":[{"taxonomy":"category","embeddable":true,"href":"https:\/\/www.europesays.com\/fr\/wp-json\/wp\/v2\/categories?post=307431"},{"taxonomy":"post_tag","embeddable":true,"href":"https:\/\/www.europesays.com\/fr\/wp-json\/wp\/v2\/tags?post=307431"}],"curies":[{"name":"wp","href":"https:\/\/api.w.org\/{rel}","templated":true}]}}