{"id":307433,"date":"2025-08-09T13:56:11","date_gmt":"2025-08-09T13:56:11","guid":{"rendered":"https:\/\/www.europesays.com\/fr\/307433\/"},"modified":"2025-08-09T13:56:11","modified_gmt":"2025-08-09T13:56:11","slug":"que-dit-laccord-de-paix-entre-lazerbaidjan-et-larmenie-signe-sous-la-pression-de-donald-trump","status":"publish","type":"post","link":"https:\/\/www.europesays.com\/fr\/307433\/","title":{"rendered":"que dit l\u2019accord de paix\u00a0entre l\u2019Azerba\u00efdjan et l\u2019Arm\u00e9nie, sign\u00e9 sous la pression de Donald Trump\u00a0?"},"content":{"rendered":"<p>\u00ab\u00a0Cela fait longtemps \u2013 35\u00a0ans \u2013 qu&rsquo;ils se battent et maintenant, ils sont amis, et ils le resteront longtemps\u00a0\u00bb, a d\u00e9clar\u00e9 <a class=\"Link\" href=\"https:\/\/www.lepoint.fr\/tags\/donald-trump\" data-gtm=\"click:capsule\" data-capsule=\"Lien\" rel=\"nofollow noopener\" target=\"_blank\">Donald Trump<\/a> lors de la c\u00e9r\u00e9monie de signature \u00e0 la Maison-Blanche. Le pr\u00e9sident azerba\u00efdjanais Ilham Aliyev et le Premier ministre arm\u00e9nien Nikol Pashinyan ont sign\u00e9, vendredi 8\u00a0ao\u00fbt, un accord de paix. Selon Donald Trump, les rivaux du Caucase du Sud se sont engag\u00e9s \u00e0 cesser les combats, \u00e0 ouvrir des relations diplomatiques et \u00e0 respecter l&rsquo;int\u00e9grit\u00e9 territoriale de l&rsquo;autre.<\/p>\n<p>Alors que les deux pays sont en conflit depuis la fin des ann\u00e9es 1980, lorsque le Haut-Karabakh \u2013 une r\u00e9gion montagneuse azerba\u00efdjanaise majoritairement peupl\u00e9e d&rsquo;Arm\u00e9niens \u2013 s&rsquo;est s\u00e9par\u00e9 de l&rsquo;<a class=\"Link\" href=\"https:\/\/www.lepoint.fr\/tags\/azerbaidjan\" data-gtm=\"click:capsule\" data-capsule=\"Lien\" rel=\"nofollow noopener\" target=\"_blank\">Azerba\u00efdjan<\/a> avec le soutien de l&rsquo;Arm\u00e9nie. En 2023, <a class=\"Link\" href=\"https:\/\/www.lepoint.fr\/monde\/le-haut-karabakh-depose-les-larmes-26-09-2023-2537044_24.php\" title=\"\" data-gtm=\"click:capsule\" data-capsule=\"Lien\" rel=\"nofollow noopener\" target=\"_blank\">l&rsquo;Azerba\u00efdjan a repris le contr\u00f4le total de la r\u00e9gion<\/a>, poussant la quasi-totalit\u00e9 <a class=\"Link\" href=\"https:\/\/www.lepoint.fr\/monde\/en-armenie-l-espoir-du-retour-pour-les-refugies-du-haut-karabakh-30-04-2024-2559085_24.php\" title=\"\" data-gtm=\"click:capsule\" data-capsule=\"Lien\" rel=\"nofollow noopener\" target=\"_blank\">des 100\u00a0000 Arm\u00e9niens sur le territoire \u00e0 fuir vers l&rsquo;Arm\u00e9nie<\/a>.<\/p>\n<p>Droits de d\u00e9veloppement exclusifs pour les \u00c9tats-Unis<\/p>\n<p>Le pr\u00e9sident am\u00e9ricain a d\u00e9clar\u00e9 que les \u00c9tats-Unis avaient sign\u00e9 des accords distincts avec chaque pays afin de renforcer la coop\u00e9ration dans les domaines de l&rsquo;\u00e9nergie, du commerce et des technologies, notamment l&rsquo;intelligence artificielle. Cependant, les d\u00e9tails n&rsquo;ont pas \u00e9t\u00e9 divulgu\u00e9s. Les restrictions sur la coop\u00e9ration en mati\u00e8re de d\u00e9fense entre l&rsquo;Azerba\u00efdjan et les \u00c9tats-Unis ont \u00e9galement \u00e9t\u00e9 lev\u00e9s. Une \u00e9volution qui pourrait inqui\u00e9ter Moscou, <a class=\"Link\" href=\"https:\/\/www.lepoint.fr\/monde\/le-grand-retour-de-la-russie-au-caucase-02-06-2024-2561777_24.php\" title=\"\" data-gtm=\"click:capsule\" data-capsule=\"Lien\" rel=\"nofollow noopener\" target=\"_blank\">qui consid\u00e8re cette r\u00e9gion comme faisant partie de sa sph\u00e8re d&rsquo;influence<\/a>, et n&rsquo;\u00e9tant pas invit\u00e9\u00a0\u00e0 cette r\u00e9union.<\/p>\n<p>\u00c0 LIRE AUSSI <strong class=\"strong\"><a href=\"https:\/\/www.lepoint.fr\/monde\/en-armenie-le-couloir-de-toutes-les-convoitises-06-08-2025-2595869_24.php\" title=\"En Arm\u00e9nie, le couloir de toutes les convoitises\" style=\"text-decoration: none; color: inherit;\" data-gtm=\"click:capsule\" data-capsule=\"\u00c0 lire aussi\" rel=\"nofollow noopener\" target=\"_blank\">En Arm\u00e9nie, le couloir de toutes les convoitises<\/a><\/strong>De plus, cet accord comprend des droits de d\u00e9veloppement exclusifs pour les \u00c9tats-Unis sur un corridor de transit strat\u00e9gique \u00e0 travers le Caucase du Sud. Selon\u00a0la Maison-Blanche, ce dernier\u00a0faciliterait de plus grandes exportations d&rsquo;\u00e9nergie et d&rsquo;autres ressources. Les deux dirigeants ont ensuite f\u00e9licit\u00e9 Donald Trump pour avoir contribu\u00e9 \u00e0 mettre fin au conflit. Ils\u00a0ont d\u00e9clar\u00e9 qu&rsquo;ils le nommeraient pour le prix Nobel de la paix.<\/p>\n<p>Prix Nobel de la Paix<\/p>\n<p>\n\u00c0 D\u00e9couvrir<br \/>\n<strong class=\"discover-kangourou__line\"><br \/>\n<img decoding=\"async\" class=\"discover-kangourou__img\" src=\"https:\/\/static.lpnt.fr\/static\/img\/kangourou\/kangourou_filled.svg\"\/><br \/>\n<strong class=\"discover-kangourou__txt\"><br \/>\n<strong>Le Kangourou du jour<\/strong><br \/>\n<a href=\"https:\/\/kangourou.lepoint.fr\" title=\"kangourou\" data-gtm-cta=\"kangourou_article\" class=\"discover-kangourou__lnk\" rel=\"nofollow noopener\" target=\"_blank\"><br \/>\nR\u00e9pondre<br \/>\n<\/a><br \/>\n<\/strong><br \/>\n<\/strong><br \/>\nTrump a tent\u00e9 de se pr\u00e9senter comme un artisan de la paix mondiale au cours des premiers mois de son second mandat. La Maison-Blanche lui attribue le m\u00e9rite d&rsquo;avoir n\u00e9goci\u00e9 un cessez-le-feu entre le Cambodge et la Tha\u00eflande, d&rsquo;avoir conclu des <a class=\"Link\" href=\"https:\/\/www.lepoint.fr\/monde\/a-washington-la-rdc-et-le-rwanda-elaborent-un-projet-d-accord-de-paix-25-04-2025-2588228_24.php\" title=\"\" data-gtm=\"click:capsule\" data-capsule=\"Lien\" rel=\"nofollow noopener\" target=\"_blank\">accords de paix entre le Rwanda et la R\u00e9publique d\u00e9mocratique du Congo,<\/a> ainsi qu&rsquo;entre le Pakistan et l&rsquo;Inde.<\/p>\n<p>Cependant, il n&rsquo;a pas r\u00e9ussi \u00e0 mettre fin \u00e0 la guerre de trois ans et demi entre la Russie et l&rsquo;Ukraine, ni au conflit entre Isra\u00ebl et le Hamas \u00e0 Gaza. Vendredi, Trump a annonc\u00e9 qu&rsquo;<a class=\"Link\" href=\"https:\/\/www.lepoint.fr\/monde\/la-rencontre-entre-donald-trump-et-vladimir-poutine-aura-lieu-en-alaska-09-08-2025-2596006_24.php\" title=\"\" data-gtm=\"click:capsule\" data-capsule=\"Lien\" rel=\"nofollow noopener\" target=\"_blank\">il rencontrerait le pr\u00e9sident russe Vladimir Poutine en Alaska le 15\u00a0ao\u00fbt pour travailler \u00e0 la fin de la guerre en Ukraine<\/a>.<\/p>\n<p>Toute l\u2019actualit\u00e9 \u00e0 1\u20ac le premier mois<\/p>\n<p><a href=\"https:\/\/abo.lepoint.fr\/?provenance=21EDI020098\" class=\"btn\" title=\"S&#039;abonner\" data-gtm=\"click:abo|display:abo\" data-campaign=\"paywall_maison\" rel=\"nofollow noopener\" target=\"_blank\">S&rsquo;abonner<\/a><\/p>\n<p>ou<\/p>\n","protected":false},"excerpt":{"rendered":"\u00ab\u00a0Cela fait longtemps \u2013 35\u00a0ans \u2013 qu&rsquo;ils se battent et maintenant, ils sont amis, et ils le resteront&hellip;\n","protected":false},"author":2,"featured_media":307434,"comment_status":"","ping_status":"","sticky":false,"template":"","format":"standard","meta":{"footnotes":""},"categories":[1589],"tags":[11,73,1866,12,1864,1865,1863,308],"class_list":{"0":"post-307433","1":"post","2":"type-post","3":"status-publish","4":"format-standard","5":"has-post-thumbnail","7":"category-etats-unis","8":"tag-actualites","9":"tag-etats-unis","10":"tag-etats-unis-damerique","11":"tag-news","12":"tag-united-states","13":"tag-united-states-of-america","14":"tag-us","15":"tag-usa"},"share_on_mastodon":{"url":"https:\/\/pubeurope.com\/@fr\/114999157360612601","error":""},"_links":{"self":[{"href":"https:\/\/www.europesays.com\/fr\/wp-json\/wp\/v2\/posts\/307433","targetHints":{"allow":["GET"]}}],"collection":[{"href":"https:\/\/www.europesays.com\/fr\/wp-json\/wp\/v2\/posts"}],"about":[{"href":"https:\/\/www.europesays.com\/fr\/wp-json\/wp\/v2\/types\/post"}],"author":[{"embeddable":true,"href":"https:\/\/www.europesays.com\/fr\/wp-json\/wp\/v2\/users\/2"}],"replies":[{"embeddable":true,"href":"https:\/\/www.europesays.com\/fr\/wp-json\/wp\/v2\/comments?post=307433"}],"version-history":[{"count":0,"href":"https:\/\/www.europesays.com\/fr\/wp-json\/wp\/v2\/posts\/307433\/revisions"}],"wp:featuredmedia":[{"embeddable":true,"href":"https:\/\/www.europesays.com\/fr\/wp-json\/wp\/v2\/media\/307434"}],"wp:attachment":[{"href":"https:\/\/www.europesays.com\/fr\/wp-json\/wp\/v2\/media?parent=307433"}],"wp:term":[{"taxonomy":"category","embeddable":true,"href":"https:\/\/www.europesays.com\/fr\/wp-json\/wp\/v2\/categories?post=307433"},{"taxonomy":"post_tag","embeddable":true,"href":"https:\/\/www.europesays.com\/fr\/wp-json\/wp\/v2\/tags?post=307433"}],"curies":[{"name":"wp","href":"https:\/\/api.w.org\/{rel}","templated":true}]}}