{"id":307437,"date":"2025-08-09T13:58:09","date_gmt":"2025-08-09T13:58:09","guid":{"rendered":"https:\/\/www.europesays.com\/fr\/307437\/"},"modified":"2025-08-09T13:58:09","modified_gmt":"2025-08-09T13:58:09","slug":"apres-lembargo-partiel-des-livraisons-darmes-a-israel-friedrich-merz-face-a-la-colere-de-son-camp","status":"publish","type":"post","link":"https:\/\/www.europesays.com\/fr\/307437\/","title":{"rendered":"Apr\u00e8s l\u2019embargo partiel des livraisons d\u2019armes \u00e0 Isra\u00ebl, Friedrich Merz face \u00e0 la col\u00e8re de son camp"},"content":{"rendered":"\n<p>Au lendemain de la d\u00e9cision historique de Berlin de suspendre une partie de ses exportations d\u2019armes pouvant \u00eatre utilis\u00e9es par Isra\u00ebl \u00e0 Gaza, le chancelier conservateur Friedrich Merz est pris dans une tourmente originaire de son propre camp politique. \u201cD\u2019abord la volte-face, puis la r\u00e9volte\u201d, <a class=\"ithalc\" data-ithal=\"lien_externe\" data-ithalc=\"[nav_article]\" target=\"_blank\" href=\"https:\/\/www.spiegel.de\/politik\/deutschland\/friedrich-merz-waffenstopp-fuer-israel-ueberrascht-und-spaltet-die-union-a-b177e2e8-a0a2-4462-b49c-117569c20e6e\" rel=\"noopener\">\u00e9crit <strong>Der Spiegel<\/strong><\/a><strong>,<\/strong> une r\u00e9f\u00e9rence au choc qu\u2019a produit la d\u00e9cision du dirigeant, infl\u00e9chissement majeur du soutien diplomatique historique de l\u2019Allemagne \u00e0\u00a0l\u2019\u00c9tat h\u00e9breu.<\/p>\n<p>\u201cLa d\u00e9cision du chancelier f\u00e9d\u00e9ral Friedrich Merz (CDU) de ne plus livrer \u00e0 Isra\u00ebl des \u00e9quipements militaires pouvant \u00eatre utilis\u00e9s dans la bande de Gaza a suscit\u00e9 une vive opposition au sein de son parti\u201d <a class=\"ithalc\" data-ithal=\"lien_externe\" data-ithalc=\"[nav_article]\" target=\"_blank\" href=\"https:\/\/www.sueddeutsche.de\/politik\/friedrich-merz-waffen-ruestungsgueter-israel-gaza-kritik-cdu-csu-li.3296028\" rel=\"noopener\">rapporte la <strong>S\u00fcddeutsche Zeitung<\/strong><\/a> \u00e0 Munich. L\u2019autre parti de l\u2019Union, la CSU bavaroise, a \u00e9galement \u00e9mis de virulentes critiques quant \u00e0 la d\u00e9cision de Merz.<\/p>\n<p>Selon les informations de la S\u00fcddeutsche Zeitung, Friedrich Merz n\u2019a pas inform\u00e9 les instances internes de la CDU-CSU de cette inflexion de la politique \u00e9trang\u00e8re allemande, ajoutant de la col\u00e8re \u00e0 la surprise de l\u2019annonce.<\/p>\n<p> \u201cMerz a c\u00e9d\u00e9 \u00e0 la pression\u201d <\/p>\n<p>Le pr\u00e9sident de la commission des affaires \u00e9trang\u00e8res du Bundestag, Roderich Kiesewetter (CDU), a d\u00e9clar\u00e9 qu\u2019il consid\u00e9rait \u201c\u00e0 titre personnel, que la suspension des livraisons d\u2019armes \u00e0 Isra\u00ebl est une grave erreur poli<\/p>\n","protected":false},"excerpt":{"rendered":"Au lendemain de la d\u00e9cision historique de Berlin de suspendre une partie de ses exportations d\u2019armes pouvant \u00eatre&hellip;\n","protected":false},"author":2,"featured_media":307438,"comment_status":"","ping_status":"","sticky":false,"template":"","format":"standard","meta":{"footnotes":""},"categories":[1587],"tags":[11,672,1804,1805,1803,1777,674,4710,1801,1892,4629,12,316,1802,44735],"class_list":{"0":"post-307437","1":"post","2":"type-post","3":"status-publish","4":"format-standard","5":"has-post-thumbnail","7":"category-allemagne","8":"tag-actualites","9":"tag-allemagne","10":"tag-bundesrepublik-deutschland","11":"tag-de","12":"tag-deutschland","13":"tag-eu","14":"tag-europe","15":"tag-friedrich-merz","16":"tag-germany","17":"tag-gu00e9opolitique","18":"tag-guerre-israu00ebl-hamas","19":"tag-news","20":"tag-politique","21":"tag-republique-federale-dallemagne","22":"tag-ventes-darmes"},"share_on_mastodon":{"url":"https:\/\/pubeurope.com\/@fr\/114999165538250777","error":""},"_links":{"self":[{"href":"https:\/\/www.europesays.com\/fr\/wp-json\/wp\/v2\/posts\/307437","targetHints":{"allow":["GET"]}}],"collection":[{"href":"https:\/\/www.europesays.com\/fr\/wp-json\/wp\/v2\/posts"}],"about":[{"href":"https:\/\/www.europesays.com\/fr\/wp-json\/wp\/v2\/types\/post"}],"author":[{"embeddable":true,"href":"https:\/\/www.europesays.com\/fr\/wp-json\/wp\/v2\/users\/2"}],"replies":[{"embeddable":true,"href":"https:\/\/www.europesays.com\/fr\/wp-json\/wp\/v2\/comments?post=307437"}],"version-history":[{"count":0,"href":"https:\/\/www.europesays.com\/fr\/wp-json\/wp\/v2\/posts\/307437\/revisions"}],"wp:featuredmedia":[{"embeddable":true,"href":"https:\/\/www.europesays.com\/fr\/wp-json\/wp\/v2\/media\/307438"}],"wp:attachment":[{"href":"https:\/\/www.europesays.com\/fr\/wp-json\/wp\/v2\/media?parent=307437"}],"wp:term":[{"taxonomy":"category","embeddable":true,"href":"https:\/\/www.europesays.com\/fr\/wp-json\/wp\/v2\/categories?post=307437"},{"taxonomy":"post_tag","embeddable":true,"href":"https:\/\/www.europesays.com\/fr\/wp-json\/wp\/v2\/tags?post=307437"}],"curies":[{"name":"wp","href":"https:\/\/api.w.org\/{rel}","templated":true}]}}