{"id":307467,"date":"2025-08-09T14:17:10","date_gmt":"2025-08-09T14:17:10","guid":{"rendered":"https:\/\/www.europesays.com\/fr\/307467\/"},"modified":"2025-08-09T14:17:10","modified_gmt":"2025-08-09T14:17:10","slug":"letonnante-surprise-des-jonas-brothers-pour-leurs-fans-en-plein-centre-de-new-york","status":"publish","type":"post","link":"https:\/\/www.europesays.com\/fr\/307467\/","title":{"rendered":"L\u2019\u00e9tonnante surprise des Jonas Brothers pour leurs fans, en plein centre de New York"},"content":{"rendered":"<p>Au pied du Rockefeller Center, en plein c\u0153ur de New York, les \u00e9quipes de l\u2019\u00e9mission matinale \u00ab\u00a0The Today Show\u00a0\u00bb ont mis les petits plats dans les grands. Pour leurs invit\u00e9s de ce vendredi 8\u00a0ao\u00fbt, tous les efforts ont \u00e9t\u00e9 rassembl\u00e9s afin de rendre l\u2019\u00e9v\u00e8nement inoubliable. Sc\u00e8ne construite sur mesure, \u00e9crans g\u00e9ants et enceintes puissantes, pour pr\u00e9senter leur nouvel album, <a href=\"https:\/\/www.parismatch.com\/culture\/musique\/jonas-brothers-rencontre-avec-trois-papas-pop-225058\" target=\"_blank\" rel=\"nofollow noopener\">les Jonas Brothers<\/a> n\u2019auraient pas pu r\u00eaver mieux.<\/p>\n<p>Sorti ce m\u00eame jour, leur septi\u00e8me album studio \u00ab\u00a0Greetings From Your Hometown\u00a0\u00bb est l\u2019occasion pour le boys band de c\u00e9l\u00e9brer ses 20\u00a0ans de carri\u00e8re. <a href=\"https:\/\/www.parismatch.com\/People\/les-freres-jonas-reunis-pour-un-diner-en-famille-avec-leurs-amoureuses-253148\" target=\"_blank\" rel=\"nofollow noopener\">Nick, Joe et Kevin ont rev\u00eatu leurs habits de lumi\u00e8re<\/a> pour l\u2019occasion et sont mont\u00e9s sur la sc\u00e8ne sous les acclamations du public. Les fans ont pu entendre pour la premi\u00e8re fois les nouveaux morceaux \u00e9crits par le trio.<\/p>\n<p>    La suite apr\u00e8s cette publicit\u00e9<\/p>\n<p>Un retour \u00e0 la hauteur des attentes\u00a0?<\/p>\n<p>Au-del\u00e0 du bonheur de retrouver la sc\u00e8ne, ce concert surprise a \u00e9galement \u00e9t\u00e9 l\u2019occasion pour le groupe de prendre la temp\u00e9rature avant de se lancer sa tourn\u00e9e \u00ab\u00a0Jonas20\u00a0: Greetings From Your Hometown Tour\u00a0\u00bb qui d\u00e9butera ce dimanche 10\u00a0ao\u00fbt au MetLife Stadium dans le New Jersey.<\/p>\n<p>    La suite apr\u00e8s cette publicit\u00e9<\/p>\n<p>Le 13\u00a0juin dernier, un communiqu\u00e9\u00a0relay\u00e9 par Entertainment Weekly a indiqu\u00e9 quelques impr\u00e9vus dans la programmation\u00a0: \u00ab\u00a0Nous op\u00e9rons quelques modifications mais soyez assur\u00e9s que toutes les prestations auront bien lieu, aux m\u00eames dates et dans les m\u00eames villes\u00a0!\u00a0\u00bb Ces \u00ab\u00a0quelques modifications\u00a0\u00bb sont en r\u00e9alit\u00e9 des changements de salles. Plusieurs grands stades ont \u00e9t\u00e9 remplac\u00e9s par des lieux \u00e0 la capacit\u00e9 plus r\u00e9duite. Si les raisons de ces d\u00e9cisions n\u2019ont pas \u00e9t\u00e9 communiqu\u00e9es, il n\u2019est pas farfelu d\u2019imaginer que les places ne se sont pas vendues aussi bien qu&rsquo;esp\u00e9r\u00e9\u2026<\/p>\n","protected":false},"excerpt":{"rendered":"Au pied du Rockefeller Center, en plein c\u0153ur de New York, les \u00e9quipes de l\u2019\u00e9mission matinale \u00ab\u00a0The Today&hellip;\n","protected":false},"author":2,"featured_media":307468,"comment_status":"","ping_status":"","sticky":false,"template":"","format":"standard","meta":{"footnotes":""},"categories":[1355],"tags":[58,59,1011,27,1361,873],"class_list":{"0":"post-307467","1":"post","2":"type-post","3":"status-publish","4":"format-standard","5":"has-post-thumbnail","7":"category-musique","8":"tag-divertissement","9":"tag-entertainment","10":"tag-fr","11":"tag-france","12":"tag-music","13":"tag-musique"},"share_on_mastodon":{"url":"https:\/\/pubeurope.com\/@fr\/114999239986024712","error":""},"_links":{"self":[{"href":"https:\/\/www.europesays.com\/fr\/wp-json\/wp\/v2\/posts\/307467","targetHints":{"allow":["GET"]}}],"collection":[{"href":"https:\/\/www.europesays.com\/fr\/wp-json\/wp\/v2\/posts"}],"about":[{"href":"https:\/\/www.europesays.com\/fr\/wp-json\/wp\/v2\/types\/post"}],"author":[{"embeddable":true,"href":"https:\/\/www.europesays.com\/fr\/wp-json\/wp\/v2\/users\/2"}],"replies":[{"embeddable":true,"href":"https:\/\/www.europesays.com\/fr\/wp-json\/wp\/v2\/comments?post=307467"}],"version-history":[{"count":0,"href":"https:\/\/www.europesays.com\/fr\/wp-json\/wp\/v2\/posts\/307467\/revisions"}],"wp:featuredmedia":[{"embeddable":true,"href":"https:\/\/www.europesays.com\/fr\/wp-json\/wp\/v2\/media\/307468"}],"wp:attachment":[{"href":"https:\/\/www.europesays.com\/fr\/wp-json\/wp\/v2\/media?parent=307467"}],"wp:term":[{"taxonomy":"category","embeddable":true,"href":"https:\/\/www.europesays.com\/fr\/wp-json\/wp\/v2\/categories?post=307467"},{"taxonomy":"post_tag","embeddable":true,"href":"https:\/\/www.europesays.com\/fr\/wp-json\/wp\/v2\/tags?post=307467"}],"curies":[{"name":"wp","href":"https:\/\/api.w.org\/{rel}","templated":true}]}}