{"id":307469,"date":"2025-08-09T14:18:41","date_gmt":"2025-08-09T14:18:41","guid":{"rendered":"https:\/\/www.europesays.com\/fr\/307469\/"},"modified":"2025-08-09T14:18:41","modified_gmt":"2025-08-09T14:18:41","slug":"cest-lune-des-plus-grosses-deceptions-au-box-office-de-2025-les-4-fantastiques-sincline-devant-superman-et-pas-quun-peu-jeuxvideo-com","status":"publish","type":"post","link":"https:\/\/www.europesays.com\/fr\/307469\/","title":{"rendered":"C&#039;est l&#039;une des plus grosses d\u00e9ceptions au box-office de 2025 : Les 4 Fantastiques s&#039;incline devant Superman et pas qu&#039;un peu\u2026 &#8211; JeuxVideo.com"},"content":{"rendered":"<ol>\n<li><a href=\"https:\/\/news.google.com\/rss\/articles\/CBMi-gFBVV95cUxNSTNNWFdsd1lscG9YRzZhQjFEMnBzMjNfT2hyX1hZVFc3NWxrUGxyY01XR2xvcEhpMlNDbV9hV05TR1pPaHd1YmlRVC1QalJRdW9HVmFYVUpEWTVQY2NsV0JJUkE4b1BWbHF0ajlUSWNwYk1fcXU0Q3E1bHpPbzFYelRyY2dXNDI0UDc0M014UWdvSHpWZ1YxLURpQkVFWHFDbDZxN2hpNEJxdUp0OGZQUTRQbFZZTzhLaXVucVFySTk5RGc4SUU1TnQ4MGM4ZEpDM1U2SVB2ZXM5U0RnWHJvZUVDNTM5T09pNWp6eFNWVjQ1aXg0V1Vva3FB?oc=5\" target=\"_blank\" rel=\"nofollow noopener\">C&rsquo;est l&rsquo;une des plus grosses d\u00e9ceptions au box-office de 2025 : Les 4 Fantastiques s&rsquo;incline devant Superman et pas qu&rsquo;un peu\u2026<\/a>&nbsp;&nbsp;JeuxVideo.com<\/li>\n<li><a href=\"https:\/\/news.google.com\/rss\/articles\/CBMizwFBVV95cUxQYTBRM0F1T3RIbmRZSmV6VXdiZHV5UERiUHJmcTdpMWJqNWh5c1NyNUtZQmhabzJBcWN1ZFZ6QnBXMkRJcU1nS2tDQjBjS09uSTVOdU5OVUNtYVEtYVlZaFdIamJzTHBoOEdGOUJ6ek0zQm5FSm1XRXVWWEtjV3g0cjZMTzhuaF9WNUszNWFsUk96eTVPcWVxS1czOG84MUtLWTctWWxhb0FsSTlzc1BzTVFRemVfa09BNW9EQnhheWdtbG5VQS1LbHUyWFp4Z28?oc=5\" target=\"_blank\" rel=\"nofollow noopener\">Les \u00ab 4 Fantastiques \u00bb se maintiennent en t\u00eate du box-office am\u00e9ricain malgr\u00e9 une chute notable<\/a>&nbsp;&nbsp;20 Minutes<\/li>\n<li><a href=\"https:\/\/news.google.com\/rss\/articles\/CBMiiwFBVV95cUxOZ2gteURNbDcxa21GcFZTWWFSTHVuNlpkOUpFVGxjYUxSNnBpUTlvVTJSRlVTSDJFSl9FUFpxaGJCRDM1Mm1WMVJVdHpCUE5UZDNhTDNadzBmU3hkeFBNNG5zV1htSE5WTXZmRGZVanN5ZTJIOHN5a2ZoWWVSVlFvdGQ5cXB3a2hCWWdn?oc=5\" target=\"_blank\" rel=\"nofollow noopener\">Disney r\u00e9agit au succ\u00e8s tr\u00e8s bof des 4 Fantastiques, et assure que tout va bien chez eux<\/a>&nbsp;&nbsp;Ecran Large<\/li>\n<li><a href=\"https:\/\/news.google.com\/rss\/articles\/CBMifEFVX3lxTE5YVUZ4b3N1MnVial92alVYYWl1bHZob09xTzlTZjd3MmwwSk9VbWxFR21VRmM3empCaVU2ZGNyT2JrWFFpZlIxemFhSDJVOG90Q2Rmdy14Z3NKU1pNa1Z2bU05UGZlWlpwaTB5RGdsaFdtMnFOZlhFdUs2QVE?oc=5\" target=\"_blank\" rel=\"nofollow noopener\">Qui est Doctor Doom, le nouveau grand m\u00e9chant du MCU ?<\/a>&nbsp;&nbsp;VL M\u00e9dia<\/li>\n<li><a href=\"https:\/\/news.google.com\/rss\/articles\/CBMif0FVX3lxTFBVZ21DQ0RDMEd5TExpaXFxeXM0MHhUSjdpTzdKWUVVRFl6Wll2dUxSMzhVdjJJWkZULWdGLUZfNnU5REVMaHdXRDlNZnZBaXRocFlzNUkwLVJCTnJWQUw1aUdLQnAtMThlNFE1aVVubFRaNGdkUjhCSDdvY3A5dTg?oc=5\" target=\"_blank\" rel=\"nofollow noopener\">Les Quatre Fantastiques en perte de vitesse<\/a>&nbsp;&nbsp;Focus Vif<\/li>\n<\/ol>\n","protected":false},"excerpt":{"rendered":"C&rsquo;est l&rsquo;une des plus grosses d\u00e9ceptions au box-office de 2025 : Les 4 Fantastiques s&rsquo;incline devant Superman et&hellip;\n","protected":false},"author":2,"featured_media":1445,"comment_status":"","ping_status":"","sticky":false,"template":"","format":"standard","meta":{"footnotes":""},"categories":[1354],"tags":[58,59,1346,1011,27,1360],"class_list":{"0":"post-307469","1":"post","2":"type-post","3":"status-publish","4":"format-standard","5":"has-post-thumbnail","7":"category-films","8":"tag-divertissement","9":"tag-entertainment","10":"tag-films","11":"tag-fr","12":"tag-france","13":"tag-movies"},"share_on_mastodon":{"url":"https:\/\/pubeurope.com\/@fr\/114999243884958009","error":""},"_links":{"self":[{"href":"https:\/\/www.europesays.com\/fr\/wp-json\/wp\/v2\/posts\/307469","targetHints":{"allow":["GET"]}}],"collection":[{"href":"https:\/\/www.europesays.com\/fr\/wp-json\/wp\/v2\/posts"}],"about":[{"href":"https:\/\/www.europesays.com\/fr\/wp-json\/wp\/v2\/types\/post"}],"author":[{"embeddable":true,"href":"https:\/\/www.europesays.com\/fr\/wp-json\/wp\/v2\/users\/2"}],"replies":[{"embeddable":true,"href":"https:\/\/www.europesays.com\/fr\/wp-json\/wp\/v2\/comments?post=307469"}],"version-history":[{"count":0,"href":"https:\/\/www.europesays.com\/fr\/wp-json\/wp\/v2\/posts\/307469\/revisions"}],"wp:featuredmedia":[{"embeddable":true,"href":"https:\/\/www.europesays.com\/fr\/wp-json\/wp\/v2\/media\/1445"}],"wp:attachment":[{"href":"https:\/\/www.europesays.com\/fr\/wp-json\/wp\/v2\/media?parent=307469"}],"wp:term":[{"taxonomy":"category","embeddable":true,"href":"https:\/\/www.europesays.com\/fr\/wp-json\/wp\/v2\/categories?post=307469"},{"taxonomy":"post_tag","embeddable":true,"href":"https:\/\/www.europesays.com\/fr\/wp-json\/wp\/v2\/tags?post=307469"}],"curies":[{"name":"wp","href":"https:\/\/api.w.org\/{rel}","templated":true}]}}