{"id":307480,"date":"2025-08-09T14:24:11","date_gmt":"2025-08-09T14:24:11","guid":{"rendered":"https:\/\/www.europesays.com\/fr\/307480\/"},"modified":"2025-08-09T14:24:11","modified_gmt":"2025-08-09T14:24:11","slug":"39-personnes-tuees-et-plus-de-400-blessees-par-larmee-israelienne-en-vingt-quatre-heures-selon-le-ministere-de-la-sante-gazaoui","status":"publish","type":"post","link":"https:\/\/www.europesays.com\/fr\/307480\/","title":{"rendered":"39 personnes tu\u00e9es et plus de 400 bless\u00e9es par l\u2019arm\u00e9e isra\u00e9lienne en vingt-quatre heures, selon le minist\u00e8re de la sant\u00e9 gazaoui"},"content":{"rendered":"<p>   Dix personnes tu\u00e9es par des frappes et des tirs isra\u00e9liens, selon la d\u00e9fense civile de Gaza             <\/p>\n<p class=\"post__live-container--answer-text post__space-node\">Le porte-parole de la d\u00e9fense civile de la bande de Gaza, Mahmoud Bassal, a fait \u00e9tat de dix personnes tu\u00e9es, samedi, dont huit par des tirs de l\u2019arm\u00e9e isra\u00e9lienne, pr\u00e8s de centres d\u2019aide.<\/p>\n<p class=\"post__live-container--answer-text post__space-node\">Au moins six corps, dont celui d\u2019un enfant, ont \u00e9t\u00e9 transf\u00e9r\u00e9s \u00e0 l\u2019h\u00f4pital Al-Awda, dans le camp de r\u00e9fugi\u00e9s de Nousseirat, ainsi que 30 bless\u00e9s, a-t-il d\u00e9clar\u00e9 \u00e0 l\u2019Agence France-Presse. Les victimes ont \u00e9t\u00e9 vis\u00e9es par des tirs isra\u00e9liens lors de rassemblements de civils pr\u00e8s du point de distribution d\u2019aide de la Gaza Humanitarian Foundation (GHF) sur la route principale Salah Al-Din, dans le centre de la bande de Gaza, a affirm\u00e9 Mahmoud Bassal. Deux autres personnes, dont une femme, ont \u00e9t\u00e9 abattues par les forces isra\u00e9liennes pr\u00e8s d\u2019un autre centre d\u2019aide au nord-ouest de Rafah, dans le sud de Gaza, a-t-il \u00e9galement d\u00e9clar\u00e9.<\/p>\n<p class=\"post__live-container--answer-text post__space-node\">Selon des t\u00e9moins, plusieurs milliers de personnes se sont rassembl\u00e9es samedi matin autour des centres d\u2019aide de la GHF, organisation isra\u00e9lo-am\u00e9ricaine opaque, dans le centre de la bande de Gaza et dans les zones \u00e0 l\u2019ouest de Rafah et de Khan Youn\u00e8s, dans le Sud, dans l\u2019espoir d\u2019obtenir des vivres.<\/p>\n<p class=\"post__live-container--answer-text post__space-node\">Une femme a par ailleurs \u00e9t\u00e9 tu\u00e9e par une frappe a\u00e9rienne \u00ab\u00a0qui a cibl\u00e9 un appartement en face de l\u2019h\u00f4pital Al-Khair\u00a0\u00bb, \u00e0 Khan Youn\u00e8s, selon le porte-parole de la d\u00e9fense civile. Un jeune homme a \u00e9galement \u00e9t\u00e9 tu\u00e9 par un missile tir\u00e9 par un drone isra\u00e9lien, qui a vis\u00e9 un groupe de civils pr\u00e8s de l\u2019\u00e9cole Abou-Helou, qui abrite des personnes d\u00e9plac\u00e9es dans le camp de r\u00e9fugi\u00e9s d\u2019Al-Boureij, selon Mahmoud Bassal.<\/p>\n<p class=\"post__live-container--answer-text post__space-node\">L\u2019arm\u00e9e isra\u00e9lienne n\u2019a pas comment\u00e9 ces informations dans l\u2019imm\u00e9diat.<\/p>\n","protected":false},"excerpt":{"rendered":"Dix personnes tu\u00e9es par des frappes et des tirs isra\u00e9liens, selon la d\u00e9fense civile de Gaza Le porte-parole&hellip;\n","protected":false},"author":2,"featured_media":307112,"comment_status":"","ping_status":"","sticky":false,"template":"","format":"standard","meta":{"footnotes":""},"categories":[5],"tags":[11,1011,27,14,12,28],"class_list":{"0":"post-307480","1":"post","2":"type-post","3":"status-publish","4":"format-standard","5":"has-post-thumbnail","7":"category-international","8":"tag-actualites","9":"tag-fr","10":"tag-france","11":"tag-international","12":"tag-news","13":"tag-world"},"share_on_mastodon":{"url":"https:\/\/pubeurope.com\/@fr\/114999267438401766","error":""},"_links":{"self":[{"href":"https:\/\/www.europesays.com\/fr\/wp-json\/wp\/v2\/posts\/307480","targetHints":{"allow":["GET"]}}],"collection":[{"href":"https:\/\/www.europesays.com\/fr\/wp-json\/wp\/v2\/posts"}],"about":[{"href":"https:\/\/www.europesays.com\/fr\/wp-json\/wp\/v2\/types\/post"}],"author":[{"embeddable":true,"href":"https:\/\/www.europesays.com\/fr\/wp-json\/wp\/v2\/users\/2"}],"replies":[{"embeddable":true,"href":"https:\/\/www.europesays.com\/fr\/wp-json\/wp\/v2\/comments?post=307480"}],"version-history":[{"count":0,"href":"https:\/\/www.europesays.com\/fr\/wp-json\/wp\/v2\/posts\/307480\/revisions"}],"wp:featuredmedia":[{"embeddable":true,"href":"https:\/\/www.europesays.com\/fr\/wp-json\/wp\/v2\/media\/307112"}],"wp:attachment":[{"href":"https:\/\/www.europesays.com\/fr\/wp-json\/wp\/v2\/media?parent=307480"}],"wp:term":[{"taxonomy":"category","embeddable":true,"href":"https:\/\/www.europesays.com\/fr\/wp-json\/wp\/v2\/categories?post=307480"},{"taxonomy":"post_tag","embeddable":true,"href":"https:\/\/www.europesays.com\/fr\/wp-json\/wp\/v2\/tags?post=307480"}],"curies":[{"name":"wp","href":"https:\/\/api.w.org\/{rel}","templated":true}]}}