{"id":307500,"date":"2025-08-09T14:40:12","date_gmt":"2025-08-09T14:40:12","guid":{"rendered":"https:\/\/www.europesays.com\/fr\/307500\/"},"modified":"2025-08-09T14:40:12","modified_gmt":"2025-08-09T14:40:12","slug":"le-psg-aurait-un-accord-total-pour-zabarnyi-rennes-piste-un-autre-marseillais-millot-en-arabie-saoudite-les-5-infos-mercato-du-jour","status":"publish","type":"post","link":"https:\/\/www.europesays.com\/fr\/307500\/","title":{"rendered":"Le PSG aurait un \u00abaccord total\u00bb pour Zabarnyi, Rennes piste un (autre) Marseillais, Millot en Arabie saoudite&#8230;Les 5 infos mercato du jour"},"content":{"rendered":"<p>Le Paris SG boucle le transfert d\u2019Illya Zabarnyi, le Stade rennais FC piste un attaquant marseillais, Enzo Millot signe en Arabie saoudite&#8230;Retrouvez toutes les infos mercato de ce samedi.<\/p>\n<p>Accord total entre le Paris SG et Bournemouth pour Ilya Zabarnyi<\/p>\n<p class=\"fig-paragraph\">Apr\u00e8s\u00a0<a href=\"http:\/\/www.lefigaro.fr\/sports\/football\/ligue-1\/foot-numero-un-donnarumma-fait-passer-un-message-au-psg-et-a-chevalier-20250809\" data-fig-type=\"NewsFlash\" data-gtm-custom-categorie=\"navigation\" data-gtm-custom-action=\"crossclick\" data-gtm-custom-label=\"Contextuel\" data-gtm-event=\"customEventSPE\" data-fig-domain=\"LEFIGARO\" target=\"_blank\" rel=\"noopener\">Lucas Chevalier<\/a>,\u00a0<a href=\"http:\/\/www.lefigaro.fr\/sports\/football\/transferts\/mercato-avant-zabarnyi-le-psg-lance-ses-grandes-manoeuvres-de-l-ete-avec-chevalier-20250808\" data-fig-type=\"NewsFlash\" data-gtm-custom-categorie=\"navigation\" data-gtm-custom-action=\"crossclick\" data-gtm-custom-label=\"Contextuel\" data-gtm-event=\"customEventSPE\" data-fig-domain=\"LEFIGARO\" target=\"_blank\" rel=\"noopener\">Illya Zabarnyi<\/a>. Alors que le gardien de but fran\u00e7ais aurait d\u2019ores et d\u00e9j\u00e0 sign\u00e9 son contrat et que l\u2019officialisation de son arriv\u00e9e dans la capitale ne devrait pas tarder, le\u00a0<a href=\"http:\/\/www.lefigaro.fr\/sports\/football\/ligue-des-champions\/foot-le-potentiel-du-psg-est-si-grand-dupraz-croit-a-un-double-en-ligue-des-champions-20250809\" data-fig-type=\"NewsFlash\" data-gtm-custom-categorie=\"navigation\" data-gtm-custom-action=\"crossclick\" data-gtm-custom-label=\"Contextuel\" data-gtm-event=\"customEventSPE\" data-fig-domain=\"LEFIGARO\" target=\"_blank\" rel=\"noopener\">Paris SG<\/a>\u00a0serait en passe de boucler, d\u00e9sormais, le recrutement du d\u00e9fenseur central ukrainien.\u00a0<a href=\"https:\/\/rmcsport.bfmtv.com\/football\/transferts\/mercato-accord-total-entre-le-psg-et-bournemouth-pour-zabarnyi-info-rmc-sport_AV-202508090138.html\" target=\"_blank\" rel=\"sponsored noopener\" data-gtm-custom-categorie=\"navigation\" data-gtm-custom-action=\"crossclick\" data-gtm-custom-label=\"Contextuel\" data-gtm-event=\"customEventSPE\">RMC Sport<\/a> \u00a0rapporte en effet que les Rouge et Bleu auraient trouv\u00e9 un \u00abaccord total\u00bb avec l\u2019AFC Bournemouth pour un transfert s\u2019\u00e9levant \u00e0 63 M\u20ac, plus 3 M\u20ac de bonus. Une somme importante, fruit de tr\u00e8s longues n\u00e9gociations. Le joueur \u00e2g\u00e9 de 22 ans serait attendu \u00e0 Paris en d\u00e9but de semaine pour finaliser l\u2019op\u00e9ration.<\/p>\n<p>Bafod\u00e9 Diakit\u00e9 \u00e0 Bournemouth, ce serait bon<\/p>\n<p class=\"fig-paragraph\">L\u2019<a href=\"http:\/\/www.lefigaro.fr\/sports\/football\/transferts\/mercato-le-defenseur-lillois-bafode-diakite-dans-le-viseur-de-bournemouth-20250701\" data-fig-type=\"NewsFlash\" data-gtm-custom-categorie=\"navigation\" data-gtm-custom-action=\"crossclick\" data-gtm-custom-label=\"Contextuel\" data-gtm-event=\"customEventSPE\" data-fig-domain=\"LEFIGARO\" target=\"_blank\" rel=\"noopener\">AFC Bournemouth<\/a>\u00a0a trouv\u00e9 son nouveau d\u00e9fenseur central. Pour compenser les d\u00e9parts de Dean Huijsen et Ilya Zabarnyi, les Cherries avaient jet\u00e9 leur d\u00e9volu sur le Lillois\u00a0<a href=\"http:\/\/www.lefigaro.fr\/sports\/football\/ligue-1\/angers-lille-haraldsson-brille-pour-le-losc-diakite-aurait-pu-couter-cher-les-tops-et-les-flops-20250427\" data-fig-type=\"NewsFlash\" data-gtm-custom-categorie=\"navigation\" data-gtm-custom-action=\"crossclick\" data-gtm-custom-label=\"Contextuel\" data-gtm-event=\"customEventSPE\" data-fig-domain=\"LEFIGARO\" target=\"_blank\" rel=\"noopener\">Bafod\u00e9 Diakit\u00e9<\/a>. Et si l\u2019on en croit les informations r\u00e9v\u00e9l\u00e9es par\u00a0<a href=\"https:\/\/rmcsport.bfmtv.com\/football\/transferts\/direct-mercato-toutes-les-infos-et-rumeurs-du-7-aout-2025-en-live_LN-202508070108.html\" target=\"_blank\" rel=\"sponsored noopener\" data-gtm-custom-categorie=\"navigation\" data-gtm-custom-action=\"crossclick\" data-gtm-custom-label=\"Contextuel\" data-gtm-event=\"customEventSPE\">RMC Sport<\/a>, le club britannique aurait conclu un accord avec le LOSC pour le transfert du joueur fran\u00e7ais. L\u2019op\u00e9ration devrait s\u2019\u00e9lever \u00e0 35 M\u20ac, plus 5 M\u20ac de bonus. Une nouvelle belle vente pour les Dogues apr\u00e8s celle de Lucas Chevalier. L\u2019ex-Toulousain devrait s\u2019engager avec sa nouvelle formation pour les cinq prochaines ann\u00e9es, soit jusqu\u2019en juin 2030.<\/p>\n<p class=\"fig-body-link\">\n            \u00c0 lire aussi<br \/>\n        <a class=\"fig-body-link__link fig-premium-mark\" href=\"http:\/\/www.lefigaro.fr\/sports\/football\/transferts\/mercato-avant-zabarnyi-le-psg-lance-ses-grandes-manoeuvres-de-l-ete-avec-chevalier-20250808\" data-fig-type=\"NewsFlash\" data-gtm-custom-categorie=\"navigation\" data-gtm-custom-action=\"crossclick\" data-gtm-custom-label=\"Contextuel\" data-gtm-event=\"customEventSPE\" data-fig-domain=\"LEFIGARO\" target=\"_blank\" rel=\"noopener\">Mercato\u00a0: avant Zabarnyi, le PSG lance ses grandes man\u0153uvres de l\u2019\u00e9t\u00e9 avec Chevalier<br \/>\n    <\/a>\n<\/p>\n<p>                                    <a class=\"fig-a11y-skip a11y-hidden\" href=\"#fig-a11y-skip-main-inarticle\"><br \/>\n        Passer la publicit\u00e9<br \/>\n    <\/a><\/p>\n<p>Le Stade rennais piste un nouveau Marseillais<\/p>\n<p class=\"fig-paragraph\">Un Marseillais en plus apr\u00e8s Quentin Merlin et Valentin Rongier\u00a0? Apr\u00e8s avoir recrut\u00e9 le lat\u00e9ral gauche et le milieu de terrain, le\u00a0<a href=\"http:\/\/www.lefigaro.fr\/sports\/football\/transferts\/foot-c-est-ca-le-football-la-blague-du-stade-rennais-a-sa-nouvelle-recrue-valentin-rongier-ancien-joueur-de-nantes-20250722\" data-fig-type=\"NewsFlash\" data-gtm-custom-categorie=\"navigation\" data-gtm-custom-action=\"crossclick\" data-gtm-custom-label=\"Contextuel\" data-gtm-event=\"customEventSPE\" data-fig-domain=\"LEFIGARO\" target=\"_blank\" rel=\"noopener\">Stade rennais FC<\/a>\u00a0s\u2019int\u00e9resserait \u00e0 un autre joueur de l\u2019Olympique de Marseille, \u00e0 savoir\u00a0<a href=\"http:\/\/www.lefigaro.fr\/sports\/football\/om-seville-aubameyang-retrouve-le-velodrome-rowe-le-detonateur-les-espagnols-degoupillent-les-tops-et-les-flops-20250802\" data-fig-type=\"NewsFlash\" data-gtm-custom-categorie=\"navigation\" data-gtm-custom-action=\"crossclick\" data-gtm-custom-label=\"Contextuel\" data-gtm-event=\"customEventSPE\" data-fig-domain=\"LEFIGARO\" target=\"_blank\" rel=\"noopener\">Jonathan Rowe<\/a>, indique Foot Mercato. L\u2019ailier gauche britannique ne sera pas retenu par les Phoc\u00e9ens \u00aben cas d\u2019offre satisfaisante\u00bb. Mais pour le moment, les Rouge et Noir n\u2019auraient formul\u00e9 aucune proposition officielle pour l\u2019attaquant \u00e2g\u00e9 de 22 ans. Passeront-ils \u00e0 l\u2019offensive dans les prochains jours\u00a0?<\/p>\n<p>Strasbourg s\u2019offre une p\u00e9pite danoise<\/p>\n<p class=\"fig-paragraph\">Un nouveau jeune talent en Alsace. Le\u00a0<a href=\"http:\/\/www.lefigaro.fr\/sports\/football\/transferts\/mercato-strasbourg-recrute-la-pepite-kendry-paez-en-pret-20250731\" data-fig-type=\"NewsFlash\" data-gtm-custom-categorie=\"navigation\" data-gtm-custom-action=\"crossclick\" data-gtm-custom-label=\"Contextuel\" data-gtm-event=\"customEventSPE\" data-fig-domain=\"LEFIGARO\" target=\"_blank\" rel=\"noopener\">RC Strasbourg Alsace<\/a>\u00a0vient d\u2019officialiser l\u2019arriv\u00e9e de Lucas H\u00f8gsberg en provenance du FC Nordsj\u00e6lland. L\u2019op\u00e9ration aurait co\u00fbt\u00e9 pr\u00e8s de 15 M\u20ac. Le d\u00e9fenseur central danois, \u00e2g\u00e9 de 19 ans, s\u2019est engag\u00e9 avec les Bleu et Blanc pour les cinq prochaines ann\u00e9es, soit jusqu\u2019en juin 2030. Il est consid\u00e9r\u00e9 comme l\u2019un des joueurs les plus prometteurs de sa g\u00e9n\u00e9ration \u00e0 son poste. Une belle affaire pour le RCSA.<\/p>\n<p>Enzo Millot aurait officiellement sign\u00e9 en Arabie saoudite<\/p>\n<p class=\"fig-paragraph\">Il ne manquerait plus que l\u2019officialisation.\u00a0<a href=\"http:\/\/www.lefigaro.fr\/sports\/football\/transferts\/mercato-enzo-millot-une-recrue-de-choix-pour-le-paris-fc-20250604\" data-fig-type=\"NewsFlash\" data-gtm-custom-categorie=\"navigation\" data-gtm-custom-action=\"crossclick\" data-gtm-custom-label=\"Contextuel\" data-gtm-event=\"customEventSPE\" data-fig-domain=\"LEFIGARO\" target=\"_blank\" rel=\"noopener\">Enzo Millot<\/a>\u00a0aurait sign\u00e9 son contrat avec le Al-Ahli SC, r\u00e9v\u00e8le\u00a0<a href=\"https:\/\/www.lequipe.fr\/Football\/Actualites\/Mercato-enzo-millot-stuttgart-a-signe-a-al-ahli\/1584138\" target=\"_blank\" rel=\"sponsored noopener\" data-gtm-custom-categorie=\"navigation\" data-gtm-custom-action=\"crossclick\" data-gtm-custom-label=\"Contextuel\" data-gtm-event=\"customEventSPE\">L\u2019\u00c9quipe<\/a> \u00a0ce samedi. \u00abLe Fran\u00e7ais a sign\u00e9 un contrat de quatre ans et a d\u00e9j\u00e0 r\u00e9alis\u00e9 les photos et vid\u00e9os de pr\u00e9sentation\u00bb, pr\u00e9cisent nos confr\u00e8res du quotidien sportif. Le milieu de terrain tricolore quitte donc le VfB Stuttgart apr\u00e8s quatre belles saisons. Son transfert s\u2019\u00e9l\u00e8verait \u00e0 30 M\u20ac. \u00c2g\u00e9 de 23 ans, il \u00e9tait courtis\u00e9 par le Club Atl\u00e9tico de Madrid mais aussi la SSC Napoli et la Juventus Turin.<\/p>\n","protected":false},"excerpt":{"rendered":"Le Paris SG boucle le transfert d\u2019Illya Zabarnyi, le Stade rennais FC piste un attaquant marseillais, Enzo Millot&hellip;\n","protected":false},"author":2,"featured_media":307501,"comment_status":"","ping_status":"","sticky":false,"template":"","format":"standard","meta":{"footnotes":""},"categories":[2821],"tags":[1111,11,4947,829,1777,674,1011,27,2267,1434,12,93,4448,584,25,3087],"class_list":{"0":"post-307500","1":"post","2":"type-post","3":"status-publish","4":"format-standard","5":"has-post-thumbnail","7":"category-rennes","8":"tag-actu","9":"tag-actualites","10":"tag-arabie-saoudite","11":"tag-bretagne","12":"tag-eu","13":"tag-europe","14":"tag-fr","15":"tag-france","16":"tag-losc","17":"tag-mercato","18":"tag-news","19":"tag-psg","20":"tag-rc-strasbourg","21":"tag-rennes","22":"tag-republique-francaise","23":"tag-stade-rennais"},"share_on_mastodon":{"url":"https:\/\/pubeurope.com\/@fr\/114999330245249176","error":""},"_links":{"self":[{"href":"https:\/\/www.europesays.com\/fr\/wp-json\/wp\/v2\/posts\/307500","targetHints":{"allow":["GET"]}}],"collection":[{"href":"https:\/\/www.europesays.com\/fr\/wp-json\/wp\/v2\/posts"}],"about":[{"href":"https:\/\/www.europesays.com\/fr\/wp-json\/wp\/v2\/types\/post"}],"author":[{"embeddable":true,"href":"https:\/\/www.europesays.com\/fr\/wp-json\/wp\/v2\/users\/2"}],"replies":[{"embeddable":true,"href":"https:\/\/www.europesays.com\/fr\/wp-json\/wp\/v2\/comments?post=307500"}],"version-history":[{"count":0,"href":"https:\/\/www.europesays.com\/fr\/wp-json\/wp\/v2\/posts\/307500\/revisions"}],"wp:featuredmedia":[{"embeddable":true,"href":"https:\/\/www.europesays.com\/fr\/wp-json\/wp\/v2\/media\/307501"}],"wp:attachment":[{"href":"https:\/\/www.europesays.com\/fr\/wp-json\/wp\/v2\/media?parent=307500"}],"wp:term":[{"taxonomy":"category","embeddable":true,"href":"https:\/\/www.europesays.com\/fr\/wp-json\/wp\/v2\/categories?post=307500"},{"taxonomy":"post_tag","embeddable":true,"href":"https:\/\/www.europesays.com\/fr\/wp-json\/wp\/v2\/tags?post=307500"}],"curies":[{"name":"wp","href":"https:\/\/api.w.org\/{rel}","templated":true}]}}