{"id":307502,"date":"2025-08-09T14:42:14","date_gmt":"2025-08-09T14:42:14","guid":{"rendered":"https:\/\/www.europesays.com\/fr\/307502\/"},"modified":"2025-08-09T14:42:14","modified_gmt":"2025-08-09T14:42:14","slug":"en-direct-ligue-1-preparation-mayence","status":"publish","type":"post","link":"https:\/\/www.europesays.com\/fr\/307502\/","title":{"rendered":"En direct Ligue 1. Pr\u00e9paration : Mayence"},"content":{"rendered":"<p>&#13;<br \/>\n                                                    En direct&#13;<br \/>\n                        &#13;\n                                            <\/p>\n<p>Le Racing rejoue \u00e0 saute-fronti\u00e8res pour son dernier test de pr\u00e9-saison, direction Mayence sur la rive allemande du Rhin. Au programme de ce samedi, pour les hommes de Liam Rosenior, une double opposition (11h et 15h30) face au FSV Mainz 05 de l&rsquo;ancien Strasbourgeois Anthony Caci. Sur la pelouse de la Mewa Arena, les Bleus tenteront de parfaire un peu plus leurs automatismes \u00e0 huit jours du lever de rideau en Ligue 1, \u00e0 Metz pour le derby.<\/p>\n<p>&#13;<br \/>\n              \u00c0 Mayence, Julien-Thomas Will &#8211; &#13;<br \/>\n        &#13;<br \/>\n          Aujourd&rsquo;hui \u00e0 14:30&#13;<br \/>\n    &#13;<br \/>\n                  | mis \u00e0 jour aujourd&rsquo;hui \u00e0 16:37&#13;<br \/>\n              &#8211; Temps de lecture : &#13;<br \/>\n  &#13;\n<\/p>\n<ul class=\"galerieContent carousel-wrapper__slides\" id=\"64f01c80-649b-4c39-af33-54171f4ff636\">        &#13;<\/p>\n<li class=\"carousel-wrapper__slides--slide item\" id=\"slide-1\">&#13;<br \/>\n                                    &#13;<br \/>\n                        <a class=\"chocolat-image GA-tracking\" data-ga_type=\"click\" data-ga_category=\"D\u00e9tail\" data-ga_action=\"zoomer\" data-ga_label=\"aggrandir image\" href=\"https:\/\/cdn-s-www.dna.fr\/images\/72444748-E465-4CDF-BBEA-64B922170F6D\/NW_raw\/emmanuel-emegha-(a-droite)-s-est-offert-une-belle-occasion-d-entree-de-jeu-mais-sa-frappe-a-ete-detournee-par-le-portier-allemand-photo-laurent-rea-1754747217.jpg\" title=\"Emmanuel Emegha (\u00e0 droite) s&#039;est offert une belle occasion d&#039;entr\u00e9e de jeu, mais sa frappe a \u00e9t\u00e9 d\u00e9tourn\u00e9e par le portier allemand. Photo Laurent R\u00e9a\" target=\"_blank\" rel=\"noopener\">&#13;<br \/>\n                            <img decoding=\"async\" src=\"https:\/\/www.europesays.com\/fr\/wp-content\/uploads\/2025\/08\/emmanuel-emegha-(a-droite)-s-est-offert-une-belle-occasion-d-entree-de-jeu-mais-sa-frappe-a-ete-deto.jpeg\"   alt=\"Emmanuel Emegha (\u00e0 droite) s'est offert une belle occasion d'entr\u00e9e de jeu, mais sa frappe a \u00e9t\u00e9 d\u00e9tourn\u00e9e par le portier allemand. Photo Laurent R\u00e9a\" fetchpriority=\"high\" data-mobile=\"NW_detail_M|1754747217\" data-base=\"NW_detail|1754747217\"\/>&#13;<br \/>\n                        <\/a>&#13;<\/p>\n<p>Emmanuel Emegha (\u00e0 droite) s&rsquo;est offert une belle occasion d&rsquo;entr\u00e9e de jeu, mais sa frappe a \u00e9t\u00e9 d\u00e9tourn\u00e9e par le portier allemand. Photo Laurent R\u00e9a<\/p>\n<p>                        &#13;<br \/>\n                                           &#13;\n                <\/li>\n<p>&#13;<br \/>\n            &#13;<\/p>\n<li class=\"carousel-wrapper__slides--slide item slideWithPub\" id=\"slide-2\">&#13;<br \/>\n                        &#13;<br \/>\n                            <a class=\"chocolat-image\" title=\"Publicit\u00e9\" href=\"data:image\/gif;base64,R0lGODlhAQABAAD\/ACwAAAAAAQABAAACADs=\">&#13;<br \/>\n                                <img decoding=\"async\" src=\"data:image\/gif;base64,R0lGODlhAQABAAD\/ACwAAAAAAQABAAACADs=\" alt=\"Publicit\u00e9\" loading=\"lazy\" fetchpriority=\"low\"\/>&#13;<br \/>\n                            <\/a>&#13;<br \/>\n                        &#13;\n                    <\/li>\n<p>&#13;<\/p>\n<li class=\"carousel-wrapper__slides--slide item\" id=\"slide-3\">&#13;<br \/>\n                                    &#13;<br \/>\n                        <a class=\"chocolat-image GA-tracking\" data-ga_type=\"click\" data-ga_category=\"D\u00e9tail\" data-ga_action=\"zoomer\" data-ga_label=\"aggrandir image\" href=\"https:\/\/cdn-s-www.dna.fr\/images\/A34177D4-4FC5-49DC-A731-09483FECDFAE\/NW_raw\/victorieux-(2-3)-a-graz-le-racing-de-samuel-amo-ameyaw-passeur-et-buteur-mercredi-boucle-sa-preparation-ce-samedi-de-l-autre-cote-du-rhin-a-mayence-photo-laurent-rea-1754672901.jpg\" title=\"Victorieux (2-3) \u00e0 Graz, le Racing de Samuel Amo-Ameyaw, passeur et buteur mercredi, boucle sa pr\u00e9paration ce samedi de l&#039;autre c\u00f4t\u00e9 du Rhin, \u00e0 Mayence. Photo Laurent R\u00e9a\" target=\"_blank\" rel=\"noopener\">&#13;<br \/>\n                            <img decoding=\"async\" src=\"https:\/\/www.europesays.com\/fr\/wp-content\/uploads\/2025\/08\/victorieux-(2-3)-a-graz-le-racing-de-samuel-amo-ameyaw-passeur-et-buteur-mercredi-boucle-sa-preparat.jpeg\"   alt=\"Victorieux (2-3) \u00e0 Graz, le Racing de Samuel Amo-Ameyaw, passeur et buteur mercredi, boucle sa pr\u00e9paration ce samedi de l'autre c\u00f4t\u00e9 du Rhin, \u00e0 Mayence. Photo Laurent R\u00e9a\" loading=\"lazy\" fetchpriority=\"low\" data-mobile=\"NW_detail_M|1754672901\" data-base=\"NW_detail|1754672901\"\/>&#13;<br \/>\n                        <\/a>&#13;<\/p>\n<p>Victorieux (2-3) \u00e0 Graz, le Racing de Samuel Amo-Ameyaw, passeur et buteur mercredi, boucle sa pr\u00e9paration ce samedi de l&rsquo;autre c\u00f4t\u00e9 du Rhin, \u00e0 Mayence. Photo Laurent R\u00e9a<\/p>\n<p>                        &#13;<br \/>\n                                           &#13;\n                <\/li>\n<p>&#13;<br \/>\n            &#13;\n                <\/ul>\n","protected":false},"excerpt":{"rendered":"&#13; En direct&#13; &#13; Le Racing rejoue \u00e0 saute-fronti\u00e8res pour son dernier test de pr\u00e9-saison, direction Mayence sur&hellip;\n","protected":false},"author":2,"featured_media":307503,"comment_status":"","ping_status":"","sticky":false,"template":"","format":"standard","meta":{"footnotes":""},"categories":[2820],"tags":[1111,11,2649,3545,2880,1777,674,107,63,1011,27,329,775,3544,12,41281,25,517,640],"class_list":{"0":"post-307502","1":"post","2":"type-post","3":"status-publish","4":"format-standard","5":"has-post-thumbnail","7":"category-strasbourg","8":"tag-actu","9":"tag-actualites","10":"tag-bas-rhin","11":"tag-direct-sport","12":"tag-edition-strasbourg","13":"tag-eu","14":"tag-europe","15":"tag-fil-info","16":"tag-football","17":"tag-fr","18":"tag-france","19":"tag-france-monde","20":"tag-grand-est","21":"tag-matchs-en-direct","22":"tag-news","23":"tag-racing-club-strasbourg-masculin","24":"tag-republique-francaise","25":"tag-sport","26":"tag-strasbourg"},"share_on_mastodon":{"url":"https:\/\/pubeurope.com\/@fr\/114999338212227517","error":""},"_links":{"self":[{"href":"https:\/\/www.europesays.com\/fr\/wp-json\/wp\/v2\/posts\/307502","targetHints":{"allow":["GET"]}}],"collection":[{"href":"https:\/\/www.europesays.com\/fr\/wp-json\/wp\/v2\/posts"}],"about":[{"href":"https:\/\/www.europesays.com\/fr\/wp-json\/wp\/v2\/types\/post"}],"author":[{"embeddable":true,"href":"https:\/\/www.europesays.com\/fr\/wp-json\/wp\/v2\/users\/2"}],"replies":[{"embeddable":true,"href":"https:\/\/www.europesays.com\/fr\/wp-json\/wp\/v2\/comments?post=307502"}],"version-history":[{"count":0,"href":"https:\/\/www.europesays.com\/fr\/wp-json\/wp\/v2\/posts\/307502\/revisions"}],"wp:featuredmedia":[{"embeddable":true,"href":"https:\/\/www.europesays.com\/fr\/wp-json\/wp\/v2\/media\/307503"}],"wp:attachment":[{"href":"https:\/\/www.europesays.com\/fr\/wp-json\/wp\/v2\/media?parent=307502"}],"wp:term":[{"taxonomy":"category","embeddable":true,"href":"https:\/\/www.europesays.com\/fr\/wp-json\/wp\/v2\/categories?post=307502"},{"taxonomy":"post_tag","embeddable":true,"href":"https:\/\/www.europesays.com\/fr\/wp-json\/wp\/v2\/tags?post=307502"}],"curies":[{"name":"wp","href":"https:\/\/api.w.org\/{rel}","templated":true}]}}