{"id":307507,"date":"2025-08-09T14:45:09","date_gmt":"2025-08-09T14:45:09","guid":{"rendered":"https:\/\/www.europesays.com\/fr\/307507\/"},"modified":"2025-08-09T14:45:09","modified_gmt":"2025-08-09T14:45:09","slug":"a-47-ans-demander-des-sous-a-sa-maman-cest-dur","status":"publish","type":"post","link":"https:\/\/www.europesays.com\/fr\/307507\/","title":{"rendered":"\u00e0 47 ans, demander des sous \u00e0 sa maman, c&rsquo;est dur"},"content":{"rendered":"<p>            Par<br \/>\n        <strong><br \/>\n            <a href=\"https:\/\/actu.fr\/auteur\/emma-derome\" title=\"Consulter tous les articles de Emma Derome\" target=\"_blank\" rel=\"noopener\">Emma Derome<\/a><br \/>\n        <\/strong><\/p>\n<p>        Publi\u00e9 le<\/p>\n<p>            9 ao\u00fbt 2025 \u00e0 16h30        <\/p>\n<p>\u00ab\u2009Un mois c\u2019est z\u00e9ro euro, un autre c\u2019est 700\u00a0euros, et le mois d\u2019apr\u00e8s, encore une autre somme.\u2009\u00bb Isabelle ne comprend plus rien \u00e0 cette <strong>cacophonie<\/strong>. Cette habitante de la p\u00e9riph\u00e9rie nantaise se bat avec une pile de dossiers, mais rien n\u2019y fait\u2009: depuis des mois, et alors qu\u2019elle est en arr\u00eat pour maladie professionnelle, <strong>elle ne touche pas ses indemnit\u00e9s journali\u00e8res<\/strong>, mais seulement un \u00ab\u2009acompte\u2009\u00bb, qui lui permet <strong>\u00e0 peine de vivre<\/strong>.<\/p>\n<p>\u00ab\u2009700\u00a0euros, ce n\u2019est m\u00eame pas le montant de mon loyer\u2009\u00bb<\/p>\n<p class=\" wall-content\">En cause, <strong>des bugs li\u00e9s au logiciel Arp\u00e8ge<\/strong>, <a href=\"https:\/\/actu.fr\/pays-de-la-loire\/la-roche-sur-yon_85191\/bug-du-logiciel-a-la-cpam-des-assures-toujours-en-detresse-et-des-salaries-en-colere_62188444.html\" target=\"_blank\" rel=\"noopener\">exp\u00e9riment\u00e9 par les CPAM de Vend\u00e9e<\/a> et <a href=\"https:\/\/actu.fr\/pays-de-la-loire\/la-roche-sur-yon_85191\/bug-du-logiciel-a-la-cpam-des-assures-toujours-en-detresse-et-des-salaries-en-colere_62188444.html\" target=\"_blank\" rel=\"noopener\">de Loire-Atlantique<\/a>. Cette derni\u00e8re lui a en effet assur\u00e9 par t\u00e9l\u00e9phone que son dossier, bloqu\u00e9, doit \u00eatre trait\u00e9 par un technicien. \u00ab\u2009Il faut patienter, on me dit toujours de patienter, mais je ne sais jamais combien de temps\u2009\u00bb, d\u00e9plore cette <strong>m\u00e8re de famille c\u00e9libataire<\/strong>, qui souffre d\u2019<strong>une \u00e9picondylite<\/strong>, ou maladie du tennisman, une douloureuse inflammation du coude.<\/p>\n<p class=\" wall-content\">Quand nous la contactons, cette quadrag\u00e9naire vient de faire une IRM et sait d\u00e9sormais que le tendon de son coude est fissur\u00e9. Handicapant quand on travaille comme h\u00f4tesse de caisse dans un supermarch\u00e9.<\/p>\n<p class=\" wall-content\">Isabelle sait donc qu\u2019elle devra rester en arr\u00eat maladie pendant encore plusieurs mois. Ce qui l\u2019inqui\u00e8te, car <strong>elle ne re\u00e7oit pas les 80\u2009% de son salaire<\/strong> que devrait lui verser l\u2019Assurance maladie. Seulement un p\u00e9cule de 700\u00a0euros, \u00ab\u2009sachant que mon loyer est lui de 740\u00a0euros\u2009\u00bb.<\/p>\n<p>Faire appel \u00e0 une assistante sociale, \u00ab\u2009c\u2019est humiliant\u2009\u00bb<\/p>\n<p class=\" wall-content\">Alors qu\u2019elle \u00e9l\u00e8ve seule une jeune de 17\u00a0ans, la Lig\u00e9rienne fait comme elle peut pour vivre en piochant dans ses \u00e9conomies et en demandant \u00e0 ses proches de l\u2019aider. \u00ab\u2009Et encore, la semaine derni\u00e8re, on m\u2019a demand\u00e9 de rembourser l\u2019acompte de juillet. Je crois que <strong>\u00e7a a \u00e9t\u00e9 la goutte d\u2019eau<\/strong>\u2009\u00bb, raconte-t-elle avec des larmes dans la voix.<\/p>\n<blockquote class=\"ac-article-quote wall-content\">\n<p>Je ne sais pas comment je ferais sans ma m\u00e8re, qui est dans une situation un peu plus confortable. Mais \u00e0 47 ans, aller demander des petits sous \u00e0 ma maman pour faire des courses ou pour mettre de l&rsquo;essence, alors que j&rsquo;ai toujours gagn\u00e9 ma vie, \u00e7a fait un petit pincement au c\u0153ur. C&rsquo;est dur.<\/p>\n<p>    <strong>Isabelle<\/strong>\n            <\/p><\/blockquote>\n<p class=\" wall-content\">Alors m\u00eame qu\u2019elle n\u2019a jamais connu le ch\u00f4mage et toujours travaill\u00e9 depuis qu\u2019elle a 18\u00a0ans, Isabelle se sent \u00ab\u2009humili\u00e9e\u2009\u00bb d\u2019avoir d\u00fb avoir recours \u00e0 <strong>une assistante sociale de la CPAM<\/strong>. Cette derni\u00e8re a fait passer son dossier dans deux commissions sp\u00e9ciales, qui lui ont permis de toucher deux aides ponctuelles de 300 et 400\u00a0euros. De quoi \u00ab\u2009d\u00e9panner\u2009\u00bb pendant un mois. En septembre, elle compte sur l\u2019Allocation de rentr\u00e9e scolaire de la CAF pour rattraper quelques frais, \u00ab\u2009pas pour acheter des cahiers\u2009\u00bb, glisse-t-elle.<\/p>\n<p class=\" wall-content\">Malgr\u00e9 toutes ses gal\u00e8res, Isabelle sait qu\u2019elle n\u2019est <strong>pas la plus \u00e0 plaindre<\/strong>. D\u2019autres victimes de ces bugs avec qui nous avons pu \u00e9changer, qui sont en mi-temps th\u00e9rapeutique, en arr\u00eat pour une maladie grave ou qui ont \u00e9t\u00e9 victimes d\u2019un accident du travail, <strong>ne touchent rien du tout<\/strong>. \u00ab\u2009\u00c7a ne m\u2019\u00e9tonnera pas qu\u2019<strong>un jour on dise que quelqu\u2019un a fait quelque chose d\u2019irr\u00e9parable<\/strong> \u00e0 cause de tout \u00e7a\u2009\u00bb, craint-elle.<\/p>\n<blockquote class=\"ac-article-quote wall-content\">\n<p>Heureusement que je suis d&rsquo;un naturel jovial, que j&rsquo;habite au c\u0153ur d&rsquo;un village, que je sors marcher. Parce que dans une telle situation, pour ne pas d\u00e9penser d&rsquo;argent inutilement, on s&rsquo;enferme, on s&rsquo;isole et on ne vit plus que dans l&rsquo;anxi\u00e9t\u00e9. On peut vite faire une d\u00e9pression.<\/p>\n<p>    <strong>Isabelle<\/strong>\n            <\/p><\/blockquote>\n<p>La CPAM assign\u00e9e en justice par certains assur\u00e9s<\/p>\n<p class=\" wall-content\">Le syndicat CGT \u00e0 la CPAM estime \u00e0<strong> 11\u2009500<\/strong> le nombre de r\u00e9clamations d\u00e9pos\u00e9es devant les deux caisses d\u2019assurance maladie. Pour rassembler toutes les revendications autour d\u2019<strong>un probl\u00e8me qui dure depuis presque un an<\/strong>, un collectif, \u00ab\u2009Arp\u00e8ge non merci\u2009\u00bb, s\u2019est cr\u00e9\u00e9. Plusieurs assur\u00e9s ont d\u00e9cid\u00e9 de <strong>saisir la justice et d\u2019assigner la CPAM 44 en r\u00e9f\u00e9r\u00e9<\/strong> afin d\u2019obtenir l\u2019int\u00e9gralit\u00e9 des indemnit\u00e9s journali\u00e8res auxquelles elles ont droit. Mais tous ne poss\u00e8dent pas les fonds n\u00e9cessaires pour engager un avocat.<\/p>\n<p class=\" wall-content\">De son c\u00f4t\u00e9, la CPAM nous assure que \u00ab\u00a0<strong>des renforts importants sont d\u00e9ploy\u00e9s<\/strong> avec le soutien de la Caisse nationale afin de r\u00e9tablir progressivement le d\u00e9lai de traitement des arr\u00eats de travail\u00a0\u00bb.\u00a0<\/p>\n<blockquote class=\"ac-article-quote wall-content\">\n<p>Si la situation s\u2019am\u00e9liore et que la grande majorit\u00e9 des arr\u00eats de travail sont d\u00e9sormais indemnis\u00e9s sans difficult\u00e9, un volume important de dossiers d\u2019indemnisation reste encore \u00e0 r\u00e9gulariser, notamment des arr\u00eats en temps partiel th\u00e9rapeutique, ou li\u00e9s \u00e0 un accident du travail ou une maladie professionnelle.<\/p>\n<p>    <strong>La CPAM de Loire-Atlantique<\/strong>\n            <\/p><\/blockquote>\n<p class=\" wall-content\">Malgr\u00e9 tout, <a href=\"https:\/\/actu.fr\/pays-de-la-loire\/saint-brevin-les-pins_44154\/loire-atlantique-scandalisee-par-des-versements-tardifs-de-la-cpam-elle-temoigne_62763902.html\" target=\"_blank\" rel=\"noopener\">l\u2019attente dure encore chez une partie des sinistr\u00e9s<\/a>, qui publient jour apr\u00e8s jour des messages de d\u00e9tresse sur le groupe Facebook <a href=\"https:\/\/www.facebook.com\/groups\/1250922332682289\/\" target=\"_blank\" rel=\"noopener\">\u00ab\u2009Les Sinistr\u00e9s de la CPAM 44&amp;85\u2009\u00bb<\/a>, qui ne compte pas moins de <strong>1\u2009700 membres<\/strong>. \u00ab\u2009Par comparaison, pour un d\u00e9partement qui utilise encore l\u2019ancien logiciel, le nombre de r\u00e9clamations est au maximum de quelques centaines\u2009\u00bb, assure <a href=\"https:\/\/lacgt44.fr\/spip.php?article4166\" target=\"_blank\" rel=\"noopener\">un communiqu\u00e9<\/a> de la CGT.<\/p>\n<p class=\" wall-content\">Le logiciel point\u00e9 du doigt, Arp\u00e8ge,<strong> devait \u00eatre \u00e9largi \u00e0 la France enti\u00e8re<\/strong>. L\u2019Assurance maladie a pour le moment <strong>report\u00e9 sa mise en place<\/strong> au niveau national.<\/p>\n<p class=\" wall-content\">Suivez toute l\u2019actualit\u00e9 de vos villes et m\u00e9dias favoris en vous inscrivant \u00e0 <a href=\"https:\/\/moncompte.actu.fr\" title=\"D\u00e9couvez Mon Actu\" rel=\"nofollow noopener\" data-trk=\"{&quot;cta&quot;:{&quot;action&quot;:&quot;https:\\\/\\\/moncompte.actu.fr&quot;,&quot;category&quot;:&quot;mon compte&quot;,&quot;from&quot;:&quot;article footer&quot;,&quot;name&quot;:&quot;Mon actu&quot;,&quot;type&quot;:&quot;cta&quot;}}\" target=\"_blank\">Mon Actu<\/a>.<\/p>\n","protected":false},"excerpt":{"rendered":"Par Emma Derome Publi\u00e9 le 9 ao\u00fbt 2025 \u00e0 16h30 \u00ab\u2009Un mois c\u2019est z\u00e9ro euro, un autre c\u2019est&hellip;\n","protected":false},"author":2,"featured_media":307508,"comment_status":"","ping_status":"","sticky":false,"template":"","format":"standard","meta":{"footnotes":""},"categories":[2818],"tags":[1111,11,1777,674,1011,27,226,766,12,2636,25,731,104,240],"class_list":{"0":"post-307507","1":"post","2":"type-post","3":"status-publish","4":"format-standard","5":"has-post-thumbnail","7":"category-nantes","8":"tag-actu","9":"tag-actualites","10":"tag-eu","11":"tag-europe","12":"tag-fr","13":"tag-france","14":"tag-maladie","15":"tag-nantes","16":"tag-news","17":"tag-pays-de-la-loire","18":"tag-republique-francaise","19":"tag-securite-sociale","20":"tag-societe","21":"tag-temoignage"},"share_on_mastodon":{"url":"https:\/\/pubeurope.com\/@fr\/114999349974558129","error":""},"_links":{"self":[{"href":"https:\/\/www.europesays.com\/fr\/wp-json\/wp\/v2\/posts\/307507","targetHints":{"allow":["GET"]}}],"collection":[{"href":"https:\/\/www.europesays.com\/fr\/wp-json\/wp\/v2\/posts"}],"about":[{"href":"https:\/\/www.europesays.com\/fr\/wp-json\/wp\/v2\/types\/post"}],"author":[{"embeddable":true,"href":"https:\/\/www.europesays.com\/fr\/wp-json\/wp\/v2\/users\/2"}],"replies":[{"embeddable":true,"href":"https:\/\/www.europesays.com\/fr\/wp-json\/wp\/v2\/comments?post=307507"}],"version-history":[{"count":0,"href":"https:\/\/www.europesays.com\/fr\/wp-json\/wp\/v2\/posts\/307507\/revisions"}],"wp:featuredmedia":[{"embeddable":true,"href":"https:\/\/www.europesays.com\/fr\/wp-json\/wp\/v2\/media\/307508"}],"wp:attachment":[{"href":"https:\/\/www.europesays.com\/fr\/wp-json\/wp\/v2\/media?parent=307507"}],"wp:term":[{"taxonomy":"category","embeddable":true,"href":"https:\/\/www.europesays.com\/fr\/wp-json\/wp\/v2\/categories?post=307507"},{"taxonomy":"post_tag","embeddable":true,"href":"https:\/\/www.europesays.com\/fr\/wp-json\/wp\/v2\/tags?post=307507"}],"curies":[{"name":"wp","href":"https:\/\/api.w.org\/{rel}","templated":true}]}}