{"id":307519,"date":"2025-08-09T14:53:12","date_gmt":"2025-08-09T14:53:12","guid":{"rendered":"https:\/\/www.europesays.com\/fr\/307519\/"},"modified":"2025-08-09T14:53:12","modified_gmt":"2025-08-09T14:53:12","slug":"un-marseillais-de-59-ans-na-plus-donne-signe-de-vie-depuis-une-semaine","status":"publish","type":"post","link":"https:\/\/www.europesays.com\/fr\/307519\/","title":{"rendered":"un Marseillais de 59 ans n&rsquo;a plus donn\u00e9 signe de vie depuis une semaine"},"content":{"rendered":"<p>Ce dimanche matin du 3\u00a0ao\u00fbt\u00a02025, Marc Caboche para\u00eet joyeux. Appr\u00eat\u00e9, du gel dans les cheveux et le pantalon repass\u00e9, cet homme de 59\u00a0ans \u00e0 la solide carrure, quitte son domicile du <a href=\"https:\/\/www.laprovence.com\/article\/region\/2252571554255314\/la-principaute-du-rouet-a-desormais-sa-federation-de-football\" target=\"_blank\" rel=\"noopener\">Rouet<\/a>, dans le 8e arrondissement de Marseille, en saluant l\u2019ami qu\u2019il h\u00e9berge parfois le week-end. \u00ab\u00a0\u00c0 toute mon pote\u00a0!\u00a0\u00bb, lance-t-il en sortant de l\u2019appartement vers 10h. <strong>Depuis, le quinquag\u00e9naire a disparu sans laisser de trace<\/strong>. Ou presque.<\/p>\n<p>Sans nouvelle, rong\u00e9e par l\u2019inqui\u00e9tude, sa fille se rend au commissariat d\u00e8s le lendemain pour signaler la disparition. Marc est un homme sans histoire, <strong>un Marseillais \u00ab\u00a0comme les autres\u00a0\u00bb, plut\u00f4t casanier<\/strong>, qui aime jouer \u00e0 la p\u00e9tanque au Parc Chanot, jouer au PMU et voir l\u2019OM au <a href=\"https:\/\/www.laprovence.com\/article\/om\/36733214686414\/om-retrouvez-les-images-de-la-magnifique-fresque-peinte-sur-les-escaliers-du-velodrome\" target=\"_blank\" rel=\"noopener\">stade V\u00e9lodrome<\/a>. Il ne travaille plus en raison de ses probl\u00e8mes de sant\u00e9, des troubles cardiaques graves ainsi que du diab\u00e8te qui le contraignent \u00e0 suivre un traitement &#8211; 7 \u00e0 8 m\u00e9dicaments par jour.<\/p>\n<blockquote class=\"twitter-tweet\"><p>&#13;<\/p>\n<p>[AVIS DE RECHERCHE] \u2013 Dossier ARPD<br \/>Marc CABOCHE, 59\u00a0ans, disparu \u00e0 Marseille (13) le 03 ao\u00fbt 2025<br \/>Il est parti vers 10h30 de son domicile dans le 8\u00e8me arrondissement de Marseille, sans son t\u00e9l\u00e9phone portable et ni ses m\u00e9dicaments.<br \/>\u2b07\ufe0f <a href=\"https:\/\/t.co\/IELff6BYVX\" target=\"_blank\">pic.twitter.com\/IELff6BYVX<\/a><\/p>\n<p>&#13;<br \/>\n\u2014 arpd.fr (@arpd_fr) <a href=\"https:\/\/twitter.com\/arpd_fr\/status\/1953355071766352269?ref_src=twsrc%5Etfw\" target=\"_blank\" rel=\"noopener\">August 7, 2025<\/a><\/p><\/blockquote>\n<p>La veille de sa disparition, Marc avait assist\u00e9 au match<a href=\"https:\/\/www.laprovence.com\/article\/om\/296607807275314\/direct-laprovence-om-les-olympiens-retrouvent-le-velodrome-pour-un-amical-contre-seville-suivez-lavant-match\" target=\"_blank\" rel=\"noopener\"> OM-S\u00e9ville<\/a>. Malgr\u00e9 le nul conc\u00e9d\u00e9 sur la pelouse du V\u00e9lodrome, il \u00e9tait rentr\u00e9 chez lui fatigu\u00e9, mais heureux. \u00ab\u00a0\u00c0 demain ma puce\u00a0\u00bb, avait-il conclu un \u00e9change par messagerie avec sa fille, \u00e0 son retour.<\/p>\n<p>Une carte bancaire utilis\u00e9e le 4\u00a0ao\u00fbt<\/p>\n<p>Le jour de sa disparition, Marc a emport\u00e9 un sac \u00e0 dos noir et sa carte bancaire, mais pas son t\u00e9l\u00e9phone. Plus \u00e9trange, un peu plus d\u2019une heure apr\u00e8s avoir quitt\u00e9 son appartement, il a effectu\u00e9 une r\u00e9servation de billet de train. Un aller simple pour <a href=\"https:\/\/www.laprovence.com\/article\/economie\/1497905257078215\/paris-sportifs-jeux-a-gratter-la-provence-alpes-cote-dazur-2eme-region-ou-on-joue-le-plus\" target=\"_blank\" rel=\"noopener\">Paris <\/a>\u00e0 21h, le m\u00eame jour. Presque au m\u00eame moment, une transaction avec sa carte bancaire a \u00e9t\u00e9 refus\u00e9e, puis une autre, le soir du 4\u00a0ao\u00fbt. C\u2019est l\u2019une des derni\u00e8res traces laiss\u00e9es par Marc, dont on ignore s\u2019il \u00e9tait en possession de ses m\u00e9dicaments lorsqu\u2019il a quitt\u00e9 son domicile. Une enqu\u00eate a \u00e9t\u00e9 ouverte afin de tenter de retrouver sa trace et des avis de recherche largement diffus\u00e9s.<\/p>\n<p>Marc Caboche mesure 1,68m, il est de forte corpulence, a les yeux bleus, des tatouages sur les bras et l\u2019accent du nord. Si vous avez des informations susceptibles de permettre de la retrouver, contactez le 07\u00a068\u00a089\u00a009\u00a058 ou le commissariat du 8e arrondissement au 04\u00a084\u00a035\u00a034\u00a050.<\/p>\n<p><script async src=\"https:\/\/platform.twitter.com\/widgets.js\" charset=\"utf-8\"><\/script><\/p>\n","protected":false},"excerpt":{"rendered":"Ce dimanche matin du 3\u00a0ao\u00fbt\u00a02025, Marc Caboche para\u00eet joyeux. Appr\u00eat\u00e9, du gel dans les cheveux et le pantalon&hellip;\n","protected":false},"author":2,"featured_media":307520,"comment_status":"","ping_status":"","sticky":false,"template":"","format":"standard","meta":{"footnotes":""},"categories":[2814],"tags":[17,1111,11,1764,1102,2715,7687,1777,674,274,1011,27,12885,761,884,26203,12,378,882,25],"class_list":{"0":"post-307519","1":"post","2":"type-post","3":"status-publish","4":"format-standard","5":"has-post-thumbnail","7":"category-marseille","8":"tag-17","9":"tag-actu","10":"tag-actualites","11":"tag-ans","12":"tag-breakingnews","13":"tag-disparition","14":"tag-donne","15":"tag-eu","16":"tag-europe","17":"tag-faits-divers-justice","18":"tag-fr","19":"tag-france","20":"tag-inquietante","21":"tag-marseillais","22":"tag-marseille","23":"tag-na","24":"tag-news","25":"tag-plus","26":"tag-provence-alpes-cote-dazur","27":"tag-republique-francaise"},"share_on_mastodon":{"url":"https:\/\/pubeurope.com\/@fr\/114999381441665096","error":""},"_links":{"self":[{"href":"https:\/\/www.europesays.com\/fr\/wp-json\/wp\/v2\/posts\/307519","targetHints":{"allow":["GET"]}}],"collection":[{"href":"https:\/\/www.europesays.com\/fr\/wp-json\/wp\/v2\/posts"}],"about":[{"href":"https:\/\/www.europesays.com\/fr\/wp-json\/wp\/v2\/types\/post"}],"author":[{"embeddable":true,"href":"https:\/\/www.europesays.com\/fr\/wp-json\/wp\/v2\/users\/2"}],"replies":[{"embeddable":true,"href":"https:\/\/www.europesays.com\/fr\/wp-json\/wp\/v2\/comments?post=307519"}],"version-history":[{"count":0,"href":"https:\/\/www.europesays.com\/fr\/wp-json\/wp\/v2\/posts\/307519\/revisions"}],"wp:featuredmedia":[{"embeddable":true,"href":"https:\/\/www.europesays.com\/fr\/wp-json\/wp\/v2\/media\/307520"}],"wp:attachment":[{"href":"https:\/\/www.europesays.com\/fr\/wp-json\/wp\/v2\/media?parent=307519"}],"wp:term":[{"taxonomy":"category","embeddable":true,"href":"https:\/\/www.europesays.com\/fr\/wp-json\/wp\/v2\/categories?post=307519"},{"taxonomy":"post_tag","embeddable":true,"href":"https:\/\/www.europesays.com\/fr\/wp-json\/wp\/v2\/tags?post=307519"}],"curies":[{"name":"wp","href":"https:\/\/api.w.org\/{rel}","templated":true}]}}