{"id":307521,"date":"2025-08-09T14:54:10","date_gmt":"2025-08-09T14:54:10","guid":{"rendered":"https:\/\/www.europesays.com\/fr\/307521\/"},"modified":"2025-08-09T14:54:10","modified_gmt":"2025-08-09T14:54:10","slug":"om-aston-villa-diffusion-tv-et-en-clair-streaming-et-compos-probables","status":"publish","type":"post","link":"https:\/\/www.europesays.com\/fr\/307521\/","title":{"rendered":"OM &#8211; Aston Villa : Diffusion TV et en clair, streaming et compos probables"},"content":{"rendered":"<p data-testid=\"article-teaser\">L\u2019OM d\u00e9fie Aston Villa en match amical, samedi. Les derni\u00e8res infos ici. <\/p>\n<p>Apr\u00e8s plus de deux mois de pause, la Ligue 1 va reprendre officiellement ses droits le weekend prochain. Mais avant, les \u00e9quipes de l\u2019\u00e9lite poursuivent leur pr\u00e9paration estivale, \u00e0 l\u2019image de l\u2019Olympique de Marseille. Le club phoc\u00e9en va livrer son sixi\u00e8me et dernier match de pr\u00e9saison ce samedi contre Aston Villa.<\/p>\n","protected":false},"excerpt":{"rendered":"L\u2019OM d\u00e9fie Aston Villa en match amical, samedi. Les derni\u00e8res infos ici. Apr\u00e8s plus de deux mois de&hellip;\n","protected":false},"author":2,"featured_media":307393,"comment_status":"","ping_status":"","sticky":false,"template":"","format":"standard","meta":{"footnotes":""},"categories":[2814],"tags":[1111,11,784,41563,1777,674,1011,27,41561,66,884,43433,12,882,25],"class_list":{"0":"post-307521","1":"post","2":"type-post","3":"status-publish","4":"format-standard","5":"has-post-thumbnail","7":"category-marseille","8":"tag-actu","9":"tag-actualites","10":"tag-aston-villa","11":"tag-club-friendlies","12":"tag-eu","13":"tag-europe","14":"tag-fr","15":"tag-france","16":"tag-jeux-damitie-des-clubs","17":"tag-ligue-1","18":"tag-marseille","19":"tag-marseille-vs-aston-villa","20":"tag-news","21":"tag-provence-alpes-cote-dazur","22":"tag-republique-francaise"},"share_on_mastodon":{"url":"https:\/\/pubeurope.com\/@fr\/114999385375446446","error":""},"_links":{"self":[{"href":"https:\/\/www.europesays.com\/fr\/wp-json\/wp\/v2\/posts\/307521","targetHints":{"allow":["GET"]}}],"collection":[{"href":"https:\/\/www.europesays.com\/fr\/wp-json\/wp\/v2\/posts"}],"about":[{"href":"https:\/\/www.europesays.com\/fr\/wp-json\/wp\/v2\/types\/post"}],"author":[{"embeddable":true,"href":"https:\/\/www.europesays.com\/fr\/wp-json\/wp\/v2\/users\/2"}],"replies":[{"embeddable":true,"href":"https:\/\/www.europesays.com\/fr\/wp-json\/wp\/v2\/comments?post=307521"}],"version-history":[{"count":0,"href":"https:\/\/www.europesays.com\/fr\/wp-json\/wp\/v2\/posts\/307521\/revisions"}],"wp:featuredmedia":[{"embeddable":true,"href":"https:\/\/www.europesays.com\/fr\/wp-json\/wp\/v2\/media\/307393"}],"wp:attachment":[{"href":"https:\/\/www.europesays.com\/fr\/wp-json\/wp\/v2\/media?parent=307521"}],"wp:term":[{"taxonomy":"category","embeddable":true,"href":"https:\/\/www.europesays.com\/fr\/wp-json\/wp\/v2\/categories?post=307521"},{"taxonomy":"post_tag","embeddable":true,"href":"https:\/\/www.europesays.com\/fr\/wp-json\/wp\/v2\/tags?post=307521"}],"curies":[{"name":"wp","href":"https:\/\/api.w.org\/{rel}","templated":true}]}}