{"id":307524,"date":"2025-08-09T14:56:13","date_gmt":"2025-08-09T14:56:13","guid":{"rendered":"https:\/\/www.europesays.com\/fr\/307524\/"},"modified":"2025-08-09T14:56:13","modified_gmt":"2025-08-09T14:56:13","slug":"lyon-le-botani-cafe-la-fine-fleur-des-terrasses-lyonnaises","status":"publish","type":"post","link":"https:\/\/www.europesays.com\/fr\/307524\/","title":{"rendered":"Lyon. Le Botani Caf\u00e9, la fine fleur des terrasses lyonnaises"},"content":{"rendered":"<p>Souvent, en mati\u00e8re de terrasses estivales, il faut choisir entre le cadre\u00a0et le contenu des assiettes. Force est de constater que le Botani Caf\u00e9, le restaurant de la piscine du Rh\u00f4ne, a transform\u00e9 l\u2019essai et r\u00e9ussi la parfaite \u00e9quation des deux.<\/p>\n<p>Une cuisine fantastique, un lieu \u00ab\u00a0waouh\u00a0\u00bb avec vue panoramique sur la ville de Lyon, le Rh\u00f4ne et l\u2019H\u00f4tel-Dieu au premier et Fourvi\u00e8re au second plan. C\u2019est d\u00e9j\u00e0 une super adresse \u00e0 l\u2019ann\u00e9e (le lieu n\u2019est pas seulement saisonnier) mais cet \u00e9t\u00e9, la terrasse du Botani Caf\u00e9 est vraiment \u00ab\u00a0the place to be\u00a0\u00bb.<\/p>\n<p>En journ\u00e9e, on s\u2019installe dans une v\u00e9ritable oasis urbaine, au milieu des plantes, et le soir, on regarde le soleil se coucher en sirotant un cocktail (la terrasse est en partenariat avec la Maison Cointreau), sur une balan\u00e7oire&#8230;<\/p>\n","protected":false},"excerpt":{"rendered":"Souvent, en mati\u00e8re de terrasses estivales, il faut choisir entre le cadre\u00a0et le contenu des assiettes. Force est&hellip;\n","protected":false},"author":2,"featured_media":307525,"comment_status":"","ping_status":"","sticky":false,"template":"","format":"standard","meta":{"footnotes":""},"categories":[1889],"tags":[1111,11,2430,1687,2757,1777,674,1011,27,2428,2756,6016,12,25,2429],"class_list":{"0":"post-307524","1":"post","2":"type-post","3":"status-publish","4":"format-standard","5":"has-post-thumbnail","7":"category-lyon","8":"tag-actu","9":"tag-actualites","10":"tag-auvergne-rhone-alpes","11":"tag-culture-loisirs","12":"tag-edition-lyon-villeurbanne","13":"tag-eu","14":"tag-europe","15":"tag-fr","16":"tag-france","17":"tag-lyon","18":"tag-lyon-bassin","19":"tag-magazine-cuisine-et-vins","20":"tag-news","21":"tag-republique-francaise","22":"tag-rhone"},"share_on_mastodon":{"url":"https:\/\/pubeurope.com\/@fr\/114999393179782206","error":""},"_links":{"self":[{"href":"https:\/\/www.europesays.com\/fr\/wp-json\/wp\/v2\/posts\/307524","targetHints":{"allow":["GET"]}}],"collection":[{"href":"https:\/\/www.europesays.com\/fr\/wp-json\/wp\/v2\/posts"}],"about":[{"href":"https:\/\/www.europesays.com\/fr\/wp-json\/wp\/v2\/types\/post"}],"author":[{"embeddable":true,"href":"https:\/\/www.europesays.com\/fr\/wp-json\/wp\/v2\/users\/2"}],"replies":[{"embeddable":true,"href":"https:\/\/www.europesays.com\/fr\/wp-json\/wp\/v2\/comments?post=307524"}],"version-history":[{"count":0,"href":"https:\/\/www.europesays.com\/fr\/wp-json\/wp\/v2\/posts\/307524\/revisions"}],"wp:featuredmedia":[{"embeddable":true,"href":"https:\/\/www.europesays.com\/fr\/wp-json\/wp\/v2\/media\/307525"}],"wp:attachment":[{"href":"https:\/\/www.europesays.com\/fr\/wp-json\/wp\/v2\/media?parent=307524"}],"wp:term":[{"taxonomy":"category","embeddable":true,"href":"https:\/\/www.europesays.com\/fr\/wp-json\/wp\/v2\/categories?post=307524"},{"taxonomy":"post_tag","embeddable":true,"href":"https:\/\/www.europesays.com\/fr\/wp-json\/wp\/v2\/tags?post=307524"}],"curies":[{"name":"wp","href":"https:\/\/api.w.org\/{rel}","templated":true}]}}