{"id":307528,"date":"2025-08-09T15:00:54","date_gmt":"2025-08-09T15:00:54","guid":{"rendered":"https:\/\/www.europesays.com\/fr\/307528\/"},"modified":"2025-08-09T15:00:54","modified_gmt":"2025-08-09T15:00:54","slug":"je-ne-sais-pas-comment-on-peut-sortir-de-cette-crise-entre-paris-et-alger-la-tension-repart-de-plus-belle","status":"publish","type":"post","link":"https:\/\/www.europesays.com\/fr\/307528\/","title":{"rendered":"\u00ab\u00a0Je ne sais pas comment on peut sortir de cette crise\u00a0\u00bb\u00a0: entre Paris et Alger, la tension repart de plus belle"},"content":{"rendered":"<p class=\"paragraph text_align_left lp-f-body-02\">Prenant acte de l\u2019inflexibilit\u00e9 des autorit\u00e9s alg\u00e9riennes sur les questions migratoires et sur la d\u00e9tention de deux ressortissants fran\u00e7ais, l\u2019\u00e9crivain <a href=\"https:\/\/www.leparisien.fr\/international\/boualem-sansal-le-president-algerien-abdelmadjid-tebboune-ne-gracie-pas-lecrivain-qui-reste-en-prison-04-07-2025-FDKJ7V6AGNHDZIY3KTJ3KSWZVI.php\" target=\"_blank\" rel=\"noreferrer nofollow noopener\">Boualem Sansal<\/a> et le journaliste <a href=\"https:\/\/www.leparisien.fr\/international\/journaliste-francais-condamne-a-sept-ans-de-prison-en-algerie-ca-a-ete-un-enorme-choc-30-06-2025-GFHPKT2DXBBWHGLO3GIE5ZJDXI.php\" target=\"_blank\" rel=\"noreferrer nofollow noopener\">Christophe Gleizes<\/a>, le pr\u00e9sident fran\u00e7ais a demand\u00e9 au gouvernement de durcir instamment le ton sur l\u2019immigration. R\u00e9plique ce jeudi : selon le minist\u00e8re alg\u00e9rien des Affaires \u00e9trang\u00e8res, sa lettre \u00ab exon\u00e8re la France de l\u2019int\u00e9gralit\u00e9 de ses responsabilit\u00e9s et fait porter tous les torts \u00e0 la partie alg\u00e9rienne \u00bb alors que \u00ab rien n\u2019est plus loin de la v\u00e9rit\u00e9 et de la r\u00e9alit\u00e9 \u00bb. La France, rench\u00e9rit-il, a \u00ab proc\u00e9d\u00e9 par injonctions, ultimatums et sommations \u00bb.<\/p>\n","protected":false},"excerpt":{"rendered":"Prenant acte de l\u2019inflexibilit\u00e9 des autorit\u00e9s alg\u00e9riennes sur les questions migratoires et sur la d\u00e9tention de deux ressortissants&hellip;\n","protected":false},"author":2,"featured_media":28349,"comment_status":"","ping_status":"","sticky":false,"template":"","format":"standard","meta":{"footnotes":""},"categories":[1888],"tags":[1111,1928,11,1927,1777,674,1011,27,14,12,1926,626,1925,316,25],"class_list":{"0":"post-307528","1":"post","2":"type-post","3":"status-publish","4":"format-standard","5":"has-post-thumbnail","7":"category-paris","8":"tag-actu","9":"tag-actu-paris","10":"tag-actualites","11":"tag-actualites-paris","12":"tag-eu","13":"tag-europe","14":"tag-fr","15":"tag-france","16":"tag-international","17":"tag-news","18":"tag-news-paris","19":"tag-paris","20":"tag-paris-news","21":"tag-politique","22":"tag-republique-francaise"},"share_on_mastodon":{"url":"https:\/\/pubeurope.com\/@fr\/114999412940143680","error":""},"_links":{"self":[{"href":"https:\/\/www.europesays.com\/fr\/wp-json\/wp\/v2\/posts\/307528","targetHints":{"allow":["GET"]}}],"collection":[{"href":"https:\/\/www.europesays.com\/fr\/wp-json\/wp\/v2\/posts"}],"about":[{"href":"https:\/\/www.europesays.com\/fr\/wp-json\/wp\/v2\/types\/post"}],"author":[{"embeddable":true,"href":"https:\/\/www.europesays.com\/fr\/wp-json\/wp\/v2\/users\/2"}],"replies":[{"embeddable":true,"href":"https:\/\/www.europesays.com\/fr\/wp-json\/wp\/v2\/comments?post=307528"}],"version-history":[{"count":0,"href":"https:\/\/www.europesays.com\/fr\/wp-json\/wp\/v2\/posts\/307528\/revisions"}],"wp:featuredmedia":[{"embeddable":true,"href":"https:\/\/www.europesays.com\/fr\/wp-json\/wp\/v2\/media\/28349"}],"wp:attachment":[{"href":"https:\/\/www.europesays.com\/fr\/wp-json\/wp\/v2\/media?parent=307528"}],"wp:term":[{"taxonomy":"category","embeddable":true,"href":"https:\/\/www.europesays.com\/fr\/wp-json\/wp\/v2\/categories?post=307528"},{"taxonomy":"post_tag","embeddable":true,"href":"https:\/\/www.europesays.com\/fr\/wp-json\/wp\/v2\/tags?post=307528"}],"curies":[{"name":"wp","href":"https:\/\/api.w.org\/{rel}","templated":true}]}}