{"id":307529,"date":"2025-08-09T15:01:09","date_gmt":"2025-08-09T15:01:09","guid":{"rendered":"https:\/\/www.europesays.com\/fr\/307529\/"},"modified":"2025-08-09T15:01:09","modified_gmt":"2025-08-09T15:01:09","slug":"vitry-sur-seine-un-fusil-dassaut-sur-la-banquette-arriere-dune-voiture","status":"publish","type":"post","link":"https:\/\/www.europesays.com\/fr\/307529\/","title":{"rendered":"Vitry-sur-Seine\u00a0: un fusil d\u2019assaut sur la banquette arri\u00e8re d\u2019une voiture"},"content":{"rendered":"<p class=\"paragraph text_align_left lp-f-body-02\">\u00c0 l\u2019ouverture des porti\u00e8res du v\u00e9hicule abandonn\u00e9 depuis peu, les policiers ont compris les raisons du d\u00e9lit de fuite de l\u2019automobiliste : <a href=\"https:\/\/www.leparisien.fr\/faits-divers\/ak47-lunettes-de-visees-obus-masques-a-gaz-spectaculaire-saisie-darmes-de-guerre-pres-de-rouen-10-04-2025-XIBGCQJDVZD6LK242QK4BZF7X4.php\" target=\"_self\" rel=\"noopener\">une Kalachnikov<\/a> (AK47) pos\u00e9e sur la banquette arri\u00e8re. <\/p>\n<p class=\"paragraph text_align_left lp-f-body-02\">Il \u00e9tait 4h30 ce samedi matin lorsque des policiers en patrouille ont remarqu\u00e9 une Toyota CH-R circulant rue Gambetta \u00e0 <a href=\"https:\/\/www.leparisien.fr\/val-de-marne-94\/vitry-sur-seine-94400\/deplorable-a-vitry-sur-seine-la-stele-de-sohane-benziane-brulee-vive-en-2002-est-a-labandon-04-08-2025-GXUUJWVSGBAINMK6FHPSKVFQZY.php\" target=\"_self\" rel=\"noopener\">Vitry-sur-Seine<\/a> (Val-de-Marne). Le v\u00e9hicule, non signal\u00e9 vol\u00e9, est rep\u00e9r\u00e9 apr\u00e8s que son conducteur ait br\u00fbl\u00e9 un feu rouge.<\/p>\n<p class=\"paragraph text_align_left lp-f-body-02\">Lorsque les agents tentent de le contr\u00f4ler, l\u2019automobiliste refuse d\u2019obtemp\u00e9rer et prend la fuite en direction du parc des Lilas. Quelques minutes plus tard, il abandonne sa voiture et s\u2019\u00e9chappe \u00e0 pied.<\/p>\n<p>Un AK47 sur la banquette arri\u00e8re<\/p>\n<p class=\"paragraph text_align_left lp-f-body-02\">En inspectant l\u2019habitacle, les policiers font une d\u00e9couverte saisissante : sur la banquette arri\u00e8re repose une arme longue de type AK47, avec un chargeur engag\u00e9. Le secteur est imm\u00e9diatement s\u00e9curis\u00e9 et une \u00e9quipe cynophile sp\u00e9cialis\u00e9e dans la recherche de personnes est d\u00e9p\u00each\u00e9e sur place.<\/p>\n<p class=\"paragraph text_align_left lp-f-body-02\">Malgr\u00e9 les recherches, l\u2019individu est parvenu \u00e0 dispara\u00eetre. L\u2019enqu\u00eate, confi\u00e9e au service d\u2019appui judiciaire (SAIP) de Choisy-le-Roi, devra d\u00e9terminer l\u2019origine de l\u2019arme et les raisons de sa pr\u00e9sence dans le v\u00e9hicule. Le parquet de Cr\u00e9teil n\u2019a pas souhait\u00e9 communiquer davantage \u00e0 ce stade, l\u2019enqu\u00eate \u00e9tant toujours en cours.<\/p>\n<p class=\"paragraph text_align_left lp-f-body-02\">En octobre 2024, <a href=\"https:\/\/www.leparisien.fr\/val-de-marne-94\/val-de-marne-les-fuyards-cachaient-une-kalachnikov-dans-le-coffre-de-la-voiture-09-10-2024-7H4TCH6RSFHU7PWFAQW7XDKHQI.php\" target=\"_self\" rel=\"noopener\">une course-poursuite<\/a> partie de Vitry-sur-Seine et termin\u00e9e \u00e0 Boissy-Saint-L\u00e9ger avait d\u00e9j\u00e0 conduit \u00e0 la d\u00e9couverte d\u2019un fusil d\u2019assaut AK47, de trois chargeurs et d\u2019une vingtaine de munitions. L\u2019arme, retrouv\u00e9e dans le coffre du v\u00e9hicule, avait d\u00e9clench\u00e9 l\u2019ouverture d\u2019une enqu\u00eate pour associations de malfaiteurs.<\/p>\n","protected":false},"excerpt":{"rendered":"\u00c0 l\u2019ouverture des porti\u00e8res du v\u00e9hicule abandonn\u00e9 depuis peu, les policiers ont compris les raisons du d\u00e9lit de&hellip;\n","protected":false},"author":2,"featured_media":307530,"comment_status":"","ping_status":"","sticky":false,"template":"","format":"standard","meta":{"footnotes":""},"categories":[1888],"tags":[11,1777,674,118,1011,27,1944,12,626,25,1125],"class_list":{"0":"post-307529","1":"post","2":"type-post","3":"status-publish","4":"format-standard","5":"has-post-thumbnail","7":"category-paris","8":"tag-actualites","9":"tag-eu","10":"tag-europe","11":"tag-faits-divers","12":"tag-fr","13":"tag-france","14":"tag-ma-ville","15":"tag-news","16":"tag-paris","17":"tag-republique-francaise","18":"tag-val-de-marne"},"share_on_mastodon":{"url":"https:\/\/pubeurope.com\/@fr\/114999413013132132","error":""},"_links":{"self":[{"href":"https:\/\/www.europesays.com\/fr\/wp-json\/wp\/v2\/posts\/307529","targetHints":{"allow":["GET"]}}],"collection":[{"href":"https:\/\/www.europesays.com\/fr\/wp-json\/wp\/v2\/posts"}],"about":[{"href":"https:\/\/www.europesays.com\/fr\/wp-json\/wp\/v2\/types\/post"}],"author":[{"embeddable":true,"href":"https:\/\/www.europesays.com\/fr\/wp-json\/wp\/v2\/users\/2"}],"replies":[{"embeddable":true,"href":"https:\/\/www.europesays.com\/fr\/wp-json\/wp\/v2\/comments?post=307529"}],"version-history":[{"count":0,"href":"https:\/\/www.europesays.com\/fr\/wp-json\/wp\/v2\/posts\/307529\/revisions"}],"wp:featuredmedia":[{"embeddable":true,"href":"https:\/\/www.europesays.com\/fr\/wp-json\/wp\/v2\/media\/307530"}],"wp:attachment":[{"href":"https:\/\/www.europesays.com\/fr\/wp-json\/wp\/v2\/media?parent=307529"}],"wp:term":[{"taxonomy":"category","embeddable":true,"href":"https:\/\/www.europesays.com\/fr\/wp-json\/wp\/v2\/categories?post=307529"},{"taxonomy":"post_tag","embeddable":true,"href":"https:\/\/www.europesays.com\/fr\/wp-json\/wp\/v2\/tags?post=307529"}],"curies":[{"name":"wp","href":"https:\/\/api.w.org\/{rel}","templated":true}]}}