{"id":307533,"date":"2025-08-09T15:03:14","date_gmt":"2025-08-09T15:03:14","guid":{"rendered":"https:\/\/www.europesays.com\/fr\/307533\/"},"modified":"2025-08-09T15:03:14","modified_gmt":"2025-08-09T15:03:14","slug":"le-president-ukrainien-volodymyr-zelensky-met-en-garde-contre-toute-concession-territoriale","status":"publish","type":"post","link":"https:\/\/www.europesays.com\/fr\/307533\/","title":{"rendered":"le pr\u00e9sident ukrainien Volodymyr Zelensky met en garde contre toute concession territoriale"},"content":{"rendered":"\n<p class=\"c-chapo \">\n  Le pr\u00e9sident ukrainien a r\u00e9pondu \u00e0 Donald Trump qui a \u00e9voqu\u00e9 un possible \u00ab\u00a0\u00e9changes de territoires avec la Russie.\n<\/p>\n<p>            lire plus tard<\/p>\n<p id=\"dialog__title\" class=\"dialog__title\">Pour sauvegarder cet article, connectez-vous ou cr\u00e9ez un compte franceinfo<\/p>\n<p class=\"dialog__description\">Sans paiement. Sans abonnement.<\/p>\n<p>        Fermer la fen\u00eatre d\u2019activation des notifications France Info<\/p>\n<p>            cr\u00e9er votre compte<\/p>\n<p>            se connecter<\/p>\n<p>        Fermer la fen\u00eatre de pr\u00e9sentation<\/p>\n<p>    <img loading=\"lazy\" decoding=\"async\" class=\"signature__image lazyload\" width=\"100\" height=\"100\" data- alt=\"\" src=\"https:\/\/www.europesays.com\/fr\/wp-content\/uploads\/2025\/05\/64a68815cd1a7_placeholder-36b69ec8.png\"\/><\/p>\n<p>    Publi\u00e9 le 09\/08\/2025 14:55<\/p>\n<p>      Mis \u00e0 jour le 09\/08\/2025 15:25<\/p>\n<p>        Temps de lecture : 2min<\/p>\n<p>    <img decoding=\"async\"  alt=\"Le pr\u00e9sident ukrainien Volodymyr Zelensky, le 6 ao\u00fbt 2025 dans la r\u00e9gion de Soumy, lors d'une conversation t\u00e9l\u00e9phonique avec le pr\u00e9sident am\u00e9ricain Donald Trump. (PRESIDENCE UKRAINIENNE \/ AFP)\" width=\"432\" height=\"243\" src=\"https:\/\/www.europesays.com\/fr\/wp-content\/uploads\/2025\/08\/000-68x49ct-68974381ea392757540122.jpg\" fetchpriority=\"high\"\/><\/p>\n<p>      Le pr\u00e9sident ukrainien Volodymyr Zelensky, le 6 ao\u00fbt 2025 dans la r\u00e9gion de Soumy, lors d&rsquo;une conversation t\u00e9l\u00e9phonique avec le pr\u00e9sident am\u00e9ricain Donald Trump. (PRESIDENCE UKRAINIENNE \/ AFP)<\/p>\n<p>Volodymyr Zelensky rejette fermement l&rsquo;id\u00e9e de c\u00e9der tout territoire ukrainien pour mettre fin \u00e0 la guerre. \u00ab\u00a0Les Ukrainiens n&rsquo;abandonneront pas leur terre aux occupants\u00a0\u00bb, a mis en garde le pr\u00e9sident, <a href=\"https:\/\/x.com\/ZelenskyyUa\/status\/1954063605453795361\" rel=\"nofollow\">dans une vid\u00e9o publi\u00e9e sur les r\u00e9seaux sociaux<\/a>, samedi 9\u00a0ao\u00fbt. Et d&rsquo;ajouter\u00a0: \u00ab\u00a0Toute d\u00e9cision qui serait prise contre nous, toute d\u00e9cision qui serait prise sans l&rsquo;Ukraine, serait une d\u00e9cision contre la paix\u00a0\u00bb.<\/p>\n<p>\u00ab\u00a0Nous ne r\u00e9compenserons pas la Russie pour ses actes. Le peuple ukrainien m\u00e9rite la paix, mais tous les partenaires doivent comprendre ce qu&rsquo;est une paix digne\u00a0\u00bb, continue Volodymyr Zelensky, rappelant que Moscou \u00ab\u00a0a d\u00e9clench\u00e9 la guerre\u00a0\u00bb.<\/p>\n<p>Cette d\u00e9claration est une r\u00e9ponse \u00e0 l&rsquo;annonce d&rsquo;<a href=\"https:\/\/www.franceinfo.fr\/monde\/europe\/manifestations-en-ukraine\/guerre-en-ukraine-ce-que-l-on-sait-de-la-rencontre-entre-donald-trump-et-vladimir-poutine-en-alaska-sans-volodymyr-zelensky_7426696.html\" rel=\"nofollow noopener\" target=\"_blank\">un sommet r\u00e9unissant Donald Trump et Vladimir Poutine<\/a>\u00a0pr\u00e9vu en Alaska, vendredi 15\u00a0ao\u00fbt. Cette rencontre tr\u00e8s attendue se d\u00e9roulera sans Volodymyr Zelensky, qui ne cesse pourtant d&rsquo;exiger d&rsquo;avoir voix au chapitre. Un r\u00e8glement de la guerre comprendra, selon le pr\u00e9sident am\u00e9ricain, des concessions territoriales\u00a0:\u202f\u00a0\u00bbIl y aura des \u00e9changes de territoires au b\u00e9n\u00e9fice de chacun, mais nous parlerons de \u00e7a plus tard ou demain\u00a0\u00bb, a-t-il d\u00e9clar\u00e9 vendredi soir.<\/p>\n<p>Donald Trump, qui a promis \u00e0 maintes reprises de mettre fin \u00e0 ce conflit, a plusieurs fois parl\u00e9 au t\u00e9l\u00e9phone avec son homologue russe ces derniers mois, mais ne l&rsquo;a pas encore revu en personne depuis son retour \u00e0 la Maison Blanche le 20\u00a0janvier.\u00a0Vladimir Poutine, lui, n&rsquo;a plus mis les pieds sur le sol am\u00e9ricain depuis 2015, sous la pr\u00e9sidence de Barack Obama.<\/p>\n<p>Moscou r\u00e9clame que l&rsquo;Ukraine lui c\u00e8de quatre\u00a0r\u00e9gions partiellement occup\u00e9es (Donetsk, Lougansk, Zaporijjia et Kherson), en plus de la Crim\u00e9e annex\u00e9e en 2014, et qu&rsquo;elle renonce aux livraisons d&rsquo;armes occidentales et \u00e0 toute adh\u00e9sion \u00e0 l&rsquo;Otan.<\/p>\n<p>Des exigences inacceptables pour Kiev, qui veut le retrait des troupes russes de son territoire et des garanties de s\u00e9curit\u00e9 occidentales, dont la poursuite des livraisons d&rsquo;armes et le d\u00e9ploiement d&rsquo;un contingent europ\u00e9en, ce \u00e0 quoi s&rsquo;oppose la Russie. Le pr\u00e9sident am\u00e9ricain avait lanc\u00e9 un ultimatum \u00e0 la Russie, qui a expir\u00e9 vendredi, pour faire avancer les n\u00e9gociations avec Kiev, sous peine de nouvelles sanctions am\u00e9ricaines.<\/p>\n","protected":false},"excerpt":{"rendered":"Le pr\u00e9sident ukrainien a r\u00e9pondu \u00e0 Donald Trump qui a \u00e9voqu\u00e9 un possible \u00ab\u00a0\u00e9changes de territoires avec la&hellip;\n","protected":false},"author":2,"featured_media":307534,"comment_status":"","ping_status":"","sticky":false,"template":"","format":"standard","meta":{"footnotes":""},"categories":[1591],"tags":[11,1887,12,1885,1886,132],"class_list":{"0":"post-307533","1":"post","2":"type-post","3":"status-publish","4":"format-standard","5":"has-post-thumbnail","7":"category-russie","8":"tag-actualites","9":"tag-federation-de-russie","10":"tag-news","11":"tag-russia","12":"tag-russian-federation","13":"tag-russie"},"share_on_mastodon":{"url":"https:\/\/pubeurope.com\/@fr\/114999420843713233","error":""},"_links":{"self":[{"href":"https:\/\/www.europesays.com\/fr\/wp-json\/wp\/v2\/posts\/307533","targetHints":{"allow":["GET"]}}],"collection":[{"href":"https:\/\/www.europesays.com\/fr\/wp-json\/wp\/v2\/posts"}],"about":[{"href":"https:\/\/www.europesays.com\/fr\/wp-json\/wp\/v2\/types\/post"}],"author":[{"embeddable":true,"href":"https:\/\/www.europesays.com\/fr\/wp-json\/wp\/v2\/users\/2"}],"replies":[{"embeddable":true,"href":"https:\/\/www.europesays.com\/fr\/wp-json\/wp\/v2\/comments?post=307533"}],"version-history":[{"count":0,"href":"https:\/\/www.europesays.com\/fr\/wp-json\/wp\/v2\/posts\/307533\/revisions"}],"wp:featuredmedia":[{"embeddable":true,"href":"https:\/\/www.europesays.com\/fr\/wp-json\/wp\/v2\/media\/307534"}],"wp:attachment":[{"href":"https:\/\/www.europesays.com\/fr\/wp-json\/wp\/v2\/media?parent=307533"}],"wp:term":[{"taxonomy":"category","embeddable":true,"href":"https:\/\/www.europesays.com\/fr\/wp-json\/wp\/v2\/categories?post=307533"},{"taxonomy":"post_tag","embeddable":true,"href":"https:\/\/www.europesays.com\/fr\/wp-json\/wp\/v2\/tags?post=307533"}],"curies":[{"name":"wp","href":"https:\/\/api.w.org\/{rel}","templated":true}]}}