{"id":307535,"date":"2025-08-09T15:04:12","date_gmt":"2025-08-09T15:04:12","guid":{"rendered":"https:\/\/www.europesays.com\/fr\/307535\/"},"modified":"2025-08-09T15:04:12","modified_gmt":"2025-08-09T15:04:12","slug":"lavenir-de-lukraine-ne-peut-se-decider-sans-les-ukrainiens-assure-emmanuel-macron","status":"publish","type":"post","link":"https:\/\/www.europesays.com\/fr\/307535\/","title":{"rendered":"\u00ab\u00a0L&rsquo;avenir de l&rsquo;Ukraine ne peut se d\u00e9cider sans les Ukrainiens\u201d, assure Emmanuel Macron"},"content":{"rendered":"<p class=\"article-p mdl\">Le pr\u00e9sident fran\u00e7ais, Emmanuel Macron, a adress\u00e9 un message ferme et d\u00e9termin\u00e9 apr\u00e8s une nouvelle conversation avec le pr\u00e9sident ukrainien Volodymyr Zelensky, ce samedi 9 ao\u00fbt. Cette r\u00e9union, \u00e0 laquelle participaient \u00e9galement le chancelier allemand Friedrich Merz et le Premier ministre britannique Keir Starmer, s\u2019inscrit dans une volont\u00e9 de maintenir et renforcer les efforts internationaux pour soutenir l&rsquo;Ukraine dans sa lutte contre l\u2019agression russe, d\u00e9sormais prolong\u00e9e depuis plus de trois ans.<\/p>\n<p class=\"article-p mdl\">Au moment o\u00f9 une rencontre entre Donald Trump et Vladimir Poutine est attendue le 15 ao\u00fbt, cette nouvelle prise de position de Macron r\u00e9affirme la centralit\u00e9 de l\u2019Ukraine dans le d\u00e9bat g\u00e9opolitique mondial. Dans un contexte lourd en incertitudes, la France et ses partenaires europ\u00e9ens, cherchent \u00e0 peser sur l\u2019\u00e9volution du conflit, mais surtout \u00e0 garantir la stabilit\u00e9 de l\u2019Europe face \u00e0 un danger toujours plus pressant.&#13;<\/p>\n<p class=\"article-p mdl\">Dans ses d\u00e9clarations, Emmanuel Macron a insist\u00e9 sur un point majeur : \u00ab\u00a0l\u2019avenir de l\u2019Ukraine ne peut se d\u00e9cider sans les Ukrainiens\u00a0\u00bb. Un message clair, sans ambigu\u00eft\u00e9. Loin de se contenter d\u2019une vision centr\u00e9e sur l\u2019Ukraine, Emmanuel Macron a \u00e9galement rappel\u00e9 la dimension europ\u00e9enne du conflit. \u00ab\u00a0Les Europ\u00e9ens seront aussi n\u00e9cessairement partie \u00e0 la solution car il en va de leur s\u00e9curit\u00e9\u00a0\u00bb, a-t-il ajout\u00e9. &#13;<\/p>\n<p class=\"article-p mdl\"><strong>Plus d&rsquo;informations \u00e0 suivre sur RTL&#8230;<\/strong>&#13;&#13;<\/p>\n<p class=\"s-newsletter__title\">\n                L\u2019actualit\u00e9 par la r\u00e9daction de RTL dans votre bo\u00eete mail.\n            <\/p>\n<p class=\"s-newsletter__subtitle\">\n                Gr\u00e2ce \u00e0 votre compte RTL abonnez-vous \u00e0 la newsletter RTL info pour suivre toute l&rsquo;actualit\u00e9 au quotidien\n            <\/p>\n<p>\n                                    Lire la suite\n                                <\/p>\n","protected":false},"excerpt":{"rendered":"Le pr\u00e9sident fran\u00e7ais, Emmanuel Macron, a adress\u00e9 un message ferme et d\u00e9termin\u00e9 apr\u00e8s une nouvelle conversation avec le&hellip;\n","protected":false},"author":2,"featured_media":307536,"comment_status":"","ping_status":"","sticky":false,"template":"","format":"standard","meta":{"footnotes":""},"categories":[1590],"tags":[11,75,1073,1777,674,107,14,12,132,220,135,134],"class_list":{"0":"post-307535","1":"post","2":"type-post","3":"status-publish","4":"format-standard","5":"has-post-thumbnail","7":"category-ukraine","8":"tag-actualites","9":"tag-donald-trump","10":"tag-emmanuel-macron","11":"tag-eu","12":"tag-europe","13":"tag-fil-info","14":"tag-international","15":"tag-news","16":"tag-russie","17":"tag-ukraine","18":"tag-vladimir-poutine","19":"tag-volodymyr-zelensky"},"share_on_mastodon":{"url":"https:\/\/pubeurope.com\/@fr\/114999424651996306","error":""},"_links":{"self":[{"href":"https:\/\/www.europesays.com\/fr\/wp-json\/wp\/v2\/posts\/307535","targetHints":{"allow":["GET"]}}],"collection":[{"href":"https:\/\/www.europesays.com\/fr\/wp-json\/wp\/v2\/posts"}],"about":[{"href":"https:\/\/www.europesays.com\/fr\/wp-json\/wp\/v2\/types\/post"}],"author":[{"embeddable":true,"href":"https:\/\/www.europesays.com\/fr\/wp-json\/wp\/v2\/users\/2"}],"replies":[{"embeddable":true,"href":"https:\/\/www.europesays.com\/fr\/wp-json\/wp\/v2\/comments?post=307535"}],"version-history":[{"count":0,"href":"https:\/\/www.europesays.com\/fr\/wp-json\/wp\/v2\/posts\/307535\/revisions"}],"wp:featuredmedia":[{"embeddable":true,"href":"https:\/\/www.europesays.com\/fr\/wp-json\/wp\/v2\/media\/307536"}],"wp:attachment":[{"href":"https:\/\/www.europesays.com\/fr\/wp-json\/wp\/v2\/media?parent=307535"}],"wp:term":[{"taxonomy":"category","embeddable":true,"href":"https:\/\/www.europesays.com\/fr\/wp-json\/wp\/v2\/categories?post=307535"},{"taxonomy":"post_tag","embeddable":true,"href":"https:\/\/www.europesays.com\/fr\/wp-json\/wp\/v2\/tags?post=307535"}],"curies":[{"name":"wp","href":"https:\/\/api.w.org\/{rel}","templated":true}]}}