{"id":307537,"date":"2025-08-09T15:05:20","date_gmt":"2025-08-09T15:05:20","guid":{"rendered":"https:\/\/www.europesays.com\/fr\/307537\/"},"modified":"2025-08-09T15:05:20","modified_gmt":"2025-08-09T15:05:20","slug":"usa-une-fusillade-a-times-square-fait-trois-blesses-09-08-2025-a-1233","status":"publish","type":"post","link":"https:\/\/www.europesays.com\/fr\/307537\/","title":{"rendered":"USA-Une fusillade \u00e0 Times Square fait trois bless\u00e9s &#8211; 09\/08\/2025 \u00e0 12:33"},"content":{"rendered":"<p>\n (Actualis\u00e9 avec contexte)\n<\/p>\n<p>\n Une fusillade \u00e0 Times Square, \u00e0 New<br \/>\nYork, a fait trois bless\u00e9s, annonce samedi le New York City<br \/>\nPolice Department (NYPD), les services de police de la ville.\n<\/p>\n<p>\n Les bless\u00e9s sont une femme de 18 ans, un homme de 19 ans et<br \/>\nun homme de 65 ans, a pr\u00e9cis\u00e9 un porte-parole du NYPD, ajoutant<br \/>\nqu&rsquo;ils sont dans un \u00e9tat stable \u00e0 l&rsquo;h\u00f4pital.\n<\/p>\n<p>\n Un jeune homme de 17 ans est en garde \u00e0 vue, a ajout\u00e9 le<br \/>\nNYPD. La police a \u00e9galement retrouv\u00e9 une arme \u00e0 feu.\n<\/p>\n<p>\n La fusillade a eu lieu vers 01h20 du matin (0520 GMT) \u00e0 la<br \/>\nsuite d&rsquo;une altercation verbale avec l&rsquo;une des victimes, a<br \/>\nexpliqu\u00e9 le NYPD. On ignore pour le moment si le tireur et les<br \/>\nvictimes se connaissaient.\n<\/p>\n<p>\n Les fusillades de masse sont relativement courantes aux<br \/>\nEtats-Unis, o\u00f9 les armes \u00e0 feu sont largement disponibles.\n<\/p>\n<p>\n (Reportage Rishabh Jaiswal et Alexandra Sarabia, version<br \/>\nfran\u00e7aise Claude Chendjou)<\/p>\n","protected":false},"excerpt":{"rendered":"(Actualis\u00e9 avec contexte) Une fusillade \u00e0 Times Square, \u00e0 New York, a fait trois bless\u00e9s, annonce samedi le&hellip;\n","protected":false},"author":2,"featured_media":2486,"comment_status":"","ping_status":"","sticky":false,"template":"","format":"standard","meta":{"footnotes":""},"categories":[1589],"tags":[400,11,398,408,405,73,1866,403,402,399,404,12,401,406,1864,1865,1863,308,407],"class_list":{"0":"post-307537","1":"post","2":"type-post","3":"status-publish","4":"format-standard","5":"has-post-thumbnail","7":"category-etats-unis","8":"tag-action-cac-40","9":"tag-actualites","10":"tag-bourse-de-paris","11":"tag-boursorama","12":"tag-cotations","13":"tag-etats-unis","14":"tag-etats-unis-damerique","15":"tag-indices-devises","16":"tag-investir","17":"tag-investissement","18":"tag-marche-boursier","19":"tag-news","20":"tag-sicav","21":"tag-trackers","22":"tag-united-states","23":"tag-united-states-of-america","24":"tag-us","25":"tag-usa","26":"tag-warrants"},"share_on_mastodon":{"url":"https:\/\/pubeurope.com\/@fr\/114999428686051482","error":""},"_links":{"self":[{"href":"https:\/\/www.europesays.com\/fr\/wp-json\/wp\/v2\/posts\/307537","targetHints":{"allow":["GET"]}}],"collection":[{"href":"https:\/\/www.europesays.com\/fr\/wp-json\/wp\/v2\/posts"}],"about":[{"href":"https:\/\/www.europesays.com\/fr\/wp-json\/wp\/v2\/types\/post"}],"author":[{"embeddable":true,"href":"https:\/\/www.europesays.com\/fr\/wp-json\/wp\/v2\/users\/2"}],"replies":[{"embeddable":true,"href":"https:\/\/www.europesays.com\/fr\/wp-json\/wp\/v2\/comments?post=307537"}],"version-history":[{"count":0,"href":"https:\/\/www.europesays.com\/fr\/wp-json\/wp\/v2\/posts\/307537\/revisions"}],"wp:featuredmedia":[{"embeddable":true,"href":"https:\/\/www.europesays.com\/fr\/wp-json\/wp\/v2\/media\/2486"}],"wp:attachment":[{"href":"https:\/\/www.europesays.com\/fr\/wp-json\/wp\/v2\/media?parent=307537"}],"wp:term":[{"taxonomy":"category","embeddable":true,"href":"https:\/\/www.europesays.com\/fr\/wp-json\/wp\/v2\/categories?post=307537"},{"taxonomy":"post_tag","embeddable":true,"href":"https:\/\/www.europesays.com\/fr\/wp-json\/wp\/v2\/tags?post=307537"}],"curies":[{"name":"wp","href":"https:\/\/api.w.org\/{rel}","templated":true}]}}