{"id":307538,"date":"2025-08-09T15:06:08","date_gmt":"2025-08-09T15:06:08","guid":{"rendered":"https:\/\/www.europesays.com\/fr\/307538\/"},"modified":"2025-08-09T15:06:08","modified_gmt":"2025-08-09T15:06:08","slug":"au-royaume-uni-plus-de-150-partisans-du-groupe-interdit-palestine-action-arretes-lors-dune-manifestation","status":"publish","type":"post","link":"https:\/\/www.europesays.com\/fr\/307538\/","title":{"rendered":"Au Royaume-Uni, plus de 150 partisans du groupe interdit Palestine Action arr\u00eat\u00e9s lors d\u2019une manifestation"},"content":{"rendered":"<p>Des centaines de personnes ont commenc\u00e9 \u00e0 se r\u00e9unir \u00e0 la mi-journ\u00e9e \u00e0 Parliament Square, devant le Parlement britannique, certains munis de pancartes comme \u00ab\u00a0Je soutiens Palestine Action\u00a0\u00bb ou \u00ab\u00a0Agir contre le g\u00e9nocide n\u2019est pas un crime\u00a0\u00bb. \u00ab\u00a0C\u2019est un imp\u00e9ratif moral d\u2019\u00eatre ici\u00a0\u00bb, a d\u00e9clar\u00e9 Mathilda, une septuag\u00e9naire venue sp\u00e9cialement de Bristol, \u00e0 l\u2019ouest de Londres. \u00ab\u00a0Qu\u2019ils nous arr\u00eatent tous, a rench\u00e9ri Richard Bull, un Londonien de 42\u00a0ans dans un fauteuil roulant. Ce gouvernement est all\u00e9 trop loin. Je n\u2019ai rien \u00e0 me reprocher.\u00a0\u00bb<\/p>\n<p>    La r\u00e9daction vous conseille<\/p>\n<p>De nombreux drapeaux palestiniens \u00e9taient visibles dans la foule, \u00e0 quelques pas de laquelle \u00e9taient align\u00e9es des voitures de police. La police avait mis en garde les participants contre les \u00ab\u00a0potentielles cons\u00e9quences p\u00e9nales de leurs actes\u00a0\u00bb. Elle a indiqu\u00e9 vers 15h (heure fran\u00e7aise) avoir d\u00e9j\u00e0 proc\u00e9d\u00e9 \u00e0 une cinquantaine d\u2019arrestations.<\/p>\n<p>Les personnes arr\u00eat\u00e9es n\u2019ont pas oppos\u00e9 de r\u00e9sistance, beaucoup formant un \u00ab\u00a0V\u00a0\u00bb de la victoire avec leurs doigts, sous les applaudissements d\u2019autres manifestants.<\/p>\n<p>L\u2019interdiction qui divise<\/p>\n<p>Palestine Action a \u00e9t\u00e9 ajout\u00e9e d\u00e9but juillet \u00e0 la liste des organisations consid\u00e9r\u00e9es comme \u00ab\u00a0terroristes\u00a0\u00bb au Royaume-Uni, apr\u00e8s des actes de vandalisme perp\u00e9tr\u00e9s par ses militants, notamment sur <a href=\"https:\/\/www.lorientlejour.com\/article\/1465687\/des-militants-pro-palestiniens-penetrent-dans-une-base-de-la-royal-air-force-et-endommagent-deux-avions-militaires.html\" target=\"_blank\" rel=\"nofollow noopener\">une base de l&rsquo;arm\u00e9e de l&rsquo;air<\/a>. Le groupe Defend Our Juries organise depuis des manifestations pour protester contre cette interdiction, qui a \u00e9t\u00e9 jug\u00e9e <a href=\"https:\/\/www.mediapart.fr\/journal\/fil-dactualites\/250725\/l-onu-presse-le-royaume-uni-d-annuler-l-interdiction-disproportionnee-du-mouvement-palestine-acti\" target=\"_blank\" rel=\"nofollow noopener\">\u00ab\u00a0disproportionn\u00e9e\u00a0\u00bb par l\u2019ONU<\/a>.<\/p>\n<p>Le gouvernement britannique, qui assure disposer d&rsquo; \u00ab\u00a0informations inqui\u00e9tantes\u00a0\u00bb sur les projets de Palestine Action, affirme que les sympathisants \u00ab\u00a0ne connaissent pas (sa) vraie nature\u00a0\u00bb. \u00c0 ce jour, plus de 200\u00a0personnes ont \u00e9t\u00e9 interpell\u00e9es, selon Tim Crosland, un repr\u00e9sentant de Defend Our Juries. Trois personnes ont \u00e9t\u00e9 inculp\u00e9es jeudi pour avoir exprim\u00e9 leur soutien, une infraction passible de 6 mois de prison.<\/p>\n<p>L\u2019interdiction fait l\u2019objet d\u2019une action en justice, lanc\u00e9e par Huda Ammori, cofondatrice en 2020 de ce groupe qui se pr\u00e9sentait comme un \u00ab\u00a0r\u00e9seau d\u2019action directe\u00a0\u00bb visant \u00e0 d\u00e9noncer \u00ab\u00a0la complicit\u00e9 britannique\u00a0\u00bb avec l\u2019\u00c9tat d\u2019Isra\u00ebl, en particulier sur la question des ventes d\u2019armes.<\/p>\n","protected":false},"excerpt":{"rendered":"Des centaines de personnes ont commenc\u00e9 \u00e0 se r\u00e9unir \u00e0 la mi-journ\u00e9e \u00e0 Parliament Square, devant le Parlement&hellip;\n","protected":false},"author":2,"featured_media":307539,"comment_status":"","ping_status":"","sticky":false,"template":"","format":"standard","meta":{"footnotes":""},"categories":[1588],"tags":[11,1777,674,12,473,1853,1851,1850,1852],"class_list":{"0":"post-307538","1":"post","2":"type-post","3":"status-publish","4":"format-standard","5":"has-post-thumbnail","7":"category-royaume-uni","8":"tag-actualites","9":"tag-eu","10":"tag-europe","11":"tag-news","12":"tag-royaume-uni","13":"tag-royaume-uni-de-grande-bretagne-et-dirlande-du-nord","14":"tag-uk","15":"tag-united-kingdom","16":"tag-united-kingdom-of-great-britain-and-northern-ireland"},"share_on_mastodon":{"url":"https:\/\/pubeurope.com\/@fr\/114999432624288440","error":""},"_links":{"self":[{"href":"https:\/\/www.europesays.com\/fr\/wp-json\/wp\/v2\/posts\/307538","targetHints":{"allow":["GET"]}}],"collection":[{"href":"https:\/\/www.europesays.com\/fr\/wp-json\/wp\/v2\/posts"}],"about":[{"href":"https:\/\/www.europesays.com\/fr\/wp-json\/wp\/v2\/types\/post"}],"author":[{"embeddable":true,"href":"https:\/\/www.europesays.com\/fr\/wp-json\/wp\/v2\/users\/2"}],"replies":[{"embeddable":true,"href":"https:\/\/www.europesays.com\/fr\/wp-json\/wp\/v2\/comments?post=307538"}],"version-history":[{"count":0,"href":"https:\/\/www.europesays.com\/fr\/wp-json\/wp\/v2\/posts\/307538\/revisions"}],"wp:featuredmedia":[{"embeddable":true,"href":"https:\/\/www.europesays.com\/fr\/wp-json\/wp\/v2\/media\/307539"}],"wp:attachment":[{"href":"https:\/\/www.europesays.com\/fr\/wp-json\/wp\/v2\/media?parent=307538"}],"wp:term":[{"taxonomy":"category","embeddable":true,"href":"https:\/\/www.europesays.com\/fr\/wp-json\/wp\/v2\/categories?post=307538"},{"taxonomy":"post_tag","embeddable":true,"href":"https:\/\/www.europesays.com\/fr\/wp-json\/wp\/v2\/tags?post=307538"}],"curies":[{"name":"wp","href":"https:\/\/api.w.org\/{rel}","templated":true}]}}