{"id":307540,"date":"2025-08-09T15:07:11","date_gmt":"2025-08-09T15:07:11","guid":{"rendered":"https:\/\/www.europesays.com\/fr\/307540\/"},"modified":"2025-08-09T15:07:11","modified_gmt":"2025-08-09T15:07:11","slug":"lallemagne-change-t-elle-de-position-sur-israel-comprendre-le-revirement-de-merz-concernant-lexportation-darmes-utilisables-dans-la-bande-de-gaza","status":"publish","type":"post","link":"https:\/\/www.europesays.com\/fr\/307540\/","title":{"rendered":"L\u2019Allemagne change-t-elle de position sur Isra\u00ebl ? Comprendre le revirement de Merz concernant l\u2019exportation d\u2019armes utilisables dans la bande de Gaza"},"content":{"rendered":"<dl class=\"post-meta-box flex flex-wrap items-top border-grey-lighter border-b post-meta relative z-20\">&#13;<\/p>\n<dt class=\"inline-block py-1 leading-5 w-1\/5 sm:1\/6 xl:w-3\/10 flex items-top font-sans text-3xs text-grey tracking-wider uppercase border-grey-lighter border-t\">&#13;<br \/>\n                                    Auteur                                  <\/dt>\n<p>&#13;<\/p>\n<dd class=\"inline-block w-4\/5 sm:5\/6 xl:w-7\/10 pl-1u lg:pl-0 flex-grow  py-1 font-sans text-xs leading-5 border-grey-lighter border-t\">&#13;<br \/>\n                                                                        <a href=\"https:\/\/legrandcontinent.eu\/fr\/p\/pierre-mennerat\/\" class=\"text-red no-underline\" rel=\"nofollow noopener\" target=\"_blank\">&#13;<br \/>\n                                      Pierre Mennerat<\/a>                                                                      <\/dd>\n<p>&#13;<br \/>\n                                  &#13;<br \/>\n                                  &#13;<br \/>\n                                  &#13;<\/p>\n<dt class=\"inline-block py-1 leading-5 w-1\/5 sm:1\/6 xl:w-3\/10 flex items-top font-sans text-3xs text-grey tracking-wider uppercase border-grey-lighter border-t\">&#13;<br \/>\n                                    Date                                  <\/dt>\n<p>&#13;<\/p>\n<dd class=\"inline-block w-4\/5 sm:5\/6 xl:w-7\/10 pl-1u lg:pl-0 flex-grow  py-1 font-sans text-xs leading-5 border-grey-lighter border-t\">&#13;<br \/>\n                                    9 ao\u00fbt 2025&#13;\n                                  <\/dd>\n<p>&#13;\n                                <\/dl>\n<p>                                      &#13;<br \/>\n        &#13;<br \/>\n            &#13;<br \/>\n        &#13;<br \/>\n        &#13;<br \/>\n            &#13;<br \/>\n            &#13;<br \/>\n        &#13;<br \/>\n        Ajouter&#13;<br \/>\n        Article ajout\u00e9&#13;<\/p>\n<p>    &#13;<br \/>\n        T\u00e9l\u00e9charger le PDF&#13;<br \/>\n        &#13;<br \/>\n            &#13;<br \/>\n            &#13;<br \/>\n            &#13;<br \/>\n        &#13;<br \/>\n&#13;<br \/>\n&#13;<\/p>\n<dl class=\"post-meta-box flex flex-wrap items-top border-grey-lighter border-b post-meta relative z-20 mt-4\">&#13;<\/p>\n<dt class=\"partager inline-block py-1 leading-5 w-1\/5 sm:1\/6 xl:w-3\/10 flex items-top font-sans text-3xs text-grey tracking-wider uppercase border-grey-lighter border-t\">&#13;<br \/>\n                                    Partager                                  <\/dt>\n<p>&#13;<\/p>\n<dd class=\"partager inline-block w-4\/5 sm:5\/6 xl:w-7\/10 pl-1u lg:pl-0 flex-grow  py-1 font-sans text-xs leading-5 border-grey-lighter border-t\">&#13;<br \/>\n                                    <a target=\"_blank\" data-social=\"twitter\" class=\"text-red no-underline inline-block w-4 h-4 mr-2\" href=\"https:\/\/twitter.com\/intent\/tweet\/?text=L%E2%80%99Allemagne+change-t-elle+de+position+sur+Isra%C3%ABl%C2%A0%3F+Comprendre+le+revirement+de+Merz+concernant+l%E2%80%99exportation+d%E2%80%99armes+utilisables+dans+la+bande+de+Gaza&amp;url=https%3A%2F%2Flegrandcontinent.eu%2Ffr%2F2025%2F08%2F09%2Flallemagne-change-t-elle-de-position-sur-israel-comprendre-le-revirement-de-merz-concernant-lexportation-darmes-utilisables-dans-la-bande-de-gaza%2F\" rel=\"nofollow noopener\">&#13;<br \/>\n                                        &#13;<br \/>\n                                      <\/a>&#13;<br \/>\n                                    <a target=\"_blank\" data-social=\"facebook\" class=\"text-red no-underline inline-block w-4 h-4 mr-2\" href=\"https:\/\/facebook.com\/sharer\/sharer.php?u=https%3A%2F%2Flegrandcontinent.eu%2Ffr%2F2025%2F08%2F09%2Flallemagne-change-t-elle-de-position-sur-israel-comprendre-le-revirement-de-merz-concernant-lexportation-darmes-utilisables-dans-la-bande-de-gaza%2F\" rel=\"nofollow noopener\">&#13;<br \/>\n                                        &#13;<br \/>\n                                      <\/a>&#13;<br \/>\n                                    <a target=\"_blank\" data-social=\"linkedin\" class=\"text-red no-underline inline-block w-4 h-4 mr-2\" href=\"https:\/\/www.linkedin.com\/shareArticle?title=L%E2%80%99Allemagne+change-t-elle+de+position+sur+Isra%C3%ABl%26%23160%3B%3F+Comprendre+le+revirement+de+Merz+concernant+l%E2%80%99exportation+d%E2%80%99armes+utilisables+dans+la+bande+de+Gaza&amp;url=https%3A%2F%2Flegrandcontinent.eu%2Ffr%2F2025%2F08%2F09%2Flallemagne-change-t-elle-de-position-sur-israel-comprendre-le-revirement-de-merz-concernant-lexportation-darmes-utilisables-dans-la-bande-de-gaza%2F\" rel=\"nofollow noopener\">&#13;<br \/>\n                                        &#13;<br \/>\n                                      <\/a>&#13;<br \/>\n&#13;<br \/>\n&#13;\n                                  <\/dd>\n<p>&#13;<br \/>\n                                  &#13;\n                                <\/dl>\n<p>Dans un communiqu\u00e9 publi\u00e9 vendredi 8 ao\u00fbt, le chancelier Merz \u00e9tablit un lien direct entre cette suspension et la d\u00e9cision du cabinet de guerre isra\u00e9lien, plus t\u00f4t dans la journ\u00e9e, de reprendre l\u2019offensive \u00e0 Gaza.\u00a0<\/p>\n<p>Il indique que\u00a0:<\/p>\n<blockquote class=\"wp-block-quote is-layout-flow wp-block-quote-is-layout-flow\">\n<p>Isra\u00ebl a le droit de se d\u00e9fendre contre le terrorisme du Hamas. La lib\u00e9ration des otages et la poursuite d\u00e9termin\u00e9e des n\u00e9gociations en vue d\u2019un cessez-le-feu sont pour nous une priorit\u00e9 absolue. Le d\u00e9sarmement du Hamas est indispensable. Le Hamas ne doit plus jouer aucun r\u00f4le \u00e0 Gaza \u00e0 l\u2019avenir. <\/p>\n<p>Du point de vue du gouvernement f\u00e9d\u00e9ral, la d\u00e9cision prise hier soir par le cabinet de s\u00e9curit\u00e9 isra\u00e9lien de renforcer encore l\u2019action militaire de l\u2019arm\u00e9e isra\u00e9lienne dans la bande de Gaza rend de moins en moins clair comment ces objectifs pourront \u00eatre atteints. Dans ces circonstances, le gouvernement f\u00e9d\u00e9ral n\u2019autorise jusqu\u2019\u00e0 nouvel ordre aucune exportation d\u2019armements pouvant \u00eatre utilis\u00e9s dans la bande de Gaza.\u00a0Le gouvernement f\u00e9d\u00e9ral reste profond\u00e9ment pr\u00e9occup\u00e9 par les souffrances persistantes de la population civile dans la bande de Gaza. <\/p>\n<p>Avec l\u2019offensive pr\u00e9vue, le gouvernement isra\u00e9lien assume une responsabilit\u00e9 encore plus grande qu\u2019auparavant pour son approvisionnement. Il doit permettre un acc\u00e8s complet aux livraisons d\u2019aide, y compris pour les organisations des Nations unies et d\u2019autres institutions non gouvernementales. Apr\u00e8s les mesures appropri\u00e9es prises ces derniers jours, Isra\u00ebl doit continuer \u00e0 am\u00e9liorer de mani\u00e8re globale et durable la situation humanitaire \u00e0 Gaza.<\/p>\n<p>En outre, le gouvernement f\u00e9d\u00e9ral allemand exhorte le gouvernement isra\u00e9lien \u00e0 ne prendre aucune nouvelle mesure en vue de l\u2019annexion de la Cisjordanie.\u00a0<\/p>\n<\/blockquote>\n<p>L\u2019Allemagne est le deuxi\u00e8me vendeur d\u2019armements \u00e0 Isra\u00ebl.\u00a0<\/p>\n<ul class=\"wp-block-list\">\n<li>Entre le 7 octobre\u00a0 2023 et le 13 mai cette ann\u00e9e, l\u2019Allemagne a export\u00e9 pour 485 millions d\u2019euros d\u2019armements vers Isra\u00ebl\u00a0. Selon le SIPRI, l\u2019Allemagne repr\u00e9sente environ 30\u00a0% du total des importations d\u2019armement d\u2019Isra\u00ebl, derri\u00e8re les \u00c9tats-Unis et devant l\u2019Italie. Ces exportations comprennent principalement des navires, des sous-marins, des munitions, des armes antichars et des \u00e9quipements \u00e9lectroniques.<\/li>\n<\/ul>\n<p>Si l\u2019annonce a \u00e9t\u00e9 plut\u00f4t bien accueillie par les partis de gauche allemands, qui r\u00e9clament un moratoire sur les livraisons d\u2019armes depuis plusieurs mois, elle a provoqu\u00e9 un r\u00e9el malaise au sein de la CDU\/CSU.<\/p>\n<ul class=\"wp-block-list\">\n<li>Le vice-chancelier et chef du Parti social-d\u00e9mocrate (SPD), Lars Klingbeil, consid\u00e8re cette mesure comme justifi\u00e9e.\u00a0<\/li>\n<li>La copr\u00e9sidente des Verts, Franziska Brantner, a salu\u00e9 la d\u00e9cision, qui ne va cependant pas assez loin selon elle.\u00a0<\/li>\n<li>La pr\u00e9sidente de Die Linke, Ines Schwedtner, a reconnu que la d\u00e9cision de Merz correspondait au souhait de la majorit\u00e9 de la population, qui souhaite exercer davantage de pression sur le gouvernement isra\u00e9lien, mais qu\u2019un \u00ab\u00a0groupe de conservateurs hardliners\u00a0\u00bb refusait encore de reconna\u00eetre la situation.<\/li>\n<li>Le d\u00e9put\u00e9 Roderich Kiesewetter (CDU), porte-parole de son groupe parlementaire, a qualifi\u00e9 l\u2019interruption des livraisons d\u2019armes de \u00ab\u00a0grave erreur politique et strat\u00e9gique pour l\u2019Allemagne\u00a0\u00bb.\u00a0<\/li>\n<\/ul>\n<p>Friedrich Merz a en effet op\u00e9r\u00e9 un revirement rapide et surprenant sur le sujet isra\u00e9lien. En octobre 2023 encore, il accusait la coalition d\u2019Olaf Scholz de freiner la signature des autorisations d\u2019exportation d\u2019armes vers Isra\u00ebl.<\/p>\n<ul class=\"wp-block-list\">\n<li>En janvier 2025, lors de son discours de politique \u00e9trang\u00e8re \u00e0 la K\u00f6rber Stiftung \u00e0 Berlin, Friedrich Merz r\u00e9it\u00e9rait son opposition \u00e0 tout embargo sur Isra\u00ebl, d\u00e9clarant\u00a0: \u00ab\u00a0Enfin, un gouvernement f\u00e9d\u00e9ral sous ma direction consolidera notre relation avec Isra\u00ebl. Je mettrai fin imm\u00e9diatement \u00e0 l\u2019embargo de fait sur les exportations du gouvernement actuel. \u00c0 l\u2019avenir, ce dont Isra\u00ebl a besoin pour exercer son droit \u00e0 l\u2019autod\u00e9fense, Isra\u00ebl l\u2019obtiendra. Le concept de \u00ab\u00a0raison d\u2019\u00c9tat\u00a0\u00bb se mesurera \u00e0 nouveau dans les faits et non seulement dans les mots. Il doit \u00eatre \u00e0 nouveau clair et sans \u00e9quivoque que l\u2019Allemagne ne se trouve pas entre deux chaises, mais qu\u2019elle se tient fermement aux c\u00f4t\u00e9s d\u2019Isra\u00ebl. Il n\u2019y aura aucun doute \u00e0 ce sujet \u00e0 l\u2019avenir.\u00a0\u00bb<\/li>\n<li>La doctrine selon laquelle la s\u00e9curit\u00e9 d\u2019Isra\u00ebl constitue une \u00ab\u00a0raison d\u2019\u00c9tat\u00a0\u00bb pour l\u2019Allemagne remonte \u00e0 un discours d\u2019Angela Merkel devant la Knesset, en 2008. Sans citer la chanceli\u00e8re, son ancien rival, Merz, poussait encore plus loin cette doctrine, notamment par rapport au gouvernement d\u2019Olaf Scholz.<\/li>\n<\/ul>\n<p>La presse conservatrice a \u00e9galement largement critiqu\u00e9 le chancelier, la Neue Z\u00fcrcher Zeitung qualifiant le \u00ab\u00a0sacrifice de la raison d\u2019\u00c9tat\u00a0\u00bb d\u2019\u00ab\u00a0erreur fatale\u00a0\u00bb\u00a0, un argumentaire \u00e9galement suivi par l\u2019\u00e9ditorial du directeur de la r\u00e9daction du quotidien du groupe Springer, Die Welt\u00a0. Le quotidien J\u00fcdische Allgemeine voit quant \u00e0 lui dans cette situation la r\u00e9v\u00e9lation que Friedrich Merz serait \u00ab\u00a0une girouette\u00a0\u00bb.<\/p>\n<blockquote class=\"twitter-tweet\" data-width=\"550\" data-dnt=\"true\">\n<p lang=\"en\" dir=\"ltr\">Instead of supporting Israel&rsquo;s just war against Hamas, which carried out  the most horrific attack against the Jewish people since the Holocaust, Germany is rewarding Hamas terrorism by embargoing arms to Israel.<\/p>\n<p>\u2014 Prime Minister of Israel (@IsraeliPM) <a href=\"https:\/\/twitter.com\/IsraeliPM\/status\/1953849206415757506?ref_src=twsrc%5Etfw\" rel=\"nofollow noopener\" target=\"_blank\">August 8, 2025<\/a><\/p><\/blockquote>\n<ul class=\"wp-block-list\">\n<li>Dans la soir\u00e9e d\u2019hier, le Premier ministre isra\u00e9lien Benjamin Netanyahou a t\u00e9l\u00e9phon\u00e9 \u00e0 Friedrich Merz. Il a ensuite accus\u00e9 l\u2019Allemagne de \u00ab\u00a0r\u00e9compenser le Hamas en proclamant un embargo sur les armes \u00e0 destination d\u2019Isra\u00ebl\u00a0\u00bb.<\/li>\n<\/ul>\n<p>                          <script async src=\"https:\/\/platform.twitter.com\/widgets.js\" charset=\"utf-8\"><\/script><\/p>\n","protected":false},"excerpt":{"rendered":"&#13; &#13; Auteur &#13; &#13; &#13; Pierre Mennerat &#13; &#13; &#13; &#13; &#13; Date &#13; &#13; 9 ao\u00fbt&hellip;\n","protected":false},"author":2,"featured_media":307541,"comment_status":"","ping_status":"","sticky":false,"template":"","format":"standard","meta":{"footnotes":""},"categories":[1587],"tags":[11,672,1804,1805,1803,1777,674,1801,12,1802],"class_list":{"0":"post-307540","1":"post","2":"type-post","3":"status-publish","4":"format-standard","5":"has-post-thumbnail","7":"category-allemagne","8":"tag-actualites","9":"tag-allemagne","10":"tag-bundesrepublik-deutschland","11":"tag-de","12":"tag-deutschland","13":"tag-eu","14":"tag-europe","15":"tag-germany","16":"tag-news","17":"tag-republique-federale-dallemagne"},"share_on_mastodon":{"url":"https:\/\/pubeurope.com\/@fr\/114999436513150965","error":""},"_links":{"self":[{"href":"https:\/\/www.europesays.com\/fr\/wp-json\/wp\/v2\/posts\/307540","targetHints":{"allow":["GET"]}}],"collection":[{"href":"https:\/\/www.europesays.com\/fr\/wp-json\/wp\/v2\/posts"}],"about":[{"href":"https:\/\/www.europesays.com\/fr\/wp-json\/wp\/v2\/types\/post"}],"author":[{"embeddable":true,"href":"https:\/\/www.europesays.com\/fr\/wp-json\/wp\/v2\/users\/2"}],"replies":[{"embeddable":true,"href":"https:\/\/www.europesays.com\/fr\/wp-json\/wp\/v2\/comments?post=307540"}],"version-history":[{"count":0,"href":"https:\/\/www.europesays.com\/fr\/wp-json\/wp\/v2\/posts\/307540\/revisions"}],"wp:featuredmedia":[{"embeddable":true,"href":"https:\/\/www.europesays.com\/fr\/wp-json\/wp\/v2\/media\/307541"}],"wp:attachment":[{"href":"https:\/\/www.europesays.com\/fr\/wp-json\/wp\/v2\/media?parent=307540"}],"wp:term":[{"taxonomy":"category","embeddable":true,"href":"https:\/\/www.europesays.com\/fr\/wp-json\/wp\/v2\/categories?post=307540"},{"taxonomy":"post_tag","embeddable":true,"href":"https:\/\/www.europesays.com\/fr\/wp-json\/wp\/v2\/tags?post=307540"}],"curies":[{"name":"wp","href":"https:\/\/api.w.org\/{rel}","templated":true}]}}