{"id":307544,"date":"2025-08-09T15:09:11","date_gmt":"2025-08-09T15:09:11","guid":{"rendered":"https:\/\/www.europesays.com\/fr\/307544\/"},"modified":"2025-08-09T15:09:11","modified_gmt":"2025-08-09T15:09:11","slug":"ue-les-accords-signes-entre-larmenie-et-lazerbaidjan-constituent-une-avancee-significative-vers-la-fin-dun-conflit-de-longue-date","status":"publish","type":"post","link":"https:\/\/www.europesays.com\/fr\/307544\/","title":{"rendered":"UE : Les accords sign\u00e9s entre l&rsquo;Arm\u00e9nie et l&rsquo;Azerba\u00efdjan constituent une avanc\u00e9e significative vers la fin d&rsquo;un conflit de longue date"},"content":{"rendered":"<p>Les accords sign\u00e9s entre l\u2019Arm\u00e9nie et l\u2019Azerba\u00efdjan constituent une avanc\u00e9e significative vers la fin d\u2019un conflit de longue date. D\u00e9claration de Kaya Kallas, haute repr\u00e9sentante de l\u2019Union europ\u00e9enne pour les affaires \u00e9trang\u00e8res et la politique de s\u00e9curit\u00e9.<\/p>\n<p><img loading=\"lazy\" decoding=\"async\" class=\"alignnone size-full wp-image-291914\" src=\"https:\/\/www.europesays.com\/fr\/wp-content\/uploads\/2025\/08\/2245.webp.webp\" alt=\"\" width=\"1240\" height=\"827\"\/><\/p>\n<p>Nous exprimons notre profonde gratitude aux deux parties et \u00e0 l\u2019administration am\u00e9ricaine pour avoir su exploiter cette dynamique et permis des progr\u00e8s. Il est d\u00e9sormais essentiel de garantir la mise en \u0153uvre rapide des mesures convenues, notamment la signature et la ratification du trait\u00e9 de paix.<\/p>\n<p>Suite \u00e0 la conclusion des n\u00e9gociations bilat\u00e9rales entre l\u2019Arm\u00e9nie et l\u2019Azerba\u00efdjan sur le texte du trait\u00e9 de paix en mars dernier, il s\u2019agit d\u2019une \u00e9tape importante et d\u00e9cisive sur la voie de la normalisation compl\u00e8te des relations entre l\u2019Arm\u00e9nie et l\u2019Azerba\u00efdjan, qui, conform\u00e9ment \u00e0 la d\u00e9claration d\u2019Alma-Ata de 1991, reposent sur la reconnaissance mutuelle de la souverainet\u00e9, de l\u2019int\u00e9grit\u00e9 territoriale et de l\u2019inviolabilit\u00e9 des fronti\u00e8res de chacun.<\/p>\n<p>Une fois mises en \u0153uvre, les mesures convenues aujourd\u2019hui devraient avoir un impact positif sur le d\u00e9veloppement pacifique global de la r\u00e9gion et contribuer \u00e0 rapprocher les soci\u00e9t\u00e9s divis\u00e9es par l\u2019h\u00e9ritage du conflit d\u2019une paix durable et d\u2019une prosp\u00e9rit\u00e9 partag\u00e9e.<\/p>\n<p>L\u2019UE soutient pleinement le processus de normalisation des relations entre l\u2019Arm\u00e9nie et l\u2019Azerba\u00efdjan et \u0153uvre depuis de nombreuses ann\u00e9es avec les deux parties et ses partenaires internationaux pour cr\u00e9er les conditions d\u2019une paix durable. Nous restons pr\u00eats \u00e0 \u0153uvrer avec nos partenaires en vue d\u2019un r\u00e8glement complet, en apportant un soutien et une expertise suppl\u00e9mentaires, notamment pour la mise en \u0153uvre concr\u00e8te du \u00ab Prochaines \u00e9tapes \u00bb, indique le communiqu\u00e9 de l\u2019UE.<\/p>\n<p>Rappelons que vendredi 8 ao\u00fbt, une d\u00e9claration conjointe a \u00e9t\u00e9 sign\u00e9e par le Pr\u00e9sident de la R\u00e9publique d\u2019Azerba\u00efdjan, le Premier ministre de la R\u00e9publique d\u2019Arm\u00e9nie et le Pr\u00e9sident des \u00c9tats-Unis d\u2019Am\u00e9rique, Donald Trump, \u00e0 Washington, D.C., \u00e0 la Maison Blanche.<\/p>\n<p>\u00a0<\/p>\n<p>Krikor Amirzayan<\/p>\n","protected":false},"excerpt":{"rendered":"Les accords sign\u00e9s entre l\u2019Arm\u00e9nie et l\u2019Azerba\u00efdjan constituent une avanc\u00e9e significative vers la fin d\u2019un conflit de longue&hellip;\n","protected":false},"author":2,"featured_media":307545,"comment_status":"","ping_status":"","sticky":false,"template":"","format":"standard","meta":{"footnotes":""},"categories":[1586],"tags":[11,5950,15149,312,1777,674,1779,1011,27,12,25,1778,364],"class_list":{"0":"post-307544","1":"post","2":"type-post","3":"status-publish","4":"format-standard","5":"has-post-thumbnail","7":"category-europe","8":"tag-actualites","9":"tag-armenie","10":"tag-azerbaidjan","11":"tag-diplomatie","12":"tag-eu","13":"tag-europe","14":"tag-european-union","15":"tag-fr","16":"tag-france","17":"tag-news","18":"tag-republique-francaise","19":"tag-ue","20":"tag-union-europeenne"},"share_on_mastodon":{"url":"https:\/\/pubeurope.com\/@fr\/114999444435359522","error":""},"_links":{"self":[{"href":"https:\/\/www.europesays.com\/fr\/wp-json\/wp\/v2\/posts\/307544","targetHints":{"allow":["GET"]}}],"collection":[{"href":"https:\/\/www.europesays.com\/fr\/wp-json\/wp\/v2\/posts"}],"about":[{"href":"https:\/\/www.europesays.com\/fr\/wp-json\/wp\/v2\/types\/post"}],"author":[{"embeddable":true,"href":"https:\/\/www.europesays.com\/fr\/wp-json\/wp\/v2\/users\/2"}],"replies":[{"embeddable":true,"href":"https:\/\/www.europesays.com\/fr\/wp-json\/wp\/v2\/comments?post=307544"}],"version-history":[{"count":0,"href":"https:\/\/www.europesays.com\/fr\/wp-json\/wp\/v2\/posts\/307544\/revisions"}],"wp:featuredmedia":[{"embeddable":true,"href":"https:\/\/www.europesays.com\/fr\/wp-json\/wp\/v2\/media\/307545"}],"wp:attachment":[{"href":"https:\/\/www.europesays.com\/fr\/wp-json\/wp\/v2\/media?parent=307544"}],"wp:term":[{"taxonomy":"category","embeddable":true,"href":"https:\/\/www.europesays.com\/fr\/wp-json\/wp\/v2\/categories?post=307544"},{"taxonomy":"post_tag","embeddable":true,"href":"https:\/\/www.europesays.com\/fr\/wp-json\/wp\/v2\/tags?post=307544"}],"curies":[{"name":"wp","href":"https:\/\/api.w.org\/{rel}","templated":true}]}}