{"id":307551,"date":"2025-08-09T15:15:13","date_gmt":"2025-08-09T15:15:13","guid":{"rendered":"https:\/\/www.europesays.com\/fr\/307551\/"},"modified":"2025-08-09T15:15:13","modified_gmt":"2025-08-09T15:15:13","slug":"lucu-et-bielle-biarrey-devoilent-leurs-idoles-de-jeunesses-le-stade-toulousain-a-lhonneur","status":"publish","type":"post","link":"https:\/\/www.europesays.com\/fr\/307551\/","title":{"rendered":"Lucu et Bielle-Biarrey d\u00e9voilent leurs idoles de jeunesses, le Stade Toulousain \u00e0 l\u2019honneur"},"content":{"rendered":"<p>Depuis d\u00e9sormais plus de trois d\u00e9cennies, le Stade Toulousain domine le rugby fran\u00e7ais. Apr\u00e8s son renouveau dans les ann\u00e9es 80 sous la houlette de Pierre Villepreux, le club haut-garonnais a garni \u00e0 vitesse grand v son palmar\u00e8s. Quelques soit les g\u00e9n\u00e9rations, les Rouge et Noir empilent les troph\u00e9es, en t\u00e9moignent leur tripl\u00e9 en Top 14 ces trois derni\u00e8res ann\u00e9es.<\/p>\n<p>Alors forc\u00e9ment, bon nombre de stars du championnat fran\u00e7ais ont grandi en admirant des joueurs toulousains. S\u2019ils sont aujourd\u2019hui rivaux, Maxime Lucu et Louis Bielle-Biarrey n\u2019\u00e9chappent pas \u00e0 la r\u00e8gle. Sur son compte X, Canal + a demand\u00e9 aux deux cadres de l\u2019UBB de d\u00e9voiler leur idole de jeunesse.<\/p>\n<p>Lucu inspir\u00e9 par Jauzion, Bielle-Biarrey par M\u00e9dard<\/p>\n<p>Le Basque en a d\u00e9voil\u00e9 un grand nombre, et de diff\u00e9rents sports. S\u2019il ressort en premier lieu Roger Federer, le demi de m\u00eal\u00e9e a \u00e9t\u00e9 inspir\u00e9 par Didier Drogba, Zinedine Zidane ou Ronaldinho. Au niveau du rugby, Lucu a grandi en admirant Georges Gregan, Christian Cullen et un certain Yannick Jauzion, figure du Stade Toulousain avec lequel il a remport\u00e9 trois Brennus et trois Coupes d\u2019Europe.<\/p>\n<p>Son co\u00e9quipier Louis Bielle-Biarrey, plus jeune, a \u00e9galement mis en avant un grand nom du Stade Toulousain, en la personne de Maxime M\u00e9dard. Enfin, le meilleur marqueur de la derni\u00e8re saison avoue \u00e9galement son amour pour Rafael Nadal.<\/p>\n<blockquote class=\"twitter-tweet\">\n<p dir=\"ltr\" lang=\"fr\">Maxime Lucu et Louis Bielle-Biarrey \ud83c\udf47 <a href=\"https:\/\/t.co\/AAII1mIgUA\" rel=\"nofollow\">pic.twitter.com\/AAII1mIgUA<\/a><\/p>\n<p>\u2014 CANAL+ Rugby (@CanalplusRugby) <a href=\"https:\/\/twitter.com\/CanalplusRugby\/status\/1953137742608581005?ref_src=twsrc%5Etfw\" rel=\"nofollow noopener\" target=\"_blank\">August 6, 2025<\/a><\/p>\n<\/blockquote>\n<p>Partagez cette info avec vos amis et vos proches en cliquant ici<br \/>Pour r\u00e9sumer<\/p>\n<p>Maxime Lucu et Louis Bielle-Biarrey ont d\u00e9voil\u00e9 leurs idoles de jeunesses. Les deux cadres de l\u2019Union Bordeaux-B\u00e8gles ont notamment mis en avant des l\u00e9gendes du Stade Toulousain. Le Basque \u00e9tait fan de Jauzion, l&rsquo;ailier de M\u00e9dard.<\/p>\n<p> <img decoding=\"async\" width=\"76\" height=\"76\" loading=\"lazy\" src=\"https:\/\/www.europesays.com\/fr\/wp-content\/uploads\/2025\/04\/avatar-quinze.png\" alt=\"Arnaud D\u00e9chelotte\"\/><script async src=\"https:\/\/platform.twitter.com\/widgets.js\" charset=\"utf-8\"><\/script><\/p>\n","protected":false},"excerpt":{"rendered":"Depuis d\u00e9sormais plus de trois d\u00e9cennies, le Stade Toulousain domine le rugby fran\u00e7ais. Apr\u00e8s son renouveau dans les&hellip;\n","protected":false},"author":2,"featured_media":307552,"comment_status":"","ping_status":"","sticky":false,"template":"","format":"standard","meta":{"footnotes":""},"categories":[1416],"tags":[1011,27,479,1468,60],"class_list":{"0":"post-307551","1":"post","2":"type-post","3":"status-publish","4":"format-standard","5":"has-post-thumbnail","7":"category-rugby","8":"tag-fr","9":"tag-france","10":"tag-rugby","11":"tag-rugby-football","12":"tag-sports"},"share_on_mastodon":{"url":"https:\/\/pubeurope.com\/@fr\/114999468101081671","error":""},"_links":{"self":[{"href":"https:\/\/www.europesays.com\/fr\/wp-json\/wp\/v2\/posts\/307551","targetHints":{"allow":["GET"]}}],"collection":[{"href":"https:\/\/www.europesays.com\/fr\/wp-json\/wp\/v2\/posts"}],"about":[{"href":"https:\/\/www.europesays.com\/fr\/wp-json\/wp\/v2\/types\/post"}],"author":[{"embeddable":true,"href":"https:\/\/www.europesays.com\/fr\/wp-json\/wp\/v2\/users\/2"}],"replies":[{"embeddable":true,"href":"https:\/\/www.europesays.com\/fr\/wp-json\/wp\/v2\/comments?post=307551"}],"version-history":[{"count":0,"href":"https:\/\/www.europesays.com\/fr\/wp-json\/wp\/v2\/posts\/307551\/revisions"}],"wp:featuredmedia":[{"embeddable":true,"href":"https:\/\/www.europesays.com\/fr\/wp-json\/wp\/v2\/media\/307552"}],"wp:attachment":[{"href":"https:\/\/www.europesays.com\/fr\/wp-json\/wp\/v2\/media?parent=307551"}],"wp:term":[{"taxonomy":"category","embeddable":true,"href":"https:\/\/www.europesays.com\/fr\/wp-json\/wp\/v2\/categories?post=307551"},{"taxonomy":"post_tag","embeddable":true,"href":"https:\/\/www.europesays.com\/fr\/wp-json\/wp\/v2\/tags?post=307551"}],"curies":[{"name":"wp","href":"https:\/\/api.w.org\/{rel}","templated":true}]}}