{"id":307557,"date":"2025-08-09T15:19:12","date_gmt":"2025-08-09T15:19:12","guid":{"rendered":"https:\/\/www.europesays.com\/fr\/307557\/"},"modified":"2025-08-09T15:19:12","modified_gmt":"2025-08-09T15:19:12","slug":"une-moto-rare-appartenant-a-michael-schumacher-vendue-a-un-prix-fou","status":"publish","type":"post","link":"https:\/\/www.europesays.com\/fr\/307557\/","title":{"rendered":"Une moto rare appartenant \u00e0 Michael Schumacher vendue \u00e0 un prix fou"},"content":{"rendered":"<p>Publi\u00e99. ao\u00fbt 2025, 16:53<\/p>\n<p>Formule 1: Une moto rare appartenant \u00e0 Schumacher vendue \u00e0 un prix fou<\/p>\n<p>Une moto de course appartenant \u00e0 la l\u00e9gende allemande a r\u00e9cemment \u00e9t\u00e9 vendue aux ench\u00e8res. L&rsquo;acheteur a align\u00e9 les billets pour acqu\u00e9rir cette pi\u00e8ce de collection.<\/p>\n<p><a href=\"https:\/\/www.20min.ch\/fr\/auteurs\/30022365\/chris-geiger\" class=\"sc-b1f21c84-2 egfiIF\" rel=\"nofollow noopener\" target=\"_blank\"><img decoding=\"async\" alt=\"Chris Geiger\" src=\"https:\/\/www.europesays.com\/fr\/wp-content\/uploads\/2025\/08\/be1ef8d9-9ae4-4133-9b13-417cdfedc485.jpeg\" class=\"sc-b1f21c84-1 iTOvpR\"\/><\/a><img loading=\"lazy\" decoding=\"async\" src=\"https:\/\/www.europesays.com\/fr\/wp-content\/uploads\/2025\/08\/ce4d6bb2-f3b8-4f0a-b898-7190af1ae657.avif\" alt=\"Michael Schumacher avait particip\u00e9 au championnat allemand de moto en 2008.\" title=\"Michael Schumacher avait particip\u00e9 au championnat allemand de moto en 2008.\"  width=\"1200\" height=\"800\"\/><\/p>\n<p>Michael Schumacher avait particip\u00e9 au championnat allemand de moto en 2008.<\/p>\n<p>imago\/Andreas Beil<\/p>\n<p>Michael Schumacher est et reste l&rsquo;une des plus grandes l\u00e9gendes de la Formule 1. Mais ce que beaucoup ont sans doute oubli\u00e9, c&rsquo;est que l&rsquo;ancien pilote Ferrari a \u00e9galement particip\u00e9 \u00e0 des courses de moto. Apr\u00e8s son passage au sein de la Scuderia, l&rsquo;Allemand a ainsi pris part \u00e0 quelques \u00e9preuves semi-professionnelles.<\/p>\n<p>Il a notamment pilot\u00e9 une Honda CBR1000RR Fireblade SC59. Cette derni\u00e8re, qui date de 2010, a r\u00e9cemment \u00e9t\u00e9 mise aux ench\u00e8res par la maison RM Sotheby&rsquo;s. Selon l&rsquo;annonce de vente, il s&rsquo;agit d&rsquo;un mod\u00e8le con\u00e7u par l&rsquo;\u00e9quipe Holzhauer Racing Performance. La moto avait \u00e9t\u00e9 transform\u00e9e \u00e0 l&rsquo;\u00e9poque pour \u00eatre utilis\u00e9e sur circuit afin d&rsquo;\u00eatre \u00ab\u00e0 la disposition de Michael Schumacher pendant les journ\u00e9es d&rsquo;essai\u00bb.<\/p>\n<p>Plus de 60&rsquo;000 francs<\/p>\n<p>Il s&rsquo;agit d&rsquo;une moto \u00abunique, transform\u00e9e de mani\u00e8re exceptionnelle\u00bb, qui a atteint un prix \u00e9tonnamment \u00e9lev\u00e9 pour une vente aux ench\u00e8res en ligne. En effet, un acheteur a d\u00e9bours\u00e9 la coquette somme de 64&rsquo;800 euros (environ 61&rsquo;000 francs suisses), alors que le prix d&rsquo;achat initial n&rsquo;\u00e9tait \u00abque\u00bb de 45&rsquo;000 euros (42&rsquo;000 francs suisses).<\/p>\n<p>La moto porte toujours le num\u00e9ro 77, celui avec lequel \u00abSchumi\u00bb avait notamment particip\u00e9 au championnat allemand de moto (IDM). \u00c0 l&rsquo;origine, il avait pr\u00e9vu de courir sous le pseudonyme de \u00abMarcel Niederhausen\u00bb, mais cette requ\u00eate n&rsquo;avait finalement pas \u00e9t\u00e9 autoris\u00e9e.<\/p>\n<p>Au cours de la saison 2008 d&rsquo;IDM, le \u00abBaron rouge\u00bb avait disput\u00e9 neuf des seize courses au programme en tant que pilote invit\u00e9 pour l&rsquo;\u00e9quipe Holzhauer Racing Promotion.<\/p>\n<p><img loading=\"lazy\" decoding=\"async\" src=\"https:\/\/www.europesays.com\/fr\/wp-content\/uploads\/2025\/08\/abe528d5-2207-4451-8f92-3cf26d6744c4.avif\" alt=\"La l\u00e9gende allemande de la Formule 1 avait lourdement chut\u00e9 au guidon de sa moto en 2009.\" title=\"La l\u00e9gende allemande de la Formule 1 avait lourdement chut\u00e9 au guidon de sa moto en 2009.\"  width=\"1200\" height=\"800\"\/><\/p>\n<p>La l\u00e9gende allemande de la Formule 1 avait lourdement chut\u00e9 au guidon de sa moto en 2009.<\/p>\n<p>imago\/Andreas Beil<\/p>\n<p>Selon l&rsquo;annonce, la moto en question est bas\u00e9e sur le mod\u00e8le de l&rsquo;ann\u00e9e 2010, c&rsquo;est-\u00e0-dire \u00e0 l&rsquo;\u00e9poque o\u00f9 Michael Schumacher courait d\u00e9j\u00e0 pour Mercedes en Formule 1. Le septuple champion du monde &#8211; un record cod\u00e9tenu avec le Britannique Lewis Hamilton &#8211; avait toutefois repris le guidon en ao\u00fbt 2010 lors d&rsquo;essais libres sur le circuit de Hockenheim.<\/p>\n<p>Un \u00e9cart risqu\u00e9, car Michael Schumacher avait d\u00e9j\u00e0 \u00e9t\u00e9 gri\u00e8vement bless\u00e9 dans un accident de moto en f\u00e9vrier 2009. Cet accident et\u00a0les blessures au cou qu&rsquo;il avait subies l&rsquo;avaient alors emp\u00each\u00e9 de faire un retour rapide en Formule 1 en remplacement du Br\u00e9silien Felipe Massa.<\/p>\n<p>Casque et gants d\u00e9dicac\u00e9s<\/p>\n<p>S&rsquo;il est peu probable que la moto mise aux ench\u00e8res soit le mod\u00e8le avec lequel le \u00abKaiser\u00bb avait chut\u00e9, une fiche technique compl\u00e8te avec toutes les sp\u00e9cifications techniques confirme cependant son utilisation par la l\u00e9gende de la Formule 1.<\/p>\n<p>Comme la machine n&rsquo;a pas \u00e9t\u00e9 d\u00e9marr\u00e9e depuis un certain temps, \u00abune maintenance compl\u00e8te et un contr\u00f4le technique sont n\u00e9cessaires avant une nouvelle utilisation sur circuit\u00bb, indique encore la description. Au moment de l&rsquo;enregistrement dans le catalogue, le compteur kilom\u00e9trique affichait 3752 kilom\u00e8tres.<\/p>\n<p>Outre la moto, le lot comprenait \u00e9galement un casque Schuberth d\u00e9dicac\u00e9 par Michael Schumacher ainsi qu&rsquo;une paire de gants de moto, \u00e9galement sign\u00e9s. L&rsquo;identit\u00e9 de l&rsquo;heureux nouveau propri\u00e9taire de cette pi\u00e8ce de collection n&rsquo;est pour l&rsquo;heure pas encore connue.<\/p>\n","protected":false},"excerpt":{"rendered":"Publi\u00e99. ao\u00fbt 2025, 16:53 Formule 1: Une moto rare appartenant \u00e0 Schumacher vendue \u00e0 un prix fou Une&hellip;\n","protected":false},"author":2,"featured_media":307558,"comment_status":"","ping_status":"","sticky":false,"template":"","format":"standard","meta":{"footnotes":""},"categories":[1412],"tags":[1451,1452,1453,1454,1455,1011,27,60],"class_list":{"0":"post-307557","1":"post","2":"type-post","3":"status-publish","4":"format-standard","5":"has-post-thumbnail","7":"category-f1","8":"tag-f1","9":"tag-formula-1","10":"tag-formula1","11":"tag-formule-1","12":"tag-formule1","13":"tag-fr","14":"tag-france","15":"tag-sports"},"share_on_mastodon":{"url":"https:\/\/pubeurope.com\/@fr\/114999483712830702","error":""},"_links":{"self":[{"href":"https:\/\/www.europesays.com\/fr\/wp-json\/wp\/v2\/posts\/307557","targetHints":{"allow":["GET"]}}],"collection":[{"href":"https:\/\/www.europesays.com\/fr\/wp-json\/wp\/v2\/posts"}],"about":[{"href":"https:\/\/www.europesays.com\/fr\/wp-json\/wp\/v2\/types\/post"}],"author":[{"embeddable":true,"href":"https:\/\/www.europesays.com\/fr\/wp-json\/wp\/v2\/users\/2"}],"replies":[{"embeddable":true,"href":"https:\/\/www.europesays.com\/fr\/wp-json\/wp\/v2\/comments?post=307557"}],"version-history":[{"count":0,"href":"https:\/\/www.europesays.com\/fr\/wp-json\/wp\/v2\/posts\/307557\/revisions"}],"wp:featuredmedia":[{"embeddable":true,"href":"https:\/\/www.europesays.com\/fr\/wp-json\/wp\/v2\/media\/307558"}],"wp:attachment":[{"href":"https:\/\/www.europesays.com\/fr\/wp-json\/wp\/v2\/media?parent=307557"}],"wp:term":[{"taxonomy":"category","embeddable":true,"href":"https:\/\/www.europesays.com\/fr\/wp-json\/wp\/v2\/categories?post=307557"},{"taxonomy":"post_tag","embeddable":true,"href":"https:\/\/www.europesays.com\/fr\/wp-json\/wp\/v2\/tags?post=307557"}],"curies":[{"name":"wp","href":"https:\/\/api.w.org\/{rel}","templated":true}]}}