{"id":307559,"date":"2025-08-09T15:20:10","date_gmt":"2025-08-09T15:20:10","guid":{"rendered":"https:\/\/www.europesays.com\/fr\/307559\/"},"modified":"2025-08-09T15:20:10","modified_gmt":"2025-08-09T15:20:10","slug":"cyclisme-tour-de-burgos-ciccone-la-5e-etape-del-toro-le-general-bisiaux-a-craque","status":"publish","type":"post","link":"https:\/\/www.europesays.com\/fr\/307559\/","title":{"rendered":"Cyclisme. Tour de Burgos &#8211; Ciccone la 5e \u00e9tape, Del Toro le g\u00e9n\u00e9ral, Bisiaux a craqu\u00e9 !"},"content":{"rendered":"<p>Ce samedi 9 ao\u00fbt, c&rsquo;\u00e9tait le grand final de cette 47e \u00e9dition du <strong><a href=\"https:\/\/www.cyclismactu.net\/..\/news-tour-de-burgos-route-damiano-caruso-4e-etape-leo-bisiaux-solide-leader-89513.html\" target=\"_blank\" rel=\"nofollow noopener\">Tour de Burgos<\/a><\/strong>, avec l&rsquo;arriv\u00e9e jug\u00e9e au sommet des Lagunas de Neila (6,4 km \u00e0 9,1 %). Apr\u00e8s la prise de pouvoir de <strong>L\u00e9o Bisiaux<\/strong> (Decathlon AG2R La Mondiale) lors de la 3e \u00e9tape, et au lendemain de la victoire en \u00e9chapp\u00e9e du v\u00e9t\u00e9ran italien <strong><a href=\"https:\/\/www.cyclismactu.net\/..\/news-tour-de-burgos-route-damiano-caruso-donner-un-sens-tous-mes-sacrifices-89519.html\" target=\"_blank\" rel=\"nofollow noopener\">Damiano Caruso<\/a><\/strong> (Team Bahrain Victorious), ce sont les favoris qui se sont disput\u00e9 la victoire. Au sommet de cette mythique ascension, C\u2019est <strong>Giulio Ciccone<\/strong> (Lidl-Trek) qui s\u2019est montr\u00e9 le plus fort, s\u2019imposant devant <strong>Isaac Del Toro<\/strong> (UAE Team Emirates-XRG), lequel remporte par la m\u00eame occasion le classement g\u00e9n\u00e9ral. <strong>Lorenzo Fortunato<\/strong> (XDS\u2013Astana Team) compl\u00e8te le podium. Le Fran\u00e7ais <strong>L\u00e9o Bisiaux<\/strong> a craqu\u00e9 et termine 11e de cette \u00e9tape, \u00e0 51 secondes du vainqueur du jour.<\/p>\n<p>Vid\u00e9o &#8211; Hier, c&rsquo;est Damiano Caruso qui s&rsquo;est impos\u00e9 Lire la suite de l&rsquo;article&#13;<\/p>\n<p>\u00a0<\/p>\n<p>&#13;<br \/>\nLe r\u00e9sum\u00e9 de cette derni\u00e8re \u00e9tape\u00a0&#13;<\/p>\n<p>Six coureurs s\u2019\u00e9lancent en t\u00eate et ouvrent la route : <strong>Nico Denz<\/strong> (Red Bull BORA-Hansgrohe), <strong>Mathijs Paasschens<\/strong> (Team Bahrain Victorious), <strong>Carlos Garc\u00eda Pierna<\/strong> (Burgos-BH), <strong>Matteo Moschetti<\/strong> (Q36.5 Pro Cycling Team), <strong>Txomin Juaristi<\/strong> (Euskaltel-Euskadi) et <strong>Samuele Zoccarato<\/strong> (Team Polti Kometa). Dans l\u2019ascension de l\u2019Alto de Arroyo, le sprinteur italien de la formation Q36.5, <strong>Matteo Moschetti<\/strong>, se rel\u00e8ve et est rapidement repris par le peloton, men\u00e9 par trois formations : <strong>Lidl-Trek<\/strong> (pour Giulio Ciccone), <strong>UAE Team Emirates-XRG<\/strong> (pour Isaac Del Toro) et <strong>Decathlon AG2R La Mondiale<\/strong>, l\u2019\u00e9quipe du leader <strong>L\u00e9o Bisiaux<\/strong>.<\/p>\n<p>&#13;<\/p>\n<p>Quelques kilom\u00e8tres avant l\u2019ascension de l\u2019Alto de Rozavientos (3,3 km \u00e0 9,7 %), l\u2019\u00e9chapp\u00e9e commence \u00e0 se d\u00e9sagr\u00e9ger. Mais c\u2019est bien <strong>Carlos Garc\u00eda Pierna<\/strong>, le meilleur grimpeur de ce Tour de Burgos, qui passe en t\u00eate au sommet et empoche les points. Dans le peloton, <strong>Jai Hindley<\/strong> (Red Bull BORA-Hansgrohe) tente une attaque, mais il est rapidement ramen\u00e9 \u00e0 la raison.<br \/>Dans la descente de cet avant-dernier col, le Mexicain <strong>Isaac Del Toro<\/strong> est victime d\u2019une crevaison, mais il parvient \u00e0 r\u00e9int\u00e9grer rapidement le peloton. Pendant ce temps, <strong>Alfonso Eulalio<\/strong> (Team Bahrain Victorious) s\u2019extirpe du groupe principal et prend quelques secondes d\u2019avance, abordant seul en t\u00eate l\u2019ascension finale.<\/p>\n<p>&#13;<\/p>\n<p>Au pied de la <strong>Lagunas de Neila<\/strong>, <strong>Julien Bernard<\/strong>\u00a0(Lidl-Trek) impose le rythme pour son leader <strong>Giulio Ciccone<\/strong>. On s\u2019attend alors \u00e0 une attaque de l\u2019Italien, mais c\u2019est finalement <strong>Isaac Del Toro<\/strong> qui d\u00e9clenche la premi\u00e8re offensive, imm\u00e9diatement suivi par le coureur de <strong>Lidl-Trek<\/strong>. Derri\u00e8re, <strong>L\u00e9o Bisiaux<\/strong> ne r\u00e9agit pas, tandis que <strong>Giulio Pellizzari<\/strong> (Red Bull BORA-Hansgrohe) et <strong>Mikel Landa<\/strong> (Soudal Quick-Step) craquent. Le jeune Mexicain donne tout pour creuser l\u2019\u00e9cart sur le leader du classement g\u00e9n\u00e9ral, le Fran\u00e7ais <strong>L\u00e9o Bisiaux<\/strong>. \u00c0 la flamme rouge, <strong>Giulio Ciccone<\/strong> place son attaque d\u00e9cisive. <strong>Del Toro<\/strong> ne peut pas suivre, et l\u2019Italien s\u2019envole vers la victoire, son troisi\u00e8me succ\u00e8s cette saison. Il devance <strong>Isaac Del Toro<\/strong> et <strong>Lorenzo Fortunato<\/strong>. Derri\u00e8re, <strong>L\u00e9o Bisiaux<\/strong> termine 11e, \u00e0 plus de 51 secondes du vainqueur du jour. Par cons\u00e9quent, <strong>Isaac Del Toro<\/strong>, le jeune Mexicain de la formation <strong>UAE Emirates-XRG<\/strong>, remporte le classement g\u00e9n\u00e9ral, d\u00e9crochant ainsi son neuvi\u00e8me bouquet cette saison.<\/p>\n<p>Tour de Burgos &#8211; Classement de la 5\u00e8 \u00e9tape Tour de Burgos &#8211; Classement g\u00e9n\u00e9ral<\/p>\n","protected":false},"excerpt":{"rendered":"Ce samedi 9 ao\u00fbt, c&rsquo;\u00e9tait le grand final de cette 47e \u00e9dition du Tour de Burgos, avec l&rsquo;arriv\u00e9e&hellip;\n","protected":false},"author":2,"featured_media":307560,"comment_status":"","ping_status":"","sticky":false,"template":"","format":"standard","meta":{"footnotes":""},"categories":[1411],"tags":[1154,207,211,1011,27,209,60,43562,210,212,208,213],"class_list":{"0":"post-307559","1":"post","2":"type-post","3":"status-publish","4":"format-standard","5":"has-post-thumbnail","7":"category-cyclisme","8":"tag-cycling","9":"tag-cyclisme","10":"tag-ffc","11":"tag-fr","12":"tag-france","13":"tag-route","14":"tag-sports","15":"tag-tour-de-burgos","16":"tag-tour-de-france","17":"tag-uci","18":"tag-velo","19":"tag-world-tour"},"share_on_mastodon":{"url":"https:\/\/pubeurope.com\/@fr\/114999487565780191","error":""},"_links":{"self":[{"href":"https:\/\/www.europesays.com\/fr\/wp-json\/wp\/v2\/posts\/307559","targetHints":{"allow":["GET"]}}],"collection":[{"href":"https:\/\/www.europesays.com\/fr\/wp-json\/wp\/v2\/posts"}],"about":[{"href":"https:\/\/www.europesays.com\/fr\/wp-json\/wp\/v2\/types\/post"}],"author":[{"embeddable":true,"href":"https:\/\/www.europesays.com\/fr\/wp-json\/wp\/v2\/users\/2"}],"replies":[{"embeddable":true,"href":"https:\/\/www.europesays.com\/fr\/wp-json\/wp\/v2\/comments?post=307559"}],"version-history":[{"count":0,"href":"https:\/\/www.europesays.com\/fr\/wp-json\/wp\/v2\/posts\/307559\/revisions"}],"wp:featuredmedia":[{"embeddable":true,"href":"https:\/\/www.europesays.com\/fr\/wp-json\/wp\/v2\/media\/307560"}],"wp:attachment":[{"href":"https:\/\/www.europesays.com\/fr\/wp-json\/wp\/v2\/media?parent=307559"}],"wp:term":[{"taxonomy":"category","embeddable":true,"href":"https:\/\/www.europesays.com\/fr\/wp-json\/wp\/v2\/categories?post=307559"},{"taxonomy":"post_tag","embeddable":true,"href":"https:\/\/www.europesays.com\/fr\/wp-json\/wp\/v2\/tags?post=307559"}],"curies":[{"name":"wp","href":"https:\/\/api.w.org\/{rel}","templated":true}]}}