{"id":307561,"date":"2025-08-09T15:21:09","date_gmt":"2025-08-09T15:21:09","guid":{"rendered":"https:\/\/www.europesays.com\/fr\/307561\/"},"modified":"2025-08-09T15:21:09","modified_gmt":"2025-08-09T15:21:09","slug":"ol-lyonnes-servette-une-manita-pour-lancer-cette-saison","status":"publish","type":"post","link":"https:\/\/www.europesays.com\/fr\/307561\/","title":{"rendered":"OL Lyonnes &#8211; Servette : une manita pour lancer cette saison"},"content":{"rendered":"<p>                            <img width=\"770\" height=\"433\" src=\"https:\/\/www.europesays.com\/fr\/wp-content\/uploads\/2025\/08\/IMG_3554-770x433.jpg\" class=\"attachment-article size-article wp-post-image\" alt=\"Les joueuses de l'OL Lyonnes f\u00e9licitent Liana Joseph buteuse contre le Servette\" decoding=\"async\" fetchpriority=\"high\"  \/><\/p>\n<p>Les joueuses de l\u2019OL Lyonnes f\u00e9licitent Liana Joseph buteuse contre le Servette (cr\u00e9dit : David Hernandez)<\/p>\n<p>Ce samedi, l&rsquo;OL Lyonnes jouait son premier match amical de l&rsquo;\u00e9t\u00e9 face au Servette FC. Dans une large revue d&rsquo;effectif, les joueuses de Jonatan Giraldez ont fait respecter la hi\u00e9rarchie (5-0).<\/p>\n<p>Premi\u00e8re gagnante pour Jonatan Giraldez. Trois semaines apr\u00e8s la reprise de l&rsquo;entra\u00eenement et un travail intense, l&rsquo;entra\u00eeneur espagnol a pu avoir un premier aper\u00e7u des principes souhait\u00e9s et s&rsquo;ils avaient \u00e9t\u00e9 bien int\u00e9gr\u00e9s. Il faudra bien \u00e9videmment plus que trois semaines pour se faire une \u00e9quipe et surtout avoir un effectif au complet. Ce n&rsquo;\u00e9tait pas le cas ce samedi apr\u00e8s-midi face au Servette FC mais cela n&rsquo;a pas emp\u00each\u00e9 l&rsquo;OL Lyonnes de s&rsquo;imposer facilement (5-0). D&rsquo;ailleurs, le onze align\u00e9 au coup d&rsquo;envoi par Giraldez avait plut\u00f4t fi\u00e8re allure. Il n&rsquo;avait rien \u00e0 envier \u00e0 un potentiel onze titulaire si l&rsquo;on fait fie des titularisations des jeunes <strong>Olivier<\/strong>, <strong>Sangar\u00e9<\/strong>, <strong>Joseph<\/strong> et <strong>Bekhaled<\/strong>.<\/p>\n<p>Des connexions qui se cherchent<\/p>\n<p>Mais avec <strong>Renard<\/strong>, <strong>Dumornay<\/strong>, <strong>Svava<\/strong> ou encore les recrues que sont <strong>Albert<\/strong> et <strong><a href=\"https:\/\/www.olympique-et-lyonnais.com\/lily-yohannes-ol-lyonnes-un-reve-devenu-realite,374667.html\" target=\"_blank\" rel=\"noopener\">Yohannes<\/a><\/strong>, l&rsquo;OL Lyonnes avait des arguments \u00e0 faire valoir. Cela reste certes un premier match de pr\u00e9paration et donc une remise en route, mais dans le 4-2-3-1 mis en place, certaines connexions ont d\u00e9j\u00e0 saut\u00e9 aux yeux, notamment entre la jeune internationale am\u00e9ricaine et <strong>Dumornay<\/strong>. Cette saison, la concurrence au milieu de terrain risque d&rsquo;\u00eatre f\u00e9roce puisque <strong>Heaps<\/strong> \u00e9tait sur le banc et <strong>Damaris<\/strong> et <strong>Engen<\/strong> tout juste en reprise. Maitrisant les d\u00e9bats face aux voisins suisses, les Fenottes ont ouvert la marque \u00e0 la 26e sur un magnifique coup de casque de Joseph (1-0). Dix minutes plus tard, Dumornay perdait son face-\u00e0-face (35e) mais se retrouvait finalement buteuse trois minutes apr\u00e8s, suite \u00e0 une belle s\u00e9quence devant la surface (2-0, 38e).<\/p>\n<p>Un deuxi\u00e8me onze tr\u00e8s inexp\u00e9riment\u00e9<\/p>\n<p>Dans un souci de donner du temps de jeu \u00e0 tout le monde, <strong>Giraldez<\/strong> a chang\u00e9 tout son onze \u00e0 la pause. Il y avait alors bien moins d&rsquo;exp\u00e9rience avec les seuls <strong>Heaps<\/strong>, <strong><a href=\"https:\/\/www.olympique-et-lyonnais.com\/ashley-lawrence-le-projet-ol-lyonnes-fait-rever,368688.html\" target=\"_blank\" rel=\"noopener\">Lawrence<\/a><\/strong> et <strong>Chawinga<\/strong> comme titulaires en puissance. Cela s&rsquo;est ressenti sur la production avec un manque de rep\u00e8res et d&rsquo;automatismes, mais une maitrise du ballon malgr\u00e9 tout. Cela a \u00e9t\u00e9 l&rsquo;occasion d&rsquo;observer la tr\u00e8s jeune Kolbjornsen, arriv\u00e9e durant l&rsquo;\u00e9t\u00e9 et \u00e2g\u00e9e de seulement 16 ans.<\/p>\n<p>Dans le jeu, l&rsquo;OL Lyonnes a profit\u00e9 d&rsquo;une erreur de relance de la gardienne du Servette pour corser l&rsquo;addition. A l&rsquo;heure de jeu, <strong>Benyahia<\/strong> a pris cette offrande avec plaisir pour marquer dans le but vide (3-0, 59e) avant que Chawinga ne d\u00e9pose son adversaire direct pour le 4-0 \u00e0 la 80e puis s&rsquo;offre un doubl\u00e9 (89e). Pas grand chose \u00e0 tirer de ce second acte si ce n&rsquo;est du temps de jeu donn\u00e9 \u00e0 des jeunes et donc de l&rsquo;exp\u00e9rience. Prochain rendez-vous samedi prochain contre Nuremberg, toujours au GOLTC et toujours \u00e0 huis-clos.<\/p>\n","protected":false},"excerpt":{"rendered":"Les joueuses de l\u2019OL Lyonnes f\u00e9licitent Liana Joseph buteuse contre le Servette (cr\u00e9dit : David Hernandez) Ce samedi,&hellip;\n","protected":false},"author":2,"featured_media":307562,"comment_status":"","ping_status":"","sticky":false,"template":"","format":"standard","meta":{"footnotes":""},"categories":[1410],"tags":[63,1011,27,241,242,60],"class_list":{"0":"post-307561","1":"post","2":"type-post","3":"status-publish","4":"format-standard","5":"has-post-thumbnail","7":"category-football","8":"tag-football","9":"tag-fr","10":"tag-france","11":"tag-ol","12":"tag-ol-feminin","13":"tag-sports"},"share_on_mastodon":{"url":"https:\/\/pubeurope.com\/@fr\/114999491656477545","error":""},"_links":{"self":[{"href":"https:\/\/www.europesays.com\/fr\/wp-json\/wp\/v2\/posts\/307561","targetHints":{"allow":["GET"]}}],"collection":[{"href":"https:\/\/www.europesays.com\/fr\/wp-json\/wp\/v2\/posts"}],"about":[{"href":"https:\/\/www.europesays.com\/fr\/wp-json\/wp\/v2\/types\/post"}],"author":[{"embeddable":true,"href":"https:\/\/www.europesays.com\/fr\/wp-json\/wp\/v2\/users\/2"}],"replies":[{"embeddable":true,"href":"https:\/\/www.europesays.com\/fr\/wp-json\/wp\/v2\/comments?post=307561"}],"version-history":[{"count":0,"href":"https:\/\/www.europesays.com\/fr\/wp-json\/wp\/v2\/posts\/307561\/revisions"}],"wp:featuredmedia":[{"embeddable":true,"href":"https:\/\/www.europesays.com\/fr\/wp-json\/wp\/v2\/media\/307562"}],"wp:attachment":[{"href":"https:\/\/www.europesays.com\/fr\/wp-json\/wp\/v2\/media?parent=307561"}],"wp:term":[{"taxonomy":"category","embeddable":true,"href":"https:\/\/www.europesays.com\/fr\/wp-json\/wp\/v2\/categories?post=307561"},{"taxonomy":"post_tag","embeddable":true,"href":"https:\/\/www.europesays.com\/fr\/wp-json\/wp\/v2\/tags?post=307561"}],"curies":[{"name":"wp","href":"https:\/\/api.w.org\/{rel}","templated":true}]}}