{"id":307565,"date":"2025-08-09T15:23:12","date_gmt":"2025-08-09T15:23:12","guid":{"rendered":"https:\/\/www.europesays.com\/fr\/307565\/"},"modified":"2025-08-09T15:23:12","modified_gmt":"2025-08-09T15:23:12","slug":"ganac-le-monde-feerique-ladepeche-fr","status":"publish","type":"post","link":"https:\/\/www.europesays.com\/fr\/307565\/","title":{"rendered":"Ganac. Le monde f\u00e9\u00e9rique &#8211; ladepeche.fr"},"content":{"rendered":"<p>Les festivit\u00e9s du village de Ganac ont d\u00e9but\u00e9 par une animation culturelle : le vernissage de l\u2019atelier de peinture C\u00e9ladon. Une salle du conseil municipal copieusement garnie des membres de l\u2019atelier, d\u2019\u00e9lus du voisinage, de responsables d\u2019associations locales, d\u2019ateliers de peintres du voisinage (B\u00e9nac, Saint-Pierre). Il appartenait \u00e0 Mme C\u00e9cile Caralp, pr\u00e9sidente de la section GDSL, d\u2019accueillir les nombreux invit\u00e9s, de pr\u00e9senter les activit\u00e9s de l\u2019association qui animent le village, ainsi que le retour de la section informatique. Carole Loiller et Mireille Pellet Rostang, animatrices de la section peinture compos\u00e9e de neuf membres, ont pr\u00e9sent\u00e9 le th\u00e8me principal, Le Monde f\u00e9erique, de cette exposition (pas moins de 70 tableaux d\u2019aquarelles, gouaches et encres, acryliques, dessins aux th\u00e8mes vari\u00e9s dont l\u2019incontournable ch\u00e2teau de Foix, l\u2019arbre des f\u00e9es, la licorne, Collioure et sa barque symbolique\u2026). De son c\u00f4t\u00e9, le maire Pierre Ville rappelait la premi\u00e8re exposition de l\u2019atelier lors des f\u00eates de juillet 2012, dont l\u2019invit\u00e9 d\u2019honneur \u00e9tait G\u00e9rard Bancal, et l\u2019\u00e9volution jusqu\u2019\u00e0 nos jours : Rython Cazenave, Annie Caralp (instigatrice de l\u2019atelier), trop t\u00f4t disparus, mais qui avaient donn\u00e9 une impulsion \u00e0 cette activit\u00e9, sans oublier les conseils avis\u00e9s de Z\u00e9z\u00e9 Fernandez. Dans l\u2019assistance, des commentaires : \u00ab\u00a0On n\u2019est pas de vrais artistes, on est des amateurs !\u00a0\u00bb \u00ab\u00a0Des amateurs, oui, mais\u2026 de talent !\u00a0\u00bb<\/p>\n","protected":false},"excerpt":{"rendered":"Les festivit\u00e9s du village de Ganac ont d\u00e9but\u00e9 par une animation culturelle : le vernissage de l\u2019atelier de&hellip;\n","protected":false},"author":2,"featured_media":307566,"comment_status":"","ping_status":"","sticky":false,"template":"","format":"standard","meta":{"footnotes":""},"categories":[1358],"tags":[1348,1384,1385,1386,58,59,1011,27],"class_list":{"0":"post-307565","1":"post","2":"type-post","3":"status-publish","4":"format-standard","5":"has-post-thumbnail","7":"category-arts-et-design","8":"tag-arts","9":"tag-arts-and-design","10":"tag-arts-et-design","11":"tag-design","12":"tag-divertissement","13":"tag-entertainment","14":"tag-fr","15":"tag-france"},"share_on_mastodon":{"url":"https:\/\/pubeurope.com\/@fr\/114999499485286672","error":""},"_links":{"self":[{"href":"https:\/\/www.europesays.com\/fr\/wp-json\/wp\/v2\/posts\/307565","targetHints":{"allow":["GET"]}}],"collection":[{"href":"https:\/\/www.europesays.com\/fr\/wp-json\/wp\/v2\/posts"}],"about":[{"href":"https:\/\/www.europesays.com\/fr\/wp-json\/wp\/v2\/types\/post"}],"author":[{"embeddable":true,"href":"https:\/\/www.europesays.com\/fr\/wp-json\/wp\/v2\/users\/2"}],"replies":[{"embeddable":true,"href":"https:\/\/www.europesays.com\/fr\/wp-json\/wp\/v2\/comments?post=307565"}],"version-history":[{"count":0,"href":"https:\/\/www.europesays.com\/fr\/wp-json\/wp\/v2\/posts\/307565\/revisions"}],"wp:featuredmedia":[{"embeddable":true,"href":"https:\/\/www.europesays.com\/fr\/wp-json\/wp\/v2\/media\/307566"}],"wp:attachment":[{"href":"https:\/\/www.europesays.com\/fr\/wp-json\/wp\/v2\/media?parent=307565"}],"wp:term":[{"taxonomy":"category","embeddable":true,"href":"https:\/\/www.europesays.com\/fr\/wp-json\/wp\/v2\/categories?post=307565"},{"taxonomy":"post_tag","embeddable":true,"href":"https:\/\/www.europesays.com\/fr\/wp-json\/wp\/v2\/tags?post=307565"}],"curies":[{"name":"wp","href":"https:\/\/api.w.org\/{rel}","templated":true}]}}