{"id":307567,"date":"2025-08-09T15:24:11","date_gmt":"2025-08-09T15:24:11","guid":{"rendered":"https:\/\/www.europesays.com\/fr\/307567\/"},"modified":"2025-08-09T15:24:11","modified_gmt":"2025-08-09T15:24:11","slug":"sarreguemines-charlotte-bitsch-16-ans-critique-litteraire-pour-le-pass-culture","status":"publish","type":"post","link":"https:\/\/www.europesays.com\/fr\/307567\/","title":{"rendered":"Sarreguemines. Charlotte Bitsch, 16 ans, critique litt\u00e9raire pour le Pass culture"},"content":{"rendered":"<p>Elle a 16 ans et chronique d\u00e9j\u00e0 des livres. Charlotte Bitsch, lyc\u00e9enne \u00e0 Sarreguemines, fait partie d\u2019un cercle ferm\u00e9. Celui des membres du Book club du Pass culture, compos\u00e9 de 300 jeunes de tout l\u2019Hexagone. <a href=\"https:\/\/www.republicain-lorrain.fr\/culture-loisirs\/2025\/02\/28\/le-pass-culture-individuel-supprime-pour-les-moins-de-17-ans-a-partir-de-samedi\" target=\"_blank\" rel=\"noopener\">Le Pass culture<\/a> est la premi\u00e8re application culturelle nationale des jeunes de 15 \u00e0 21 ans, destin\u00e9e \u00e0 leur proposer des offres culturelles et exp\u00e9riences pr\u00e8s de chez eux. Le programme national compte quatre clubs\u00a0: le Book club, le Cin\u00e9 club, le Sc\u00e8ne club et le Musique club, qui font des jeunes de r\u00e9els prescripteurs. \u00ab\u00a0J\u2019aime la lecture depuis toute petite, confie la jeune fille, bient\u00f4t en premi\u00e8re. D\u00e8s le plus jeune \u00e2ge, mes parents me lisaient des histoires.\u00a0\u00bb De quoi laisser des traces.<\/p>\n<p>Entre la m\u00e9diath\u00e8que qu\u2019elle fr\u00e9quente assid\u00fbment, le lyc\u00e9e et la maison, la jeune fille a souvent un livre en main. \u00ab\u00a0J\u2019aime le contact du papier, l\u2019odeur de l\u2019encre.\u00a0\u00bb Alors, quand elle a re\u00e7u l\u2019an dernier son Pass culture, elle n\u2019a pas cach\u00e9 sa satisfaction. \u00ab\u00a0Avoir un cr\u00e9dit pour profiter de culture, c\u2019est une superbe opportunit\u00e9\u00a0!\u00a0\u00bb<\/p>\n<p>Ce contenu est bloqu\u00e9 car vous n&rsquo;avez pas accept\u00e9 les cookies et autres traceurs.<\/p>\n<p>En cliquant sur \u00ab J\u2019accepte \u00bb, les cookies et autres traceurs seront d\u00e9pos\u00e9s et vous pourrez visualiser les contenus  (<a href=\"\" class=\"consentModule_policy\" target=\"_blank\" title=\"Consulter la politique de protection des donn\u00e9es du fournisseur\">plus d&rsquo;informations<\/a>).<\/p>\n<p>En cliquant sur \u00ab J\u2019accepte tous les cookies \u00bb, vous autorisez des d\u00e9p\u00f4ts de cookies et autres traceurs pour le stockage de vos donn\u00e9es sur nos sites et applications \u00e0 des fins de personnalisation et de ciblage publicitaire.<\/p>\n<p class=\"consentModule_secondaryText\">Vous gardez la possibilit\u00e9 de retirer votre consentement \u00e0 tout moment en consultant notre <a href=\"https:\/\/www.republicain-lorrain.fr\/protection-des-donnees\" target=\"_blank\" title=\"Consulter notre politique de protection des donn\u00e9es\" rel=\"noopener\">politique de protection des donn\u00e9es<\/a>. <br \/>&#13;<br \/>\n            <a href=\"https:\/\/www.republicain-lorrain.fr\/culture-loisirs\/2025\/08\/09\/javascript:Didomi.notice.show()\" class=\"consentModule_cmp\" target=\"_blank\" rel=\"noopener\">G\u00e9rer mes choix<\/a>&#13;\n        <\/p>\n<p>&#13;<br \/>\n                        J&rsquo;accepte&#13;<br \/>\n            J&rsquo;accepte tous les cookies&#13;\n        <\/p>\n<p>  Devenir ambassadrice<\/p>\n<p>Mais le Pass culture n\u2019est pas qu\u2019un porte-monnaie pour consommer des produits culturels. Il propose aussi aux jeunes de s\u2019investir et de devenir des ambassadeurs aupr\u00e8s de leurs camarades et sur les r\u00e9seaux sociaux. C\u2019est le cas du Book club. \u00ab\u00a0J\u2019ai tent\u00e9 ma chance. Il fallait envoyer une vid\u00e9o dans laquelle j\u2019ai pr\u00e9sent\u00e9 un manga, La colline o\u00f9 poussent encore ces fleurs. J\u2019ai \u00e9t\u00e9 retenue.\u00a0\u00bb Pendant son engagement sur une ann\u00e9e, qui se terminera en septembre prochain, Charlotte a aval\u00e9 une trentaine de titres, de 250 pages en moyenne. \u00ab\u00a0Chaque mois, nous avons un th\u00e8me. Chaque membre re\u00e7oit des livres de l\u2019\u00e9diteur, majoritairement des romans. On doit livrer un r\u00e9sum\u00e9 de l\u2019histoire et argumenter pourquoi on a aim\u00e9 ou non. On le note sur 10.\u00a0\u00bb<\/p>\n<p>Certains chroniqueurs re\u00e7oivent les m\u00eames ouvrages. De quoi pimenter la concurrence. \u00ab\u00a0J\u2019ai \u00e9t\u00e9 publi\u00e9e sept fois. C\u2019est une r\u00e9elle fiert\u00e9\u00a0! Je suis contente aussi d\u2019avoir pu, malgr\u00e9 le travail scolaire, assurer ma mission.\u00a0\u00bb Charlotte retiendra de cette exp\u00e9rience \u00ab\u00a0la libert\u00e9 d\u2019expression\u00a0\u00bb qu\u2019on lui a laiss\u00e9e et des genres litt\u00e9raires qu\u2019elle a d\u00e9couverts. Comme les romans historiques. Son coup de c\u0153ur\u00a0? Girl in pieces de Kathleen Glasgow. Prochaine lecture personnelle\u00a0: Les chemins de ma vie  d\u2019Helena Dunicz-Niwi\u0144ska, achet\u00e9 en Pologne lors d\u2019 <a href=\"https:\/\/www.republicain-lorrain.fr\/education\/2025\/05\/03\/des-lyceens-a-auschwitz-choc-et-rebond-memoriels\" target=\"_blank\" rel=\"noopener\">un voyage avec son lyc\u00e9e au printemps dernier<\/a>. Des textes qu\u2019elle envisage de mettre en lumi\u00e8re <a href=\"https:\/\/www.instagram.com\/missi.cha_1206\/?igsh=MXJ4aWpldnFhd2JnbQ%253D%253D&amp;utm_source=qr\" target=\"_blank\" rel=\"noopener\">sur son compte Instagram<\/a>. Le prolongement d\u2019une exp\u00e9rience devenue un rituel.<\/p>\n<p><script async src=\"\/\/www.instagram.com\/embed.js\"><\/script><\/p>\n","protected":false},"excerpt":{"rendered":"Elle a 16 ans et chronique d\u00e9j\u00e0 des livres. Charlotte Bitsch, lyc\u00e9enne \u00e0 Sarreguemines, fait partie d\u2019un cercle&hellip;\n","protected":false},"author":2,"featured_media":307568,"comment_status":"","ping_status":"","sticky":false,"template":"","format":"standard","meta":{"footnotes":""},"categories":[1357],"tags":[1379,1687,58,6114,59,1011,27,1380,2410,25411,25412],"class_list":{"0":"post-307567","1":"post","2":"type-post","3":"status-publish","4":"format-standard","5":"has-post-thumbnail","7":"category-livres","8":"tag-books","9":"tag-culture-loisirs","10":"tag-divertissement","11":"tag-edition-sarreguemines-bitche","12":"tag-entertainment","13":"tag-fr","14":"tag-france","15":"tag-livres","16":"tag-livres-bd","17":"tag-sarreguemines","18":"tag-sarreguemines-ville-57d"},"share_on_mastodon":{"url":"https:\/\/pubeurope.com\/@fr\/114999503366434351","error":""},"_links":{"self":[{"href":"https:\/\/www.europesays.com\/fr\/wp-json\/wp\/v2\/posts\/307567","targetHints":{"allow":["GET"]}}],"collection":[{"href":"https:\/\/www.europesays.com\/fr\/wp-json\/wp\/v2\/posts"}],"about":[{"href":"https:\/\/www.europesays.com\/fr\/wp-json\/wp\/v2\/types\/post"}],"author":[{"embeddable":true,"href":"https:\/\/www.europesays.com\/fr\/wp-json\/wp\/v2\/users\/2"}],"replies":[{"embeddable":true,"href":"https:\/\/www.europesays.com\/fr\/wp-json\/wp\/v2\/comments?post=307567"}],"version-history":[{"count":0,"href":"https:\/\/www.europesays.com\/fr\/wp-json\/wp\/v2\/posts\/307567\/revisions"}],"wp:featuredmedia":[{"embeddable":true,"href":"https:\/\/www.europesays.com\/fr\/wp-json\/wp\/v2\/media\/307568"}],"wp:attachment":[{"href":"https:\/\/www.europesays.com\/fr\/wp-json\/wp\/v2\/media?parent=307567"}],"wp:term":[{"taxonomy":"category","embeddable":true,"href":"https:\/\/www.europesays.com\/fr\/wp-json\/wp\/v2\/categories?post=307567"},{"taxonomy":"post_tag","embeddable":true,"href":"https:\/\/www.europesays.com\/fr\/wp-json\/wp\/v2\/tags?post=307567"}],"curies":[{"name":"wp","href":"https:\/\/api.w.org\/{rel}","templated":true}]}}