{"id":307569,"date":"2025-08-09T15:25:11","date_gmt":"2025-08-09T15:25:11","guid":{"rendered":"https:\/\/www.europesays.com\/fr\/307569\/"},"modified":"2025-08-09T15:25:11","modified_gmt":"2025-08-09T15:25:11","slug":"tout-beau-tout-n9uf-cyril-hanouna-distille-les-infos-sur-le-casting-et-annonce-le-retour-de-chroniqueurs-cultes","status":"publish","type":"post","link":"https:\/\/www.europesays.com\/fr\/307569\/","title":{"rendered":"Tout Beau Tout N9uf : Cyril Hanouna distille les infos sur le casting et annonce le retour de chroniqueurs cultes"},"content":{"rendered":"<p>L&rsquo;animateur vedette d\u00e9voile peu \u00e0 peu le casting de\u00a0\u00ab\u00a0Tout Beau Tout N9uf\u00a0\u00bb, sa future \u00e9mission sur W9. Apr\u00e8s avoir confirm\u00e9 la pr\u00e9sence de Raymond, Val\u00e9rie Bena\u00efm et G\u00e9raldine Maillet, Cyril Hanouna annonce le grand retour de Fabien Lecoeuvre et Michel Mary.<\/p>\n<p><a id=\"eztoc103261181_1\"\/>Raymond, Val\u00e9rie Bena\u00efm et G\u00e9raldine Maillet : les piliers de TPMP suivent leur capitaine<\/p>\n<p>Apr\u00e8s quatorze ann\u00e9es pass\u00e9es aux commandes de \u00ab\u00a0Touche pas \u00e0 mon poste\u00a0\u00bb sur C8, Cyril Hanouna s&rsquo;appr\u00eate \u00e0 tourner une nouvelle page de sa carri\u00e8re. Suite \u00e0 la suppression d\u00e9finitive de C8 de la TNT par l&rsquo;Arcom, \u00ab\u00a0Baba\u00a0\u00bb a choisi W9 pour poursuivre son parcours d&rsquo;animateur vedette. D\u00e8s le 1er septembre, les t\u00e9l\u00e9spectateurs d\u00e9couvriront \u00ab\u00a0Tout Beau Tout N9uf\u00a0\u00bb, un programme qui promet de conserver l&rsquo;ADN de son pr\u00e9d\u00e9cesseur.<\/p>\n<p>L&rsquo;animateur s&rsquo;\u00e9tait montr\u00e9 rassurant quant \u00e0 la philosophie de cette nouvelle \u00e9mission : \u00ab\u00a0On ne va pas changer une formule qui marche, \u00e7a va ressembler \u00e9norm\u00e9ment \u00e0 ce que l&rsquo;on faisait avant, avec beaucoup de divertissements, de d\u00e9bats, de rigolade\u00a0\u00bb. Cette continuit\u00e9   <a href=\"https:\/\/www.programme-television.org\/news\/tv\/emissions-tele\/cyril-hanouna-fait-de-nouvelles-revelations-sur-son-emission-sur-w9-a-un-moment-il-faut-renouveler-4742151\" target=\"_self\" rel=\"nofollow noopener\">se retrouve \u00e9galement dans le choix des chroniqueurs,<\/a> puisque les figures embl\u00e9matiques de TPMP seront bien au rendez-vous.<\/p>\n<p>Vendredi, Cyril Hanouna a lev\u00e9 le voile sur une partie importante de son casting via ses r\u00e9seaux sociaux : \u00ab\u00a0Les ch\u00e9ris, sur la 1\u00e8re de W9, il y aura s\u00fbr et certain autour de moi d\u00e8s 18h45 : Raymond, G\u00e9raldine, Olivier Dartigolles, Val\u00e9rie Bena\u00efm ! Plus 5 autres personnes !\u00a0\u00bb.\u00a0<\/p>\n<blockquote class=\"twitter-tweet\">\n<p lang=\"fr\" dir=\"ltr\">Les ch\u00e9ris, sur la 1ere de <a href=\"https:\/\/twitter.com\/W9?ref_src=twsrc%5Etfw\" rel=\"nofollow noopener\" target=\"_blank\">@W9<\/a>, il y aura sur et certain autour de moi d\u00e8s 18h45 : Raymond, Geraldine, Olivier Dartigolles, Val\u00e9rie Bena\u00efm! Plus 5 autres personnes ! Fabien Lecoeuvre et Michel Mary seront de retour aussi! Pour le reste de la nouveaut\u00e9 et des grands retours \u2014 Cyril Hanouna (@Cyrilhanouna) <a href=\"https:\/\/twitter.com\/Cyrilhanouna\/status\/1953867281852674242?ref_src=twsrc%5Etfw\" rel=\"nofollow noopener\" target=\"_blank\">August 8, 2025<\/a><\/p>\n<\/blockquote>\n<p> <a id=\"eztoc103261181_2\"\/><\/p>\n<p>Fabien Lecoeuvre et Michel Mary font leur grand retour<\/p>\n<p>La surprise du jour est venue avec l&rsquo;annonce du retour de deux chroniqueurs particuli\u00e8rement appr\u00e9ci\u00e9s des t\u00e9l\u00e9spectateurs de TPMP. \u00ab\u00a0Fabien Lecoeuvre et Michel Mary seront de retour aussi !\u00a0\u00bb, a r\u00e9v\u00e9l\u00e9 Cyril Hanouna. Ces deux personnalit\u00e9s, qui avaient marqu\u00e9 les esprits par leurs interventions sur C8, retrouveront donc leur place autour de la table de \u00ab\u00a0Tout Beau Tout N9uf\u00a0\u00bb.<\/p>\n<p>L&rsquo;animateur avait \u00e9galement confirm\u00e9 la pr\u00e9sence de Gilles Verdez, information r\u00e9v\u00e9l\u00e9e quelques jours plus t\u00f4t par nos confr\u00e8res de Voici. En revanche, Jean-Michel Maire ne fera pas partie de cette nouvelle \u00e9quipe, ayant choisi de s&rsquo;installer en Tha\u00eflande pour profiter de sa retraite, comme il l&rsquo;avait annonc\u00e9 lors des derni\u00e8res \u00e9missions de TPMP.<a id=\"eztoc103261181_3\"\/><\/p>\n<p>Une formule renouvel\u00e9e avec neuf chroniqueurs et des nouveaut\u00e9s\u00a0<\/p>\n<p>  <a href=\"https:\/\/www.programme-television.org\/news\/tv\/actualites-audiovisuel\/cyril-hanouna-devoile-le-plateau-de-sa-nouvelle-emission-tout-beau-tout-fun-video-4744035\" target=\"_self\" rel=\"nofollow noopener\">Le plateau de \u00ab\u00a0Tout Beau Tout N9uf\u00a0\u00bb<\/a> accueillera \u00ab\u00a0comme avant pour d\u00e9marrer neuf chroniqueurs \u00e0 la table\u00a0\u00bb,   <a href=\"https:\/\/www.programme-television.org\/news\/tv\/actualites-audiovisuel\/petite-info-il-y-aura-cyril-hanouna-fait-une-annonce-au-sujet-des-chroniqueurs-de-sa-nouvelle-emission-a-30-jours-du-debut-4743823\" target=\"_self\" rel=\"nofollow noopener\">selon les confidences faites par Cyril Hanouna<\/a>. Cette configuration famili\u00e8re comprendra \u00ab\u00a0cinq &lsquo;anciens&rsquo; et quatre nouveaux\u00a0\u00bb, permettant un savant m\u00e9lange entre continuit\u00e9 et renouvellement.<\/p>\n<p>Parmi les nouvelles t\u00eates,   <a href=\"https:\/\/www.programme-television.org\/news\/tv\/emissions-tele\/tu-es-le-meilleur-d-entre-nous-cyril-hanouna-accueille-jerome-anthony-dans-sa-nouvelle-emission-sur-w9-4743911\" target=\"_self\" rel=\"nofollow noopener\">J\u00e9r\u00f4me Anthony, bien connu des t\u00e9l\u00e9spectateurs de M6, a d\u00e9j\u00e0 \u00e9t\u00e9 officialis\u00e9<\/a>. L&rsquo;animateur\u00a0avait re\u00e7u un accueil enthousiaste de la part de Cyril Hanouna :\u00a0\u00ab\u00a0Mais toi, c&rsquo;est d&rsquo;office !!! Je suis si heureux ! Tu es le meilleur d&rsquo;entre nous et tu sais que je le pense, trop h\u00e2te !\u00a0\u00bb.<\/p>\n<p>Au-del\u00e0 des visages, l&rsquo;\u00e9mission promet \u00e9galement des innovations technologiques. Cyril Hanouna a \u00e9voqu\u00e9 de \u00ab\u00a0nouvelles s\u00e9quences avec l&rsquo;intelligence artificielle\u00a0\u00bb.\n            <\/p>\n<p><script async src=\"https:\/\/platform.twitter.com\/widgets.js\" charset=\"utf-8\"><\/script><\/p>\n","protected":false},"excerpt":{"rendered":"L&rsquo;animateur vedette d\u00e9voile peu \u00e0 peu le casting de\u00a0\u00ab\u00a0Tout Beau Tout N9uf\u00a0\u00bb, sa future \u00e9mission sur W9. Apr\u00e8s&hellip;\n","protected":false},"author":2,"featured_media":307570,"comment_status":"","ping_status":"","sticky":false,"template":"","format":"standard","meta":{"footnotes":""},"categories":[1356],"tags":[58,59,1011,27,252,1364],"class_list":{"0":"post-307569","1":"post","2":"type-post","3":"status-publish","4":"format-standard","5":"has-post-thumbnail","7":"category-television","8":"tag-divertissement","9":"tag-entertainment","10":"tag-fr","11":"tag-france","12":"tag-television","13":"tag-tv"},"share_on_mastodon":{"url":"https:\/\/pubeurope.com\/@fr\/114999507263335385","error":""},"_links":{"self":[{"href":"https:\/\/www.europesays.com\/fr\/wp-json\/wp\/v2\/posts\/307569","targetHints":{"allow":["GET"]}}],"collection":[{"href":"https:\/\/www.europesays.com\/fr\/wp-json\/wp\/v2\/posts"}],"about":[{"href":"https:\/\/www.europesays.com\/fr\/wp-json\/wp\/v2\/types\/post"}],"author":[{"embeddable":true,"href":"https:\/\/www.europesays.com\/fr\/wp-json\/wp\/v2\/users\/2"}],"replies":[{"embeddable":true,"href":"https:\/\/www.europesays.com\/fr\/wp-json\/wp\/v2\/comments?post=307569"}],"version-history":[{"count":0,"href":"https:\/\/www.europesays.com\/fr\/wp-json\/wp\/v2\/posts\/307569\/revisions"}],"wp:featuredmedia":[{"embeddable":true,"href":"https:\/\/www.europesays.com\/fr\/wp-json\/wp\/v2\/media\/307570"}],"wp:attachment":[{"href":"https:\/\/www.europesays.com\/fr\/wp-json\/wp\/v2\/media?parent=307569"}],"wp:term":[{"taxonomy":"category","embeddable":true,"href":"https:\/\/www.europesays.com\/fr\/wp-json\/wp\/v2\/categories?post=307569"},{"taxonomy":"post_tag","embeddable":true,"href":"https:\/\/www.europesays.com\/fr\/wp-json\/wp\/v2\/tags?post=307569"}],"curies":[{"name":"wp","href":"https:\/\/api.w.org\/{rel}","templated":true}]}}