{"id":307578,"date":"2025-08-09T15:31:10","date_gmt":"2025-08-09T15:31:10","guid":{"rendered":"https:\/\/www.europesays.com\/fr\/307578\/"},"modified":"2025-08-09T15:31:10","modified_gmt":"2025-08-09T15:31:10","slug":"laeticia-hallyday-cette-grande-difference-de-traitement-entre-jade-et-joy-qui-fait-tiquer","status":"publish","type":"post","link":"https:\/\/www.europesays.com\/fr\/307578\/","title":{"rendered":"Laeticia Hallyday : cette grande diff\u00e9rence de traitement entre Jade et Joy qui fait tiquer"},"content":{"rendered":"<p>Premi\u00e8re fille adoptive de <a href=\"https:\/\/www.closermag.fr\/people\/johnny-hallyday-alcoolo-drogue-cette-sombre-periode-qui-a-touche-son-amour-propre-3567875\" target=\"_blank\" rel=\"noopener\"><br \/>\nJohnny Hallyday<\/a> <a class=\"tinyMceWbEntityTag wb_entity_people\" href=\"https:\/\/www.closermag.fr\/people\/exclu-laeticia-hallyday-en-vacances-a-saint-barth-en-solo-frederic-ne-labandonne-pas-pour-autant-3569578\" data-id=\"44\" target=\"_blank\" rel=\"noopener\">et Laeticia Hallyday.<\/a>\u00a0<a class=\"tinyMceWbEntityTag wb_entity_people\" href=\"https:\/\/www.closermag.fr\/people\/jade-hallyday-incendiaire-en-bikini-rouge-et-ca-ne-plait-pas-a-tout-le-monde-3561782\" data-id=\"552958\" target=\"_blank\" rel=\"noopener\">Jade Hallyday<\/a> est n\u00e9e le 3 ao\u00fbt 2004 sous le<br \/>\nnom de B\u00f9i Th\u1ecb Ho\u00e0 au <a href=\"https:\/\/www.telestar.fr\/people\/gifle-de-brigitte-macron-un-homme-present-dans-lavion-presidentiel-donne-sa-version-des-faits-1724488\" target=\"_blank\" rel=\"noopener\"><br \/>\nVietnam<\/a>.\u00a0Par la suite, le couple a \u00e9galement adopt\u00e9 une<br \/>\nseconde petite fille originaire du Vietnam, baptis\u00e9 <a href=\"https:\/\/www.closermag.fr\/people\/joy-hallyday-pose-en-maillot-de-bain-et-tout-le-monde-se-pose-cette-question-malsaine-3568746\" target=\"_blank\" rel=\"noopener\"><br \/>\nJoy Hallyday<\/a>, quatre ans plus tard. Alors que la fille a\u00een\u00e9e du<br \/>\nd\u00e9funt chanteur a r\u00e9cemment c\u00e9l\u00e9br\u00e9 ses 21 ans. <strong>Sa m\u00e8re n\u00a0\u00bba<br \/>\npubli\u00e9 aucun message sur Instagram \u00e0 ce sujet<\/strong>.<\/p>\n<p>En revanche, <a class=\"tinyMceWbEntityTag wb_entity_people\" data-id=\"44\">Laeticia Hallyday n&rsquo;a pas publi\u00e9 une. Mais deux vid\u00e9os<br \/>\npour c\u00e9l\u00e9brer le 17e anniversaire de sa deuxi\u00e8me fille adoptive.<br \/>\n<strong>Une diff\u00e9rence de traitement qui interroge<\/strong> de la<br \/>\npart de la veuve de Johnny Hallyday. D&rsquo;autant plus qu&rsquo;elle a<br \/>\naccompagn\u00e9 les vid\u00e9os en question de tr\u00e8s longs messages \u00e0<br \/>\nl&rsquo;attention de Joy Hallyday.<\/a><\/p>\n<p>Joy Hallyday : ces magnifiques messages de sa m\u00e8re pour<br \/>\nc\u00e9l\u00e9brer ses 17 ans<\/p>\n<p>\u00ab\u00a0Joyeux anniversaire ma Joyou, mon amour infini. Je te<br \/>\nsouhaite une vie aussi belle que ton c\u0153ur. <strong>Des r\u00eaves<br \/>\nimmenses et l\u2019amour qui ne te quittera jamais.<\/strong> Continue de<br \/>\nbriller, ma Joyou, avec cette lumi\u00e8re qui gu\u00e9rit tout autour de<br \/>\ntoi. Ta maman, qui t\u2019aime plus que tout\u00a0\u00bb, a premi\u00e8rement \u00e9crit<br \/>\nLaeticia Hallyday en publiant sa premi\u00e8re vid\u00e9o.<\/p>\n<p>\u00ab\u00a017 ans mon amour ma Joyou et pourtant dans mes bras. Tu<br \/>\nrestes toujours ce petit bout d\u2019amour qui a boulevers\u00e9 ma vie. Le<br \/>\njour o\u00f9 ton papa et moi t\u2019avons serr\u00e9e contre nous. J\u2019ai compris ce<br \/>\nque voulait dire aimer au del\u00e0 de tout une deuxi\u00e8me fois,.4 ans<br \/>\napr\u00e8s l\u2019arriv\u00e9e de ta s\u0153ur Jade. <strong>Tu as grandi si<br \/>\nvite\u2026<\/strong> Mais tu as gard\u00e9 cette joie qui porte si bien ton<br \/>\npr\u00e9nom et qui rend chaque jour plus beau\u00a0\u00bb, a \u00e9galement \u00e9crit<br \/>\nla m\u00e8re de Joy Hallyday en guise de l\u00e9gende pour sa seconde<br \/>\nvid\u00e9o.<\/p>\n<p>Laeticia Hallyday : \u00ab\u00a0Ton papa veille<br \/>\nsur toi, ma Joyou\u00a0\u00bb<\/p>\n<p>\u00ab\u00a0Tu as travers\u00e9 tant de choses, mon amour. <strong>Quand ton<br \/>\npapa est parti, tu n\u2019avais que 9 ans.<\/strong> Et pourtant, dans<br \/>\ntes yeux d\u2019enfant, il y avait d\u00e9j\u00e0 cette force incroyable qui me<br \/>\ntient encore debout aujourd\u2019hui. Je t\u2019ai promis de t\u2019aimer pour<br \/>\ndeux. De ne jamais l\u00e2cher ta main. Et chaque jour je remercie la<br \/>\nvie de t\u2019avoir mise sur mon chemin\u00a0\u00bb, a \u00e9galement ajout\u00e9 la<br \/>\nm\u00e8re de Jade Hallyday.<\/p>\n<p>\u00ab\u00a0Ton papa veille sur toi, ma Joyou. Je le sens dans cette<br \/>\nlumi\u00e8re que tu as et qui ressemble tant \u00e0 la sienne. Ma Joyou, mon<br \/>\nb\u00e9b\u00e9, ma jeune femme. Jade et toi, vous \u00eates mon tout. <strong>Mon<br \/>\nsouffle, mon refuge, mon courage.<\/strong> Vous \u00eates mes miracles.<br \/>\nJoyeux anniversaire mon amour. Que la vie te prot\u00e8ge toujours, que<br \/>\nl\u2019amour t\u2019accompagne \u00e0 chaque pas. Je t\u2019aime plus que les mots,<br \/>\nplus que la vie\u00a0\u00bb, a finalement conclu Laeticia Hallyday.<\/p>\n","protected":false},"excerpt":{"rendered":"Premi\u00e8re fille adoptive de Johnny Hallyday et Laeticia Hallyday.\u00a0Jade Hallyday est n\u00e9e le 3 ao\u00fbt 2004 sous le&hellip;\n","protected":false},"author":2,"featured_media":307579,"comment_status":"","ping_status":"","sticky":false,"template":"","format":"standard","meta":{"footnotes":""},"categories":[8],"tags":[548,58,59,1011,27,7648],"class_list":{"0":"post-307578","1":"post","2":"type-post","3":"status-publish","4":"format-standard","5":"has-post-thumbnail","7":"category-divertissement","8":"tag-article-simple","9":"tag-divertissement","10":"tag-entertainment","11":"tag-fr","12":"tag-france","13":"tag-laeticia-hallyday"},"share_on_mastodon":{"url":"https:\/\/pubeurope.com\/@fr\/114999530918268537","error":""},"_links":{"self":[{"href":"https:\/\/www.europesays.com\/fr\/wp-json\/wp\/v2\/posts\/307578","targetHints":{"allow":["GET"]}}],"collection":[{"href":"https:\/\/www.europesays.com\/fr\/wp-json\/wp\/v2\/posts"}],"about":[{"href":"https:\/\/www.europesays.com\/fr\/wp-json\/wp\/v2\/types\/post"}],"author":[{"embeddable":true,"href":"https:\/\/www.europesays.com\/fr\/wp-json\/wp\/v2\/users\/2"}],"replies":[{"embeddable":true,"href":"https:\/\/www.europesays.com\/fr\/wp-json\/wp\/v2\/comments?post=307578"}],"version-history":[{"count":0,"href":"https:\/\/www.europesays.com\/fr\/wp-json\/wp\/v2\/posts\/307578\/revisions"}],"wp:featuredmedia":[{"embeddable":true,"href":"https:\/\/www.europesays.com\/fr\/wp-json\/wp\/v2\/media\/307579"}],"wp:attachment":[{"href":"https:\/\/www.europesays.com\/fr\/wp-json\/wp\/v2\/media?parent=307578"}],"wp:term":[{"taxonomy":"category","embeddable":true,"href":"https:\/\/www.europesays.com\/fr\/wp-json\/wp\/v2\/categories?post=307578"},{"taxonomy":"post_tag","embeddable":true,"href":"https:\/\/www.europesays.com\/fr\/wp-json\/wp\/v2\/tags?post=307578"}],"curies":[{"name":"wp","href":"https:\/\/api.w.org\/{rel}","templated":true}]}}