{"id":307584,"date":"2025-08-09T15:34:11","date_gmt":"2025-08-09T15:34:11","guid":{"rendered":"https:\/\/www.europesays.com\/fr\/307584\/"},"modified":"2025-08-09T15:34:11","modified_gmt":"2025-08-09T15:34:11","slug":"droits-de-douane-donald-trump-veut-casser-les-brics-mediapart","status":"publish","type":"post","link":"https:\/\/www.europesays.com\/fr\/307584\/","title":{"rendered":"Droits de douane : Donald Trump veut casser les Brics &#8211; Mediapart"},"content":{"rendered":"<ol>\n<li><a href=\"https:\/\/news.google.com\/rss\/articles\/CBMiqAFBVV95cUxPWHl4cnVxWEJ5MVRPU0dZR1JpS09DWGlWeE1kQ2tPRkpGWnp0Tk5FYmFqYVFjZnRxd2RnT1h3YXVtelNZR0k3dTkyS1R6SjVSUHRYeFJyYWZFbVJ2dlBVVHExMnltblp2MDkxYlMzSVFhWXZ4UHJOckthMmpfbVJmbjJlLTk2VFp0ZF9XSGxSYjZlNjljRHVsZVBuV1lKaVNDaFlKdEVwUDc?oc=5\" target=\"_blank\" rel=\"noopener\">Droits de douane : Donald Trump veut casser les Brics<\/a>&nbsp;&nbsp;Mediapart<\/li>\n<li><a href=\"https:\/\/news.google.com\/rss\/articles\/CBMirAJBVV95cUxPbmRoSEI1WGEtOVZNLTB5LVdFNE53WE9Oa3BzRTdtY040c3FUSVhwaWZSZWViS0VvMjlrZDBhbVBpeDVrUDNlNUhLdGxmVmZLdHR4Sjh5WEd1MjVuYklhUXp5QlpCclk2RThBdEgzaXJHLXUtci1lNTVjZFF2b2duTTh0QnBXWWhEdGt3NHVqZTNFZG9IVnFValdtMFlzbXRRZl9yS1JqbkFaYnlvaC1KUm1KQ1pxNGNNcVQ1Z2FGU2dkVFgySEt6RkYybFBFTk11aWwxVmU0UC0xTUVMcTU2cVJUUXZocXVZZHNmTkJBZXVfbjBDMkNTc21UcWtnb05tUkY5NkNmVmNYOHgxMXBZVHNPbnI0MDJZa01lYkJGS3EzbkRyWmZfVzdYdms?oc=5\" target=\"_blank\" rel=\"noopener\">Vis\u00e9e par des droits de douane de 50%, l&rsquo;Inde riposte face \u00e0 Trump en suspendant ses projets d&rsquo;achats militaires aupr\u00e8s des \u00c9tats-Unis<\/a>&nbsp;&nbsp;BFMTV<\/li>\n<li><a href=\"https:\/\/news.google.com\/rss\/articles\/CBMipAJBVV95cUxPdUdrb3M2R0tiWXZjU3pCWk9QaFZGNDdFZGhWMzhDV0JuQ2ZIYXFlVk0wRXlkVTFTbENKRDhVa2V4ZFlRZG5DTlpfTWZyeWZ6NjlNc01makR5blZqRDlqWmRwNlZPS1kzLXVKclJpeVNBQzZLWW5vOURmRmViNHBzMkhaWEp6aEFKUVNxMElDdTdpbVFsWXBSUVB2Tzg3Ql9ETU5mT2RDRFJxd3p6TURoMlVWTHFkejZNT1ptMHl3aXJ6LUNweDhRdDBqUTNqUUg3QzJsZDBnU2d1U0Z6djFxNG1HVDFOWFA3dUt3Y1daWE1RLWZsR1BxZFRHSWZrZ1FZa2RFdVdLYklTbkQ4Y0JFeXZXU3d4NE1yaDdfMXJaY2I2Rzdj?oc=5\" target=\"_blank\" rel=\"noopener\">\u00abEn r\u00e9ponse \u00e0 l\u2019achat continu de p\u00e9trole russe\u00bb, Trump ajoute 25 % de droits de douane suppl\u00e9mentaires sur les produits indiens<\/a>&nbsp;&nbsp;Lib\u00e9ration<\/li>\n<li><a href=\"https:\/\/news.google.com\/rss\/articles\/CBMisAFBVV95cUxOOW9HR2tvV1VRTmNQMXUtTkxZRkVkYW9XRFpPUy03NmN6N1hvX1h0V2tmLW1ka3NCanF4TWhDSU1HQWV5SGg5a2k5bUtPdG1aNUlTLXhPcGxoWTZxTkxkVThIVVFjMHJNclJmUExaRnRrNi1NcFdwQnJIUUIxUHhqM1ItRG1LSDFuQ2lEejhHd0N1VXVZc1M5ZHRpZ1Z5T2ZDcFlraERTc2cxWW1sOFVJTw?oc=5\" target=\"_blank\" rel=\"noopener\">L\u2019alliance entre l\u2019Inde de Modi et les Etats-Unis de Trump fragilis\u00e9e par le commerce, le Pakistan et le p\u00e9trole<\/a>&nbsp;&nbsp;Le Monde.fr<\/li>\n<li><a href=\"https:\/\/news.google.com\/rss\/articles\/CBMiswFBVV95cUxNR0lpLTZVMlkybVFMRTZaVk92ckZDbnR1TmRhTzRWN3pnakdLZlE4ZXFEbWl0UlczaWhhSWdmSW9LYmJvVUdaZWZfMnQxeE5rSWZGbEtob19uS2J6YVMzNzIyQ1g3QWpsMDh6WXY4aWh1QlhjMjdEWVJjZHBLd3pOMmpFTHd0a2YyZlVzSnRORlQ4bFlaRGF4VGlLU0dsYjhxa3AwMXJpU2djWDRlY21LczU2QQ?oc=5\" target=\"_blank\" rel=\"noopener\">Droits de douane : mise au pied du mur par Trump, l&rsquo;Inde riposte<\/a>&nbsp;&nbsp;Les Echos<\/li>\n<\/ol>\n","protected":false},"excerpt":{"rendered":"Droits de douane : Donald Trump veut casser les Brics&nbsp;&nbsp;Mediapart Vis\u00e9e par des droits de douane de 50%,&hellip;\n","protected":false},"author":2,"featured_media":307585,"comment_status":"","ping_status":"","sticky":false,"template":"","format":"standard","meta":{"footnotes":""},"categories":[5],"tags":[11,2548,9322,7511,2388,1011,27,1074,5595,14,18611,12,28],"class_list":{"0":"post-307584","1":"post","2":"type-post","3":"status-publish","4":"format-standard","5":"has-post-thumbnail","7":"category-international","8":"tag-actualites","9":"tag-bresil","10":"tag-brics","11":"tag-dollar","12":"tag-droits-de-douane","13":"tag-fr","14":"tag-france","15":"tag-guerre-commerciale","16":"tag-inde","17":"tag-international","18":"tag-narendra-modi","19":"tag-news","20":"tag-world"},"share_on_mastodon":{"url":"https:\/\/pubeurope.com\/@fr\/114999542690750848","error":""},"_links":{"self":[{"href":"https:\/\/www.europesays.com\/fr\/wp-json\/wp\/v2\/posts\/307584","targetHints":{"allow":["GET"]}}],"collection":[{"href":"https:\/\/www.europesays.com\/fr\/wp-json\/wp\/v2\/posts"}],"about":[{"href":"https:\/\/www.europesays.com\/fr\/wp-json\/wp\/v2\/types\/post"}],"author":[{"embeddable":true,"href":"https:\/\/www.europesays.com\/fr\/wp-json\/wp\/v2\/users\/2"}],"replies":[{"embeddable":true,"href":"https:\/\/www.europesays.com\/fr\/wp-json\/wp\/v2\/comments?post=307584"}],"version-history":[{"count":0,"href":"https:\/\/www.europesays.com\/fr\/wp-json\/wp\/v2\/posts\/307584\/revisions"}],"wp:featuredmedia":[{"embeddable":true,"href":"https:\/\/www.europesays.com\/fr\/wp-json\/wp\/v2\/media\/307585"}],"wp:attachment":[{"href":"https:\/\/www.europesays.com\/fr\/wp-json\/wp\/v2\/media?parent=307584"}],"wp:term":[{"taxonomy":"category","embeddable":true,"href":"https:\/\/www.europesays.com\/fr\/wp-json\/wp\/v2\/categories?post=307584"},{"taxonomy":"post_tag","embeddable":true,"href":"https:\/\/www.europesays.com\/fr\/wp-json\/wp\/v2\/tags?post=307584"}],"curies":[{"name":"wp","href":"https:\/\/api.w.org\/{rel}","templated":true}]}}