{"id":307587,"date":"2025-08-09T15:35:13","date_gmt":"2025-08-09T15:35:13","guid":{"rendered":"https:\/\/www.europesays.com\/fr\/307587\/"},"modified":"2025-08-09T15:35:13","modified_gmt":"2025-08-09T15:35:13","slug":"un-diplomate-algerien-vise-par-un-mandat-darret-international-pour-lenlevement-dun-opposant-en-france","status":"publish","type":"post","link":"https:\/\/www.europesays.com\/fr\/307587\/","title":{"rendered":"Un diplomate alg\u00e9rien vis\u00e9 par un mandat d\u2019arr\u00eat international pour l\u2019enl\u00e8vement d\u2019un opposant en France"},"content":{"rendered":"<p>Le journal Le Monde r\u00e9v\u00e8le qu\u2019un ancien diplomate en poste \u00e0 Paris est soup\u00e7onn\u00e9 d\u2019avoir fait enlever un influenceur hostile au r\u00e9gime.<\/p>\n<p class=\"fig-paragraph\">La justice fran\u00e7aise a \u00e9mis en juillet un mandat d\u2019arr\u00eat international contre un ancien haut responsable de l\u2019ambassade d\u2019Alg\u00e9rie en France, au cours de ses investigations sur\u00a0<a href=\"http:\/\/www.lefigaro.fr\/international\/enlevement-en-france-d-un-opposant-au-regime-algerien-trois-hommes-mis-en-examen-a-paris-20250412\" data-fig-type=\"NewsFlash\" data-gtm-custom-categorie=\"navigation\" data-gtm-custom-action=\"crossclick\" data-gtm-custom-label=\"Contextuel\" data-gtm-event=\"customEventSPE\" data-fig-domain=\"LEFIGARO\" target=\"_blank\" rel=\"noopener\">l\u2019enl\u00e8vement et la s\u00e9questration d\u2019un opposant alg\u00e9rien<\/a>\u00a0en 2024, l\u2019influenceur Amir Boukhors, connu sur TikTok comme\u00a0<a href=\"http:\/\/www.lefigaro.fr\/international\/qui-est-amir-boukhors-l-influenceur-opposant-au-regime-algerien-qui-a-ete-enleve-et-sequestre-20250412\" data-fig-type=\"NewsFlash\" data-gtm-custom-categorie=\"navigation\" data-gtm-custom-action=\"crossclick\" data-gtm-custom-label=\"Contextuel\" data-gtm-event=\"customEventSPE\" data-fig-domain=\"LEFIGARO\" target=\"_blank\" rel=\"noopener\">Amir DZ<\/a>, a-t-on appris samedi de source proche du dossier.<\/p>\n<p class=\"fig-paragraph\">Le mandat d\u2019arr\u00eat visant Salaheddine Selloum, un Alg\u00e9rien \u00e2g\u00e9 de 37 ans, a \u00e9t\u00e9 \u00e9mis le 25 juillet par un juge d\u2019instruction pour arrestation, enl\u00e8vement et s\u00e9questration en relation avec une entreprise terroriste et association de malfaiteurs terroriste criminelle, selon cette m\u00eame source,\u00a0<a href=\"https:\/\/www.lemonde.fr\/afrique\/article\/2025\/08\/09\/la-justice-francaise-emet-un-mandat-d-arret-international-contre-un-diplomate-algerien_6627604_3212.html?random=1740948704\" target=\"_blank\" rel=\"sponsored noopener\" data-gtm-custom-categorie=\"navigation\" data-gtm-custom-action=\"crossclick\" data-gtm-custom-label=\"Contextuel\" data-gtm-event=\"customEventSPE\">confirmant les informations du Monde<\/a> .<\/p>\n<p>                                    <a class=\"fig-a11y-skip a11y-hidden\" href=\"#fig-a11y-skip-main-inarticle\"><br \/>\n        Passer la publicit\u00e9<br \/>\n    <\/a><\/p>\n<p class=\"fig-paragraph\">Le 23 juillet, le parquet national antiterroriste (Pnat), qui a repris l\u2019enqu\u00eate en f\u00e9vrier, avait requis la d\u00e9livrance d\u2019un mandat d\u2019arr\u00eat contre Selloum, estimant qu\u2019il existait des \u00abpr\u00e9somptions graves\u00bb qu\u2019il ait commis les faits reproch\u00e9s, a-t-elle pr\u00e9cis\u00e9.<\/p>\n<p>Couverture diplomatique<\/p>\n<p class=\"fig-paragraph\">L\u2019influenceur Amir Boukhors, dit Amir DZ, avait \u00e9t\u00e9 enlev\u00e9 le 29 avril 2024 en r\u00e9gion parisienne puis rel\u00e2ch\u00e9 le 1er mai. Dans un rapport d\u2019enqu\u00eate dat\u00e9 d\u2019avril, la Direction g\u00e9n\u00e9rale de la s\u00e9curit\u00e9 int\u00e9rieure (DGSI) incrimine cet ancien haut responsable de l\u2019ambassade alg\u00e9rienne \u00e0 Paris, avait rapport\u00e9 une autre source proche du dossier. Pr\u00e9sent\u00e9 comme un \u00absous-officier alg\u00e9rien de la DGDSE\u00bb, un service de renseignement de ce pays, Selloum aurait \u00e9t\u00e9 pr\u00e9sent \u00e0 Paris \u00absous la couverture diplomatique de premier secr\u00e9taire\u00bb de l\u2019ambassade d\u2019Alg\u00e9rie.<\/p>\n<p class=\"fig-paragraph\">C\u2019est \u00abune avanc\u00e9e importante pour \u00e9viter autant que possible l\u2019impunit\u00e9 des agents alg\u00e9riens impliqu\u00e9s dans les faits qui sont d\u2019une \u00e9vidente gravit\u00e9\u00bb, a r\u00e9agi \u00c9ric Plouvier, avocat d\u2019Amir Boukhors, sollicit\u00e9 par l\u2019AFP. Salaheddine Selloum n\u2019est probablement plus en France et pourrait faire valoir une \u00e9ventuelle immunit\u00e9. \u00abIl serait p\u00e9rilleux de consid\u00e9rer que l\u2019arrestation d\u2019opposants politiques sur le territoire fran\u00e7ais entre dans le p\u00e9rim\u00e8tre des fonctions d\u2019un diplomate et une fois sa mission pr\u00e9tendument \u2019diplomatique\u2019 termin\u00e9e, l\u2019agent du contre-espionnage alg\u00e9rien ne disposait plus que d\u2019une immunit\u00e9 fonctionnelle\u00bb accord\u00e9e aux agents d\u2019\u00c9tat, a ajout\u00e9 Me Plouvier.<\/p>\n<p>7 mises en examen<\/p>\n<p class=\"fig-paragraph\">Au moins sept personnes, dont un agent consulaire alg\u00e9rien, ont \u00e9t\u00e9 mises en examen. Elles sont soup\u00e7onn\u00e9es d\u2019avoir \u00e9t\u00e9 principalement des ex\u00e9cutants ayant agi contre r\u00e9mun\u00e9ration, sans mobile politique, selon d\u2019autres sources proches du dossier.<\/p>\n<p class=\"fig-paragraph\">L\u2019avanc\u00e9e des investigations est \u00abun soulagement\u00bb, a r\u00e9agi aupr\u00e8s de l\u2019AFP Amir Boukhors. \u00abJ\u2019ai vu la mort\u00bb pendant l\u2019enl\u00e8vement qui a dur\u00e9 \u00ab27 heures\u00bb, dans une for\u00eat en Seine-et-Marne, a-t-il confi\u00e9. Install\u00e9 en France depuis 2016, Amir Boukhors, 42 ans, compte un million d\u2019abonn\u00e9s sur TikTok. Opposant au r\u00e9gime du pr\u00e9sident alg\u00e9rien Abdelmadjid Tebboune, il a obtenu l\u2019asile politique en France en 2023.<\/p>\n<p class=\"fig-body-link\">\n            \u00c0 lire aussi<br \/>\n        <a class=\"fig-body-link__link fig-premium-mark\" href=\"http:\/\/www.lefigaro.fr\/politique\/braquages-tentatives-d-enlevement-comment-l-algerie-menace-ses-opposants-sur-le-sol-francais-20250414\" data-fig-type=\"Article\" data-gtm-custom-categorie=\"navigation\" data-gtm-custom-action=\"crossclick\" data-gtm-custom-label=\"Contextuel\" data-gtm-event=\"customEventSPE\" data-fig-domain=\"LEFIGARO\" target=\"_blank\" rel=\"noopener\">Braquages, tentatives d\u2019enl\u00e8vement&#8230; Comment l\u2019Alg\u00e9rie menace ses opposants sur le sol fran\u00e7ais<br \/>\n    <\/a>\n<\/p>\n<p>                                    <a class=\"fig-a11y-skip a11y-hidden\" href=\"#fig-a11y-skip-main-inarticle_mtf\"><br \/>\n        Passer la publicit\u00e9<br \/>\n    <\/a><\/p>\n<p class=\"fig-paragraph\">Alger a \u00e9mis neuf mandats d\u2019arr\u00eat internationaux \u00e0 son encontre notamment pour escroquerie ou infractions terroristes. La justice fran\u00e7aise a refus\u00e9 son extradition en 2022. Cette proc\u00e9dure judiciaire avait raviv\u00e9 les tensions entre la France et l\u2019Alg\u00e9rie, dont les relations ne cessent de se d\u00e9grader depuis l\u2019\u00e9t\u00e9 2024.<\/p>\n","protected":false},"excerpt":{"rendered":"Le journal Le Monde r\u00e9v\u00e8le qu\u2019un ancien diplomate en poste \u00e0 Paris est soup\u00e7onn\u00e9 d\u2019avoir fait enlever un&hellip;\n","protected":false},"author":2,"featured_media":307588,"comment_status":"","ping_status":"","sticky":false,"template":"","format":"standard","meta":{"footnotes":""},"categories":[4],"tags":[11,15,1011,27,12,25],"class_list":{"0":"post-307587","1":"post","2":"type-post","3":"status-publish","4":"format-standard","5":"has-post-thumbnail","7":"category-france","8":"tag-actualites","9":"tag-algerie","10":"tag-fr","11":"tag-france","12":"tag-news","13":"tag-republique-francaise"},"share_on_mastodon":{"url":"https:\/\/pubeurope.com\/@fr\/114999546621402145","error":""},"_links":{"self":[{"href":"https:\/\/www.europesays.com\/fr\/wp-json\/wp\/v2\/posts\/307587","targetHints":{"allow":["GET"]}}],"collection":[{"href":"https:\/\/www.europesays.com\/fr\/wp-json\/wp\/v2\/posts"}],"about":[{"href":"https:\/\/www.europesays.com\/fr\/wp-json\/wp\/v2\/types\/post"}],"author":[{"embeddable":true,"href":"https:\/\/www.europesays.com\/fr\/wp-json\/wp\/v2\/users\/2"}],"replies":[{"embeddable":true,"href":"https:\/\/www.europesays.com\/fr\/wp-json\/wp\/v2\/comments?post=307587"}],"version-history":[{"count":0,"href":"https:\/\/www.europesays.com\/fr\/wp-json\/wp\/v2\/posts\/307587\/revisions"}],"wp:featuredmedia":[{"embeddable":true,"href":"https:\/\/www.europesays.com\/fr\/wp-json\/wp\/v2\/media\/307588"}],"wp:attachment":[{"href":"https:\/\/www.europesays.com\/fr\/wp-json\/wp\/v2\/media?parent=307587"}],"wp:term":[{"taxonomy":"category","embeddable":true,"href":"https:\/\/www.europesays.com\/fr\/wp-json\/wp\/v2\/categories?post=307587"},{"taxonomy":"post_tag","embeddable":true,"href":"https:\/\/www.europesays.com\/fr\/wp-json\/wp\/v2\/tags?post=307587"}],"curies":[{"name":"wp","href":"https:\/\/api.w.org\/{rel}","templated":true}]}}