{"id":307595,"date":"2025-08-09T15:39:10","date_gmt":"2025-08-09T15:39:10","guid":{"rendered":"https:\/\/www.europesays.com\/fr\/307595\/"},"modified":"2025-08-09T15:39:10","modified_gmt":"2025-08-09T15:39:10","slug":"neuves-maisons-periple-vers-le-centre-de-la-terre-a-la-mine-de-neuves-maisons","status":"publish","type":"post","link":"https:\/\/www.europesays.com\/fr\/307595\/","title":{"rendered":"Neuves-Maisons. P\u00e9riple vers le centre de la terre \u00e0 la mine de Neuves-Maisons"},"content":{"rendered":"<p>Aux alentours de Nancy, peu de lieux sont consacr\u00e9s \u00e0 l\u2019h\u00e9ritage ouvrier, et pourtant, la r\u00e9gion fut autrefois un bastion industriel strat\u00e9gique pour le pays. L\u2019association de la mine de Neuves-Maisons organise quotidiennement des <a href=\"https:\/\/www.estrepublicain.fr\/culture-loisirs\/2025\/02\/17\/mine-de-neuves-maisons-une-immersion-dans-le-quotidien-des-mineurs\" target=\"_blank\" rel=\"noopener\">visites guid\u00e9es de l\u2019ancienne exploitation<\/a>. Une occasion de revenir sur les conditions de travail de nos a\u00efeuls et plus largement, sur le patrimoine \u00e9conomique du XIX et XXe\u00a0si\u00e8cle.<\/p>\n<p>  400\u00a0km de souterrain<\/p>\n<p>Pas d\u2019inqui\u00e9tude, la visite ne comprend qu\u2019un seul kilom\u00e8tre. En revanche, il est n\u00e9cessaire de s\u2019\u00e9quiper d\u2019un casque et d\u2019un pull. Le premier va de soi dans une galerie o\u00f9 la hauteur sous plafond peut descendre jusqu\u2019\u00e0 1m60, mais le second intrigue, surtout en p\u00e9riode estivale. Cela s\u2019explique par le fait que la temp\u00e9rature du tunnel ici, avoisine les 10 degr\u00e9s. Une visite qui peut finalement se transformer en solution pour faire face \u00e0 la canicule.<\/p>\n<p>Par petits groupes d\u2019environ dix personnes, l\u2019exploration commence par le couloir principal dans lequel les chevaux ramenaient les chariots de fer pesant pr\u00e8s d\u2019une tonne. Il faut dire qu\u2019\u00e0 la fin du XIX si\u00e8cle, le progr\u00e8s technique n\u2019\u00e9tait pas celui d\u2019aujourd\u2019hui. Les premiers mineurs s\u2019\u00e9clairaient avec des lampes \u00e0 huile dont le champ de vision ne d\u00e9passait pas les 50 centim\u00e8tres. Le travail se faisait alors dans la peine ombre. Difficile d\u2019imaginer cela en 2025.<\/p>\n<p><a href=\"https:\/\/www.estrepublicain.fr\/economie\/2021\/10\/17\/ce-que-gustave-eiffel-doit-a-la-lorraine-du-fer\" target=\"_blank\" rel=\"noopener\">Le fer de cette mine a \u00e9galement permis la construction de la Tour Eiffel<\/a>. Vous avez donc l\u2019autorisation de l\u2019appeler Dame de fer lorrain, et par extension, affirmer que tous les m\u00e9daill\u00e9s des Jeux olympiques de Paris sont repartis avec un petit bout de Lorraine entre les mains.<\/p>\n<p>Ce contenu est bloqu\u00e9 car vous n&rsquo;avez pas accept\u00e9 les cookies et autres traceurs.<\/p>\n<p>En cliquant sur \u00ab J\u2019accepte \u00bb, les cookies et autres traceurs seront d\u00e9pos\u00e9s et vous pourrez visualiser les contenus  (<a href=\"\" class=\"consentModule_policy\" target=\"_blank\" title=\"Consulter la politique de protection des donn\u00e9es du fournisseur\">plus d&rsquo;informations<\/a>).<\/p>\n<p>En cliquant sur \u00ab J\u2019accepte tous les cookies \u00bb, vous autorisez des d\u00e9p\u00f4ts de cookies et autres traceurs pour le stockage de vos donn\u00e9es sur nos sites et applications \u00e0 des fins de personnalisation et de ciblage publicitaire.<\/p>\n<p class=\"consentModule_secondaryText\">Vous gardez la possibilit\u00e9 de retirer votre consentement \u00e0 tout moment en consultant notre <a href=\"https:\/\/www.estrepublicain.fr\/protection-des-donnees\" target=\"_blank\" title=\"Consulter notre politique de protection des donn\u00e9es\" rel=\"noopener\">politique de protection des donn\u00e9es<\/a>. <br \/>&#13;<br \/>\n            <a href=\"https:\/\/www.estrepublicain.fr\/culture-loisirs\/2025\/08\/09\/javascript:Didomi.notice.show()\" class=\"consentModule_cmp\" target=\"_blank\" rel=\"noopener\">G\u00e9rer mes choix<\/a>&#13;\n        <\/p>\n<p>&#13;<br \/>\n                        J&rsquo;accepte&#13;<br \/>\n            J&rsquo;accepte tous les cookies&#13;\n        <\/p>\n<p>  Nouveaut\u00e9s et programme<\/p>\n<p>Depuis le d\u00e9but de l\u2019\u00e9t\u00e9, la visite des mines a \u00e9t\u00e9 compl\u00e9t\u00e9e par un parc sid\u00e9rurgique accompagn\u00e9 d\u2019un guide audio. Chaque objet li\u00e9 aux <a href=\"https:\/\/www.estrepublicain.fr\/culture-loisirs\/2025\/02\/16\/le-zublin-bientot-accessible-au-public\" target=\"_blank\" rel=\"noopener\">m\u00e9tiers miniers<\/a> fait l\u2019objet d\u2019une explication mais aussi d\u2019une anecdote par un ancien ouvrier de la mine. Cette id\u00e9e a \u00e9t\u00e9 imagin\u00e9e par Aur\u00e9lia Dohr, membre de l\u2019association. \u00ab\u00a0Quand je les entendais parler de leurs souvenirs de la mine, je me suis dit que c\u2019\u00e9tait \u00e7a qu\u2019il fallait faire d\u00e9couvrir au public\u00a0\u00bb a-t-elle confi\u00e9.<\/p>\n<p>Deux marches sont organis\u00e9es ce 18 et 22\u00a0ao\u00fbt. La premi\u00e8re permettra de visiter les ponts et passerelles qui, \u00e0 l\u2019\u00e9poque, facilitaient l\u2019acheminement des minerais. La seconde retracera les pas des mineurs lorsque ces derniers se r\u00e9unissaient pour la pause de nuit. Des rendez-vous \u00e0 ne pas manquer.<\/p>\n","protected":false},"excerpt":{"rendered":"Aux alentours de Nancy, peu de lieux sont consacr\u00e9s \u00e0 l\u2019h\u00e9ritage ouvrier, et pourtant, la r\u00e9gion fut autrefois&hellip;\n","protected":false},"author":2,"featured_media":307596,"comment_status":"","ping_status":"","sticky":false,"template":"","format":"standard","meta":{"footnotes":""},"categories":[9635],"tags":[1111,11,7782,9848,1687,33,1704,1777,674,1011,27,775,693,1702,9847,12,2661,25],"class_list":{"0":"post-307595","1":"post","2":"type-post","3":"status-publish","4":"format-standard","5":"has-post-thumbnail","7":"category-nancy","8":"tag-actu","9":"tag-actualites","10":"tag-balades-et-randonnees","11":"tag-cc-moselle-et-madon-54b","12":"tag-culture-loisirs","13":"tag-economie","14":"tag-edition-nancy-et-agglomeration","15":"tag-eu","16":"tag-europe","17":"tag-fr","18":"tag-france","19":"tag-grand-est","20":"tag-industrie","21":"tag-nancy","22":"tag-neuves-maisons","23":"tag-news","24":"tag-patrimoine-culturel","25":"tag-republique-francaise"},"share_on_mastodon":{"url":"https:\/\/pubeurope.com\/@fr\/114999562291795240","error":""},"_links":{"self":[{"href":"https:\/\/www.europesays.com\/fr\/wp-json\/wp\/v2\/posts\/307595","targetHints":{"allow":["GET"]}}],"collection":[{"href":"https:\/\/www.europesays.com\/fr\/wp-json\/wp\/v2\/posts"}],"about":[{"href":"https:\/\/www.europesays.com\/fr\/wp-json\/wp\/v2\/types\/post"}],"author":[{"embeddable":true,"href":"https:\/\/www.europesays.com\/fr\/wp-json\/wp\/v2\/users\/2"}],"replies":[{"embeddable":true,"href":"https:\/\/www.europesays.com\/fr\/wp-json\/wp\/v2\/comments?post=307595"}],"version-history":[{"count":0,"href":"https:\/\/www.europesays.com\/fr\/wp-json\/wp\/v2\/posts\/307595\/revisions"}],"wp:featuredmedia":[{"embeddable":true,"href":"https:\/\/www.europesays.com\/fr\/wp-json\/wp\/v2\/media\/307596"}],"wp:attachment":[{"href":"https:\/\/www.europesays.com\/fr\/wp-json\/wp\/v2\/media?parent=307595"}],"wp:term":[{"taxonomy":"category","embeddable":true,"href":"https:\/\/www.europesays.com\/fr\/wp-json\/wp\/v2\/categories?post=307595"},{"taxonomy":"post_tag","embeddable":true,"href":"https:\/\/www.europesays.com\/fr\/wp-json\/wp\/v2\/tags?post=307595"}],"curies":[{"name":"wp","href":"https:\/\/api.w.org\/{rel}","templated":true}]}}