{"id":307599,"date":"2025-08-09T15:42:11","date_gmt":"2025-08-09T15:42:11","guid":{"rendered":"https:\/\/www.europesays.com\/fr\/307599\/"},"modified":"2025-08-09T15:42:11","modified_gmt":"2025-08-09T15:42:11","slug":"toulon-sur-le-point-de-soffrir-la-pepite-baptiste-jauneau","status":"publish","type":"post","link":"https:\/\/www.europesays.com\/fr\/307599\/","title":{"rendered":"Toulon sur le point de s&rsquo;offrir la p\u00e9pite Baptiste Jauneau"},"content":{"rendered":"<p><strong>Le jeune demi de m\u00eal\u00e9e, en fin de contrat avec Clermont, suscite l\u2019int\u00e9r\u00eat de plusieurs clubs, avec le RCT en pole position.<\/strong><\/p>\n<p>Le march\u00e9 des transferts rugbystiques s\u2019emballe autour de Baptiste Jauneau. Le talentueux demi de m\u00eal\u00e9e de 21 ans, actuellement sous les couleurs de Clermont, voit son contrat arriver \u00e0 \u00e9ch\u00e9ance \u00e0 l\u2019\u00e9t\u00e9 prochain. Plusieurs clubs du Top 14, dont Toulon, auraient d\u00e9j\u00e0 manifest\u00e9 leur int\u00e9r\u00eat pour s\u2019attacher ses services.<\/p>\n<p>Apr\u00e8s une saison remarquable sous le maillot jaune et bleu, Jauneau a confirm\u00e9 son potentiel lors de la derni\u00e8re tourn\u00e9e des Bleus en Nouvelle-Z\u00e9lande, o\u00f9 il a honor\u00e9 ses premi\u00e8res s\u00e9lections en \u00e9quipe de France. Son exploit face au Stade Fran\u00e7ais, o\u00f9 il a contribu\u00e9 \u00e0 six des sept essais de son \u00e9quipe, a d\u00e9finitivement scell\u00e9 sa r\u00e9putation.<\/p>\n<p>Toulon, qui a d\u00e9j\u00e0 renforc\u00e9 son effectif avec des recrues de prestige comme Zach Mercer, semble d\u00e9termin\u00e9 \u00e0 mettre la main sur ce jeune prodige. Selon des sources bien inform\u00e9es, le RCT aurait propos\u00e9 une offre substantielle, bien sup\u00e9rieure \u00e0 celle de Clermont, qui tente pourtant de le retenir. Le club varois envisagerait m\u00eame d\u2019en faire son titulaire indiscutable au poste de num\u00e9ro 9.<\/p>\n<p>La concurrence reste cependant f\u00e9roce. Bordeaux-B\u00e8gles et Pau, son club formateur, surveillent attentivement la situation. Son statut de Joueur Issu des Fili\u00e8res de Formation (JIFF) ajoute encore \u00e0 sa valeur sur le march\u00e9.<\/p>\n<p>Dans l\u2019hypoth\u00e8se o\u00f9 Jauneau rejoindrait Toulon, la question de l\u2019avenir de Baptiste Serin se poserait in\u00e9vitablement. Le demi de m\u00eal\u00e9 exp\u00e9riment\u00e9, sous contrat jusqu\u2019en 2026, pourrait alors \u00eatre courtis\u00e9 par Montpellier ou m\u00eame Clermont en cas de d\u00e9part de Jauneau. Une affaire \u00e0 suivre de pr\u00e8s dans les prochaines semaines.<\/p>\n","protected":false},"excerpt":{"rendered":"Le jeune demi de m\u00eal\u00e9e, en fin de contrat avec Clermont, suscite l\u2019int\u00e9r\u00eat de plusieurs clubs, avec le&hellip;\n","protected":false},"author":2,"featured_media":307600,"comment_status":"","ping_status":"","sticky":false,"template":"","format":"standard","meta":{"footnotes":""},"categories":[9619],"tags":[1111,11,1777,674,1011,27,12,882,25,2310],"class_list":{"0":"post-307599","1":"post","2":"type-post","3":"status-publish","4":"format-standard","5":"has-post-thumbnail","7":"category-toulon","8":"tag-actu","9":"tag-actualites","10":"tag-eu","11":"tag-europe","12":"tag-fr","13":"tag-france","14":"tag-news","15":"tag-provence-alpes-cote-dazur","16":"tag-republique-francaise","17":"tag-toulon"},"share_on_mastodon":{"url":"https:\/\/pubeurope.com\/@fr\/114999574076242556","error":""},"_links":{"self":[{"href":"https:\/\/www.europesays.com\/fr\/wp-json\/wp\/v2\/posts\/307599","targetHints":{"allow":["GET"]}}],"collection":[{"href":"https:\/\/www.europesays.com\/fr\/wp-json\/wp\/v2\/posts"}],"about":[{"href":"https:\/\/www.europesays.com\/fr\/wp-json\/wp\/v2\/types\/post"}],"author":[{"embeddable":true,"href":"https:\/\/www.europesays.com\/fr\/wp-json\/wp\/v2\/users\/2"}],"replies":[{"embeddable":true,"href":"https:\/\/www.europesays.com\/fr\/wp-json\/wp\/v2\/comments?post=307599"}],"version-history":[{"count":0,"href":"https:\/\/www.europesays.com\/fr\/wp-json\/wp\/v2\/posts\/307599\/revisions"}],"wp:featuredmedia":[{"embeddable":true,"href":"https:\/\/www.europesays.com\/fr\/wp-json\/wp\/v2\/media\/307600"}],"wp:attachment":[{"href":"https:\/\/www.europesays.com\/fr\/wp-json\/wp\/v2\/media?parent=307599"}],"wp:term":[{"taxonomy":"category","embeddable":true,"href":"https:\/\/www.europesays.com\/fr\/wp-json\/wp\/v2\/categories?post=307599"},{"taxonomy":"post_tag","embeddable":true,"href":"https:\/\/www.europesays.com\/fr\/wp-json\/wp\/v2\/tags?post=307599"}],"curies":[{"name":"wp","href":"https:\/\/api.w.org\/{rel}","templated":true}]}}