{"id":307605,"date":"2025-08-09T15:45:10","date_gmt":"2025-08-09T15:45:10","guid":{"rendered":"https:\/\/www.europesays.com\/fr\/307605\/"},"modified":"2025-08-09T15:45:10","modified_gmt":"2025-08-09T15:45:10","slug":"ce-van-itinerant-sensibilise-les-habitants-du-pays-de-bray","status":"publish","type":"post","link":"https:\/\/www.europesays.com\/fr\/307605\/","title":{"rendered":"ce van itin\u00e9rant sensibilise les habitants du Pays de Bray"},"content":{"rendered":"<p>            Par<br \/>\n        <strong><br \/>\n            <a href=\"https:\/\/actu.fr\/auteur\/manon-leyan\" title=\"Consulter tous les articles de Manon Le Yan\" target=\"_blank\" rel=\"noopener\">Manon Le Yan<\/a><br \/>\n        <\/strong><\/p>\n<p>        Publi\u00e9 le<\/p>\n<p>            9 ao\u00fbt 2025 \u00e0 17h18        <\/p>\n<p><b>Vie de couple<\/b>,<b> relations femmes-hommes<\/b>, <b>violences conjugales<\/b>, <b>intrafamiliales<\/b>, <b>sexuelles<\/b>, <b>\u00e9galit\u00e9<\/b>, <b>droits<\/b> sont les th\u00e9matiques abord\u00e9es par le <b>van itin\u00e9rant<\/b> \u00ab\u2009En voiture Nina et Simon.e.s\u2009\u00bb.<\/p>\n<p class=\" wall-content\">Pendant tout le mois d\u2019<b>ao\u00fbt\u00a02025<\/b>, il sillonne la <b>Seine-Maritime<\/b> et s\u2019arr\u00eatera en <a href=\"https:\/\/actu.fr\/tag\/pays-de-bray\" target=\"_blank\" rel=\"noopener\">Pays de Bray<\/a>. Deux dates sont pr\u00e9vues, l\u2019une \u00e0 <a href=\"https:\/\/actu.fr\/normandie\/forges-les-eaux_76276\" target=\"_blank\" rel=\"noopener\">Forges-les-Eaux<\/a>, l\u2019autre \u00e0 <a href=\"https:\/\/actu.fr\/normandie\/gournay-en-bray_76312\" target=\"_blank\" rel=\"noopener\">Gournay-en-Bray<\/a>.<\/p>\n<p class=\" wall-content\">Ce dispositif d\u2019<b>\u00e9coute<\/b> a \u00e9t\u00e9 mis en place dans le d\u00e9partement d\u00e9but 2025 par le <b>CIDFF <\/b>(Centre d\u2019Information sur les Droits des Femmes et des Familles).<\/p>\n<p>\u00c9couter, informer, sensibiliser aux droits des femmes et des familles<\/p>\n<p class=\" wall-content\">Le CIDFF est une association pr\u00e9sente sur tous les d\u00e9partements fran\u00e7ais. \u00ab\u2009En voiture Nina et Simon.e.s\u2009\u00bb, c\u2019est un v\u00e9hicule qui sillonne les routes pour aller \u00e0 la rencontre des <b>femmes<\/b>, des <b>familles<\/b> qui souhaitent<b> \u00e9changer<\/b>, <b>parler <\/b>ou simplement<b> s\u2019informer<\/b> sur leurs droits.<\/p>\n<p>    <a href=\"https:\/\/www.facebook.com\/plugins\/post.php?href=https%3A%2F%2Fwww.facebook.com%2Fcidff76%2Fposts%2Fpfbid0mA9eh9d8diE62h5NE5cPZGN5pkCWK6QHhpQbK7xAQ1sZ3aACqM4ircUBCFSWMe4hl&amp;show_text=true&amp;width=350\" title=\"Ouvrie le lien\" target=\"_blank\" rel=\"noopener\">Cliquez ici pour visualiser le contenu<\/a><\/p>\n<p class=\" wall-content\">Le nom de cette initiative fait r\u00e9f\u00e9rence \u00e0 plusieurs femmes connues pour leurs <b>engagements<\/b>\u2009: Nina Simone, Simone de Beauvoir, Simone Veil et notamment Simone Louise des Forest, une des premi\u00e8res pilotes automobile fran\u00e7aise, \u00e0 qui on doit l\u2019expression \u00ab\u2009en voiture Simone\u2009\u00bb.<\/p>\n<p>Vid\u00e9os : en ce moment sur Actu<\/p>\n<p class=\" wall-content\">\u00ab\u2009L\u2019objectif de ce dispositif est d\u2019<b>informer <\/b>et faire de la <b>pr\u00e9vention<\/b> sur plusieurs th\u00e9matiques comme\u2009: la vie de couple, les relations femmes-hommes, les violences sexuelles, conjugales et intrafamiliales ou encore les <b>st\u00e9r\u00e9otypes de genre\u2009<\/b>\u00bb, explique Camille Declercq, conseill\u00e8re sociale au CIDFF 76.<\/p>\n<p class=\" wall-content\">\u00ab\u2009L\u2019id\u00e9e est d\u2019utiliser des <b>outils ludiques<\/b> comme une roue, des jeux de cartes ou des informations \u00e0 lire\u2009\u00bb, d\u00e9taille Camille Declercq.<\/p>\n<p>Les dates \u00e0 retenir en Pays de Bray<\/p>\n<p>Tous les mois, le CIDFF Seine-Maritime publie son planning sur ses r\u00e9seaux sociaux\u2009: Facebook et Instagram.<br \/>&#13;<br \/>\nVoici les dates \u00e0 retenir pour le mois d\u2019ao\u00fbt\u00a02025 en Pays de Bray.<br \/>&#13;<br \/>\n-Jeudi 14 ao\u00fbt \u00e0 Forges-les-Eaux au lac de l\u2019Andelle, de 10\u2009h \u00e0 13\u2009h.<br \/>&#13;<br \/>\n-Mardi 26 ao\u00fbt \u00e0 Gournay-en-Bray, sur le march\u00e9 de 8\u2009h\u200930 \u00e0 12\u2009h, aux Restos du C\u0153ur de 14\u2009h \u00e0 16\u2009h\u200930.<br \/>&#13;<br \/>\n-Jeudi 28 ao\u00fbt \u00e0 Saint-Sa\u00ebns, sur le march\u00e9 de 8\u2009h\u200930 \u00e0 12\u2009h.<br \/>&#13;<br \/>\n-Vendredi 29 ao\u00fbt \u00e0 Neufch\u00e2tel-en-Bray, aux Restos du C\u0153ur de 14\u2009h \u00e0 16\u2009h\u200930.<\/p>\n<p class=\" wall-content\">Le dispositif est <b>gratuit<\/b>, <b>anonyme<\/b> et<b> sans rendez-vous<\/b>. \u00ab\u2009Pour plus de <b>confidentialit\u00e9<\/b>, il est possible de s\u2019isoler dans le van pour \u00e9changer\u2009\u00bb, pr\u00e9cise la conseill\u00e8re sociale.<\/p>\n<p>R\u00e9orientation et bienveillance<\/p>\n<p class=\" wall-content\">Selon la situation des personnes concern\u00e9es, Camille Declercq les r\u00e9oriente vers des personnes aux comp\u00e9tences requises comme un <b>juriste<\/b> ou un<b> psychologue <\/b>du CIDFF ou vers des partenaires locaux comme le <b>planning familial<\/b>, les <b>centres sociaux<\/b>, le <b>centre m\u00e9dico-social<\/b>.<\/p>\n<blockquote class=\"ac-article-quote wall-content\">\n<p>Nous sommes l\u00e0 pour discuter, \u00e9couter, \u00e9changer sans jugement et avec bienveillance.<\/p>\n<p>Camille Declercq<\/p><\/blockquote>\n<p class=\" wall-content\">Pour cette premi\u00e8re ann\u00e9e de test, le van cible deux territoires\u2009: le Pays de Bray et les quartiers prioritaires de la m\u00e9tropole de Rouen.<\/p>\n<p class=\" wall-content\">Suivez toute l\u2019actualit\u00e9 de vos villes et m\u00e9dias favoris en vous inscrivant \u00e0 <a href=\"https:\/\/moncompte.actu.fr\" title=\"D\u00e9couvez Mon Actu\" rel=\"nofollow noopener\" data-trk=\"{&quot;cta&quot;:{&quot;action&quot;:&quot;https:\\\/\\\/moncompte.actu.fr&quot;,&quot;category&quot;:&quot;mon compte&quot;,&quot;from&quot;:&quot;article footer&quot;,&quot;name&quot;:&quot;Mon actu&quot;,&quot;type&quot;:&quot;cta&quot;}}\" target=\"_blank\">Mon Actu<\/a>.<\/p>\n","protected":false},"excerpt":{"rendered":"Par Manon Le Yan Publi\u00e9 le 9 ao\u00fbt 2025 \u00e0 17h18 Vie de couple, relations femmes-hommes, violences conjugales,&hellip;\n","protected":false},"author":2,"featured_media":307606,"comment_status":"","ping_status":"","sticky":false,"template":"","format":"standard","meta":{"footnotes":""},"categories":[9587],"tags":[1111,11,6121,1777,674,1011,27,12,5161,10175,25,9590,104,798],"class_list":{"0":"post-307605","1":"post","2":"type-post","3":"status-publish","4":"format-standard","5":"has-post-thumbnail","7":"category-rouen","8":"tag-actu","9":"tag-actualites","10":"tag-droits-des-femmes","11":"tag-eu","12":"tag-europe","13":"tag-fr","14":"tag-france","15":"tag-news","16":"tag-normandie","17":"tag-pays-de-bray","18":"tag-republique-francaise","19":"tag-rouen","20":"tag-societe","21":"tag-violences-conjugales"},"share_on_mastodon":{"url":"https:\/\/pubeurope.com\/@fr\/114999585862288681","error":""},"_links":{"self":[{"href":"https:\/\/www.europesays.com\/fr\/wp-json\/wp\/v2\/posts\/307605","targetHints":{"allow":["GET"]}}],"collection":[{"href":"https:\/\/www.europesays.com\/fr\/wp-json\/wp\/v2\/posts"}],"about":[{"href":"https:\/\/www.europesays.com\/fr\/wp-json\/wp\/v2\/types\/post"}],"author":[{"embeddable":true,"href":"https:\/\/www.europesays.com\/fr\/wp-json\/wp\/v2\/users\/2"}],"replies":[{"embeddable":true,"href":"https:\/\/www.europesays.com\/fr\/wp-json\/wp\/v2\/comments?post=307605"}],"version-history":[{"count":0,"href":"https:\/\/www.europesays.com\/fr\/wp-json\/wp\/v2\/posts\/307605\/revisions"}],"wp:featuredmedia":[{"embeddable":true,"href":"https:\/\/www.europesays.com\/fr\/wp-json\/wp\/v2\/media\/307606"}],"wp:attachment":[{"href":"https:\/\/www.europesays.com\/fr\/wp-json\/wp\/v2\/media?parent=307605"}],"wp:term":[{"taxonomy":"category","embeddable":true,"href":"https:\/\/www.europesays.com\/fr\/wp-json\/wp\/v2\/categories?post=307605"},{"taxonomy":"post_tag","embeddable":true,"href":"https:\/\/www.europesays.com\/fr\/wp-json\/wp\/v2\/tags?post=307605"}],"curies":[{"name":"wp","href":"https:\/\/api.w.org\/{rel}","templated":true}]}}